{"id":37215,"date":"1998-01-01T00:00:00","date_gmt":"1998-01-01T00:00:00","guid":{"rendered":"https:\/\/www.deberes.net\/tesis\/sin-categoria\/la-educacion-en-la-tercera-edad-formacion-de-recursos-humanos\/"},"modified":"1998-01-01T00:00:00","modified_gmt":"1998-01-01T00:00:00","slug":"la-educacion-en-la-tercera-edad-formacion-de-recursos-humanos","status":"publish","type":"post","link":"https:\/\/www.deberes.net\/tesis\/ciencias-economicas\/la-educacion-en-la-tercera-edad-formacion-de-recursos-humanos\/","title":{"rendered":"La educacion en la tercera edad. formacion de recursos humanos."},"content":{"rendered":"<h2>Tesis doctoral de <strong> Horacio Alfredo Marin Garcia <\/strong><\/h2>\n<p>Esta tesis sobre la educaci\u00f3n en la tercera edad.  formaci\u00f3n en recursos humanos presenta dos partes fundamentales. En la primera se estudian, los organismos internacionales y los adultos mayores, y los aspectos demogr\u00e1ficos en am\u00e9rica y en chile. Se analizan las pol\u00edticas desarrolladas en chile para atender al adulto mayor. Se tiene en cuenta no solo la funci\u00f3n estatal, sino tambi\u00e9n los esfuerzos realizados por el sistema educativo, especialmente por las universidades, as\u00ed como las municipalidades y las organizaciones no gubernamentales. Para la investigaci\u00f3n imp\u00edrica se ha desarrollado un cuestionario del que se ha obtenido la validez y fiabilidad y que se ha aplicado a una muestra representativa de la poblaci\u00f3n de santiago. El cuestionario presenta unas dimensiones fundamentales:  biol\u00f3gica y de la salud, socioecon\u00f3mica, educacional, psicolog\u00eda, sexual, la vivienda, recreacional, familiar, filos\u00f3fica y religiosa. Se ha contrastado la situaci\u00f3n real en estas dimensiones con la deseable. Se ha contado con la opini\u00f3n no solo de los interesados sino adem\u00e1s de todos los expertos y autoridades. Tras las conclusiones se trazan las recomendaciones para una eficaz formaci\u00f3n de los recursos humanos en este campo.<\/p>\n<p>&nbsp;<\/p>\n<h3>Datos acad\u00e9micos de la tesis doctoral \u00ab<strong>La educacion en la tercera edad. formacion de recursos humanos.<\/strong>\u00ab<\/h3>\n<ul>\n<li><strong>T\u00edtulo de la tesis:<\/strong>\u00a0 La educacion en la tercera edad. formacion de recursos humanos. <\/li>\n<li><strong>Autor:<\/strong>\u00a0 Horacio Alfredo Marin Garcia <\/li>\n<li><strong>Universidad:<\/strong>\u00a0 Nacional de educaci\u00f3n a distancia<\/li>\n<li><strong>Fecha de lectura de la tesis:<\/strong>\u00a0 01\/01\/1998<\/li>\n<\/ul>\n<p>&nbsp;<\/p>\n<h3>Direcci\u00f3n y tribunal<\/h3>\n<ul>\n<li><strong>Director de la tesis<\/strong>\n<ul>\n<li>Gloria Perez Serrano<\/li>\n<\/ul>\n<\/li>\n<li><strong>Tribunal<\/strong>\n<ul>\n<li>Presidente del tribunal: Emilio Lopez-barajas Zayas <\/li>\n<li>Mar\u00eda  Rosario Lim\u00f3n Mendiz\u00e1bal (vocal)<\/li>\n<li>Ricardo Iba\u00f1ez Marin (vocal)<\/li>\n<li>Salvador Peir\u00f3 Gregori (vocal)<\/li>\n<\/ul>\n<\/li>\n<\/ul>\n<p>&nbsp;<\/p>\n","protected":false},"excerpt":{"rendered":"<p>Tesis doctoral de Horacio Alfredo Marin Garcia Esta tesis sobre la educaci\u00f3n en la tercera edad. formaci\u00f3n en recursos humanos [&hellip;]<\/p>\n","protected":false},"author":1,"featured_media":0,"comment_status":"open","ping_status":"open","sticky":false,"template":"","format":"standard","meta":{"site-sidebar-layout":"default","site-content-layout":"","ast-site-content-layout":"","site-content-style":"default","site-sidebar-style":"default","ast-global-header-display":"","ast-banner-title-visibility":"","ast-main-header-display":"","ast-hfb-above-header-display":"","ast-hfb-below-header-display":"","ast-hfb-mobile-header-display":"","site-post-title":"","ast-breadcrumbs-content":"","ast-featured-img":"","footer-sml-layout":"","theme-transparent-header-meta":"","adv-header-id-meta":"","stick-header-meta":"","header-above-stick-meta":"","header-main-stick-meta":"","header-below-stick-meta":"","astra-migrate-meta-layouts":"default","ast-page-background-enabled":"default","ast-page-background-meta":{"desktop":{"background-color":"var(--ast-global-color-4)","background-image":"","background-repeat":"repeat","background-position":"center center","background-size":"auto","background-attachment":"scroll","background-type":"","background-media":"","overlay-type":"","overlay-color":"","overlay-gradient":""},"tablet":{"background-color":"","background-image":"","background-repeat":"repeat","background-position":"center center","background-size":"auto","background-attachment":"scroll","background-type":"","background-media":"","overlay-type":"","overlay-color":"","overlay-gradient":""},"mobile":{"background-color":"","background-image":"","background-repeat":"repeat","background-position":"center center","background-size":"auto","background-attachment":"scroll","background-type":"","background-media":"","overlay-type":"","overlay-color":"","overlay-gradient":""}},"ast-content-background-meta":{"desktop":{"background-color":"var(--ast-global-color-5)","background-image":"","background-repeat":"repeat","background-position":"center center","background-size":"auto","background-attachment":"scroll","background-type":"","background-media":"","overlay-type":"","overlay-color":"","overlay-gradient":""},"tablet":{"background-color":"var(--ast-global-color-5)","background-image":"","background-repeat":"repeat","background-position":"center center","background-size":"auto","background-attachment":"scroll","background-type":"","background-media":"","overlay-type":"","overlay-color":"","overlay-gradient":""},"mobile":{"background-color":"var(--ast-global-color-5)","background-image":"","background-repeat":"repeat","background-position":"center center","background-size":"auto","background-attachment":"scroll","background-type":"","background-media":"","overlay-type":"","overlay-color":"","overlay-gradient":""}},"footnotes":""},"categories":[82,13042,7570,17070,1302,1184,1141],"tags":[31476,2628,97800,18400,5843,17406],"class_list":["post-37215","post","type-post","status-publish","format-standard","hentry","category-ciencias-economicas","category-educacion-de-adultos","category-gestion-de-recursos-humanos","category-nacional-de-educacion-a-distancia","category-organizacion-y-gestion-de-empresas","category-organizacion-y-planificacion-de-la-educacion","category-pedagogia","tag-emilio-lopez-barajas-zayas","tag-gloria-perez-serrano","tag-horacio-alfredo-marin-garcia","tag-maria-rosario-limon-mendizabal","tag-ricardo-ibanez-marin","tag-salvador-peiro-gregori"],"_links":{"self":[{"href":"https:\/\/www.deberes.net\/tesis\/wp-json\/wp\/v2\/posts\/37215","targetHints":{"allow":["GET"]}}],"collection":[{"href":"https:\/\/www.deberes.net\/tesis\/wp-json\/wp\/v2\/posts"}],"about":[{"href":"https:\/\/www.deberes.net\/tesis\/wp-json\/wp\/v2\/types\/post"}],"author":[{"embeddable":true,"href":"https:\/\/www.deberes.net\/tesis\/wp-json\/wp\/v2\/users\/1"}],"replies":[{"embeddable":true,"href":"https:\/\/www.deberes.net\/tesis\/wp-json\/wp\/v2\/comments?post=37215"}],"version-history":[{"count":0,"href":"https:\/\/www.deberes.net\/tesis\/wp-json\/wp\/v2\/posts\/37215\/revisions"}],"wp:attachment":[{"href":"https:\/\/www.deberes.net\/tesis\/wp-json\/wp\/v2\/media?parent=37215"}],"wp:term":[{"taxonomy":"category","embeddable":true,"href":"https:\/\/www.deberes.net\/tesis\/wp-json\/wp\/v2\/categories?post=37215"},{"taxonomy":"post_tag","embeddable":true,"href":"https:\/\/www.deberes.net\/tesis\/wp-json\/wp\/v2\/tags?post=37215"}],"curies":[{"name":"wp","href":"https:\/\/api.w.org\/{rel}","templated":true}]}}