{"id":37228,"date":"1998-01-01T00:00:00","date_gmt":"1998-01-01T00:00:00","guid":{"rendered":"https:\/\/www.deberes.net\/tesis\/sin-categoria\/tarrega-de-villa-a-ciudad-1875-1923\/"},"modified":"1998-01-01T00:00:00","modified_gmt":"1998-01-01T00:00:00","slug":"tarrega-de-villa-a-ciudad-1875-1923","status":"publish","type":"post","link":"https:\/\/www.deberes.net\/tesis\/historia\/tarrega-de-villa-a-ciudad-1875-1923\/","title":{"rendered":"Tarrega: de villa a ciudad (1875-1923)."},"content":{"rendered":"<h2>Tesis doctoral de <strong> Joan Novell Balaguero <\/strong><\/h2>\n<p>\u00abt\u00e1rrega: de villa a ciudad (1875-1923)\u00bb es un trabajo de investigaci\u00f3n hist\u00f3rica de una peque\u00f1a localidad de la provincia de l\u00e9rida, actualmente capital de la comarca de urgel. Su situaci\u00f3n geogr\u00e1fica y sus propias particularidades la configuraron como un n\u00facleo esencialmente agr\u00edcola, pero con una incipiente vocaci\u00f3n comercial. Su mercado semanal, de tradici\u00f3n centenaria, favoreci\u00f3 el progresivo establecimiento de talleres, tiendas y algunos servicios financieros, jur\u00eddicos, sanitarios y farmac\u00e9uticos para satisfacer las necesidades b\u00e1sicas de medio centenar de pueblos rurales de su entorno m\u00e1s pr\u00f3ximo. Esta fue la trayectoria de muchos de sus habitantes hasta los primeros a\u00f1os del siglo xx. A partir de este momento, la joven generaci\u00f3n finisecular inici\u00f3 una progresiva transformaci\u00f3n de sus estructuras productiva, comercial y social con el objetivo de integrar la ciudad en la compleja aventura modernizadora que estaban impulsando algunas zonas de catalu\u00f1a, en unos momentos hist\u00f3ricos nada f\u00e1ciles y menos placenteros. Las razones que puedan explicar este cambio socioecon\u00f3mico constituye el objetivo fundamental de esta tesis.<\/p>\n<p>&nbsp;<\/p>\n<h3>Datos acad\u00e9micos de la tesis doctoral \u00ab<strong>Tarrega: de villa a ciudad (1875-1923).<\/strong>\u00ab<\/h3>\n<ul>\n<li><strong>T\u00edtulo de la tesis:<\/strong>\u00a0 Tarrega: de villa a ciudad (1875-1923). <\/li>\n<li><strong>Autor:<\/strong>\u00a0 Joan Novell Balaguero <\/li>\n<li><strong>Universidad:<\/strong>\u00a0 Nacional de educaci\u00f3n a distancia<\/li>\n<li><strong>Fecha de lectura de la tesis:<\/strong>\u00a0 01\/01\/1998<\/li>\n<\/ul>\n<p>&nbsp;<\/p>\n<h3>Direcci\u00f3n y tribunal<\/h3>\n<ul>\n<li><strong>Director de la tesis<\/strong>\n<ul>\n<li>Feliciano Montero Garcia<\/li>\n<\/ul>\n<\/li>\n<li><strong>Tribunal<\/strong>\n<ul>\n<li>Presidente del tribunal: Javier Tusell G\u00f3mez <\/li>\n<li>Conchita Mir Cuco (vocal)<\/li>\n<li>Manuel Lladanosa Vall-llebrera (vocal)<\/li>\n<li>Gabriela Ossenbach Sauter (vocal)<\/li>\n<\/ul>\n<\/li>\n<\/ul>\n<p>&nbsp;<\/p>\n","protected":false},"excerpt":{"rendered":"<p>Tesis doctoral de Joan Novell Balaguero \u00abt\u00e1rrega: de villa a ciudad (1875-1923)\u00bb es un trabajo de investigaci\u00f3n hist\u00f3rica de una [&hellip;]<\/p>\n","protected":false},"author":1,"featured_media":0,"comment_status":"open","ping_status":"open","sticky":false,"template":"","format":"standard","meta":{"site-sidebar-layout":"default","site-content-layout":"","ast-site-content-layout":"","site-content-style":"default","site-sidebar-style":"default","ast-global-header-display":"","ast-banner-title-visibility":"","ast-main-header-display":"","ast-hfb-above-header-display":"","ast-hfb-below-header-display":"","ast-hfb-mobile-header-display":"","site-post-title":"","ast-breadcrumbs-content":"","ast-featured-img":"","footer-sml-layout":"","theme-transparent-header-meta":"","adv-header-id-meta":"","stick-header-meta":"","header-above-stick-meta":"","header-main-stick-meta":"","header-below-stick-meta":"","astra-migrate-meta-layouts":"default","ast-page-background-enabled":"default","ast-page-background-meta":{"desktop":{"background-color":"var(--ast-global-color-4)","background-image":"","background-repeat":"repeat","background-position":"center center","background-size":"auto","background-attachment":"scroll","background-type":"","background-media":"","overlay-type":"","overlay-color":"","overlay-gradient":""},"tablet":{"background-color":"","background-image":"","background-repeat":"repeat","background-position":"center center","background-size":"auto","background-attachment":"scroll","background-type":"","background-media":"","overlay-type":"","overlay-color":"","overlay-gradient":""},"mobile":{"background-color":"","background-image":"","background-repeat":"repeat","background-position":"center center","background-size":"auto","background-attachment":"scroll","background-type":"","background-media":"","overlay-type":"","overlay-color":"","overlay-gradient":""}},"ast-content-background-meta":{"desktop":{"background-color":"var(--ast-global-color-5)","background-image":"","background-repeat":"repeat","background-position":"center center","background-size":"auto","background-attachment":"scroll","background-type":"","background-media":"","overlay-type":"","overlay-color":"","overlay-gradient":""},"tablet":{"background-color":"var(--ast-global-color-5)","background-image":"","background-repeat":"repeat","background-position":"center center","background-size":"auto","background-attachment":"scroll","background-type":"","background-media":"","overlay-type":"","overlay-color":"","overlay-gradient":""},"mobile":{"background-color":"var(--ast-global-color-5)","background-image":"","background-repeat":"repeat","background-position":"center center","background-size":"auto","background-attachment":"scroll","background-type":"","background-media":"","overlay-type":"","overlay-color":"","overlay-gradient":""}},"footnotes":""},"categories":[104,353,639,2224,220,17070],"tags":[97825,6390,39507,15559,97824,97826],"class_list":["post-37228","post","type-post","status-publish","format-standard","hentry","category-historia","category-historia-contemporanea-del-area-europea","category-historia-de-paises","category-historia-local","category-historia-por-epocas","category-nacional-de-educacion-a-distancia","tag-conchita-mir-cuco","tag-feliciano-montero-garcia","tag-gabriela-ossenbach-sauter","tag-javier-tusell-gomez","tag-joan-novell-balaguero","tag-manuel-lladanosa-vall-llebrera"],"_links":{"self":[{"href":"https:\/\/www.deberes.net\/tesis\/wp-json\/wp\/v2\/posts\/37228","targetHints":{"allow":["GET"]}}],"collection":[{"href":"https:\/\/www.deberes.net\/tesis\/wp-json\/wp\/v2\/posts"}],"about":[{"href":"https:\/\/www.deberes.net\/tesis\/wp-json\/wp\/v2\/types\/post"}],"author":[{"embeddable":true,"href":"https:\/\/www.deberes.net\/tesis\/wp-json\/wp\/v2\/users\/1"}],"replies":[{"embeddable":true,"href":"https:\/\/www.deberes.net\/tesis\/wp-json\/wp\/v2\/comments?post=37228"}],"version-history":[{"count":0,"href":"https:\/\/www.deberes.net\/tesis\/wp-json\/wp\/v2\/posts\/37228\/revisions"}],"wp:attachment":[{"href":"https:\/\/www.deberes.net\/tesis\/wp-json\/wp\/v2\/media?parent=37228"}],"wp:term":[{"taxonomy":"category","embeddable":true,"href":"https:\/\/www.deberes.net\/tesis\/wp-json\/wp\/v2\/categories?post=37228"},{"taxonomy":"post_tag","embeddable":true,"href":"https:\/\/www.deberes.net\/tesis\/wp-json\/wp\/v2\/tags?post=37228"}],"curies":[{"name":"wp","href":"https:\/\/api.w.org\/{rel}","templated":true}]}}