{"id":37232,"date":"1998-01-01T00:00:00","date_gmt":"1998-01-01T00:00:00","guid":{"rendered":"https:\/\/www.deberes.net\/tesis\/sin-categoria\/aplicacion-y-evaluacion-de-un-programa-de-afrontamiento-de-problemas-emocionales-en-adolescentes\/"},"modified":"1998-01-01T00:00:00","modified_gmt":"1998-01-01T00:00:00","slug":"aplicacion-y-evaluacion-de-un-programa-de-afrontamiento-de-problemas-emocionales-en-adolescentes","status":"publish","type":"post","link":"https:\/\/www.deberes.net\/tesis\/psicologia\/aplicacion-y-evaluacion-de-un-programa-de-afrontamiento-de-problemas-emocionales-en-adolescentes\/","title":{"rendered":"Aplicacion y evaluacion de un programa de afrontamiento de problemas emocionales en adolescentes."},"content":{"rendered":"<h2>Tesis doctoral de <strong> Margarita Olmedo Montes <\/strong><\/h2>\n<p>En la presente tesis doctoral se presenta el trabajo de elaboraci\u00f3n, aplicaci\u00f3n y valoraci\u00f3n de un programa dirigido a la prevenci\u00f3n de la ansiedad y la depresi\u00f3n en la adolescencia. La elaboraci\u00f3n del mencionado proyecto de intervenci\u00f3n se llev\u00f3 a cabo con base en las aportaciones que, bajo el marco te\u00f3rico y pr\u00e1ctico de la psicolog\u00eda cognitivo conductual, han realizado diferentes expertos en la materia, quedando constituido dicho programa por los siguientes m\u00f3dulos: 1) intervenci\u00f3n dirigida al incremento de autoestima; 2) aprendizaje de t\u00e9cnicas de relajaci\u00f3n; 3) aprendizaje de habilidades sociales y 4) soluci\u00f3n de problemas.  el programa fue aplicado en el \u00e1mbito escolar durante el curso 95-96 y su valoraci\u00f3n se realiz\u00f3 mediante un dise\u00f1o cuasi experimental con grupo de control no equivalente.  los resultados analizados ponen de manifiesto el significativo beneficio obtenido mediante tal intervenci\u00f3n, as\u00ed como la conveniencia de atender la problem\u00e1tica emocional en esta etapa de la vida.<\/p>\n<p>&nbsp;<\/p>\n<h3>Datos acad\u00e9micos de la tesis doctoral \u00ab<strong>Aplicacion y evaluacion de un programa de afrontamiento de problemas emocionales en adolescentes.<\/strong>\u00ab<\/h3>\n<ul>\n<li><strong>T\u00edtulo de la tesis:<\/strong>\u00a0 Aplicacion y evaluacion de un programa de afrontamiento de problemas emocionales en adolescentes. <\/li>\n<li><strong>Autor:<\/strong>\u00a0 Margarita Olmedo Montes <\/li>\n<li><strong>Universidad:<\/strong>\u00a0 Nacional de educaci\u00f3n a distancia<\/li>\n<li><strong>Fecha de lectura de la tesis:<\/strong>\u00a0 01\/01\/1998<\/li>\n<\/ul>\n<p>&nbsp;<\/p>\n<h3>Direcci\u00f3n y tribunal<\/h3>\n<ul>\n<li><strong>Director de la tesis<\/strong>\n<ul>\n<li>Mar\u00eda  Victoria Del Barrio G\u00e1ndara<\/li>\n<\/ul>\n<\/li>\n<li><strong>Tribunal<\/strong>\n<ul>\n<li>Presidente del tribunal: Jose Bermudez Moreno <\/li>\n<li>Francisco Morales Dominguez (vocal)<\/li>\n<li>Fernando Silva Moreno (vocal)<\/li>\n<li>Carmen Vizcarro Guarch (vocal)<\/li>\n<\/ul>\n<\/li>\n<\/ul>\n<p>&nbsp;<\/p>\n","protected":false},"excerpt":{"rendered":"<p>Tesis doctoral de Margarita Olmedo Montes En la presente tesis doctoral se presenta el trabajo de elaboraci\u00f3n, aplicaci\u00f3n y valoraci\u00f3n [&hellip;]<\/p>\n","protected":false},"author":1,"featured_media":0,"comment_status":"open","ping_status":"open","sticky":false,"template":"","format":"standard","meta":{"site-sidebar-layout":"default","site-content-layout":"","ast-site-content-layout":"","site-content-style":"default","site-sidebar-style":"default","ast-global-header-display":"","ast-banner-title-visibility":"","ast-main-header-display":"","ast-hfb-above-header-display":"","ast-hfb-below-header-display":"","ast-hfb-mobile-header-display":"","site-post-title":"","ast-breadcrumbs-content":"","ast-featured-img":"","footer-sml-layout":"","theme-transparent-header-meta":"","adv-header-id-meta":"","stick-header-meta":"","header-above-stick-meta":"","header-main-stick-meta":"","header-below-stick-meta":"","astra-migrate-meta-layouts":"default","ast-page-background-enabled":"default","ast-page-background-meta":{"desktop":{"background-color":"var(--ast-global-color-4)","background-image":"","background-repeat":"repeat","background-position":"center center","background-size":"auto","background-attachment":"scroll","background-type":"","background-media":"","overlay-type":"","overlay-color":"","overlay-gradient":""},"tablet":{"background-color":"","background-image":"","background-repeat":"repeat","background-position":"center center","background-size":"auto","background-attachment":"scroll","background-type":"","background-media":"","overlay-type":"","overlay-color":"","overlay-gradient":""},"mobile":{"background-color":"","background-image":"","background-repeat":"repeat","background-position":"center center","background-size":"auto","background-attachment":"scroll","background-type":"","background-media":"","overlay-type":"","overlay-color":"","overlay-gradient":""}},"ast-content-background-meta":{"desktop":{"background-color":"var(--ast-global-color-5)","background-image":"","background-repeat":"repeat","background-position":"center center","background-size":"auto","background-attachment":"scroll","background-type":"","background-media":"","overlay-type":"","overlay-color":"","overlay-gradient":""},"tablet":{"background-color":"var(--ast-global-color-5)","background-image":"","background-repeat":"repeat","background-position":"center center","background-size":"auto","background-attachment":"scroll","background-type":"","background-media":"","overlay-type":"","overlay-color":"","overlay-gradient":""},"mobile":{"background-color":"var(--ast-global-color-5)","background-image":"","background-repeat":"repeat","background-position":"center center","background-size":"auto","background-attachment":"scroll","background-type":"","background-media":"","overlay-type":"","overlay-color":"","overlay-gradient":""}},"footnotes":""},"categories":[4264,7071,17070,324,961,6686],"tags":[82426,8148,17384,2523,97830,11445],"class_list":["post-37232","post","type-post","status-publish","format-standard","hentry","category-asesoramiento-y-orientacion-psicologicas","category-desordenes-del-comportamiento","category-nacional-de-educacion-a-distancia","category-psicologia","category-psicologia-de-la-anormalidad","category-terapia-del-comportamiento","tag-carmen-vizcarro-guarch","tag-fernando-silva-moreno","tag-francisco-morales-dominguez","tag-jose-bermudez-moreno","tag-margarita-olmedo-montes","tag-maria-victoria-del-barrio-gandara"],"_links":{"self":[{"href":"https:\/\/www.deberes.net\/tesis\/wp-json\/wp\/v2\/posts\/37232","targetHints":{"allow":["GET"]}}],"collection":[{"href":"https:\/\/www.deberes.net\/tesis\/wp-json\/wp\/v2\/posts"}],"about":[{"href":"https:\/\/www.deberes.net\/tesis\/wp-json\/wp\/v2\/types\/post"}],"author":[{"embeddable":true,"href":"https:\/\/www.deberes.net\/tesis\/wp-json\/wp\/v2\/users\/1"}],"replies":[{"embeddable":true,"href":"https:\/\/www.deberes.net\/tesis\/wp-json\/wp\/v2\/comments?post=37232"}],"version-history":[{"count":0,"href":"https:\/\/www.deberes.net\/tesis\/wp-json\/wp\/v2\/posts\/37232\/revisions"}],"wp:attachment":[{"href":"https:\/\/www.deberes.net\/tesis\/wp-json\/wp\/v2\/media?parent=37232"}],"wp:term":[{"taxonomy":"category","embeddable":true,"href":"https:\/\/www.deberes.net\/tesis\/wp-json\/wp\/v2\/categories?post=37232"},{"taxonomy":"post_tag","embeddable":true,"href":"https:\/\/www.deberes.net\/tesis\/wp-json\/wp\/v2\/tags?post=37232"}],"curies":[{"name":"wp","href":"https:\/\/api.w.org\/{rel}","templated":true}]}}