{"id":37253,"date":"1998-01-01T00:00:00","date_gmt":"1998-01-01T00:00:00","guid":{"rendered":"https:\/\/www.deberes.net\/tesis\/sin-categoria\/concepcion-arenal-su-proyeccion-historica-socio-educadora\/"},"modified":"1998-01-01T00:00:00","modified_gmt":"1998-01-01T00:00:00","slug":"concepcion-arenal-su-proyeccion-historica-socio-educadora","status":"publish","type":"post","link":"https:\/\/www.deberes.net\/tesis\/historia\/concepcion-arenal-su-proyeccion-historica-socio-educadora\/","title":{"rendered":"Concepcion arenal: su proyeccion historica socio-educadora."},"content":{"rendered":"<h2>Tesis doctoral de <strong> Angela Vallejo Florez <\/strong><\/h2>\n<p>Es una investigaci\u00f3n sobre concepci\u00f3n arenal fundamentada, principalmente, en sus obras y en el estudio de su \u00e9poca, su medio social y familiar, recogido en todo tipo de fuentes, como pueden ser los medios de divulgaci\u00f3n y la correspondencia. El an\u00e1lisis de las fuentes, desde la riqueza biogr\u00e1fica que aportan, permite la interpretaci\u00f3n de una vida activa transformadora de la sociedad. La interpretaci\u00f3n de los documentos proyecta no s\u00f3lo la necesidad de un reconocimiento legal de derechos sino la exigencia de una acci\u00f3n transformadora desde campos tan fundamentales como son la educaci\u00f3n de la mujer, la regeneraci\u00f3n del preso y la prevenci\u00f3n de la delincuencia en la infancia. Podemos decir que las ideas de concepci\u00f3n arenal, sobre los problemas sociales, no s\u00f3lo son revolucionarias en su \u00e9poca sino que ni siquiera han logrado un pleno desarrollo en la nuestra. Ello plantea la exigencia de una sociedad con soluciones para quienes, en la mente y en el coraz\u00f3n de concepci\u00f3n arenal ocuparon siempre un primer lugar: la mujer, el preso y el ni\u00f1o.<\/p>\n<p>&nbsp;<\/p>\n<h3>Datos acad\u00e9micos de la tesis doctoral \u00ab<strong>Concepcion arenal: su proyeccion historica socio-educadora.<\/strong>\u00ab<\/h3>\n<ul>\n<li><strong>T\u00edtulo de la tesis:<\/strong>\u00a0 Concepcion arenal: su proyeccion historica socio-educadora. <\/li>\n<li><strong>Autor:<\/strong>\u00a0 Angela Vallejo Florez <\/li>\n<li><strong>Universidad:<\/strong>\u00a0 Nacional de educaci\u00f3n a distancia<\/li>\n<li><strong>Fecha de lectura de la tesis:<\/strong>\u00a0 01\/01\/1998<\/li>\n<\/ul>\n<p>&nbsp;<\/p>\n<h3>Direcci\u00f3n y tribunal<\/h3>\n<ul>\n<li><strong>Director de la tesis<\/strong>\n<ul>\n<li>Aurora Gutierrez Redondo<\/li>\n<\/ul>\n<\/li>\n<li><strong>Tribunal<\/strong>\n<ul>\n<li>Presidente del tribunal: Jos\u00e9 Mar\u00eda Quintana Cabanas <\/li>\n<li>Felicidad S\u00e1nchez Pascua (vocal)<\/li>\n<li>Julio Fern\u00e1ndez Nieva (vocal)<\/li>\n<li>Rufino Cano Gonzalez (vocal)<\/li>\n<\/ul>\n<\/li>\n<\/ul>\n<p>&nbsp;<\/p>\n","protected":false},"excerpt":{"rendered":"<p>Tesis doctoral de Angela Vallejo Florez Es una investigaci\u00f3n sobre concepci\u00f3n arenal fundamentada, principalmente, en sus obras y en el [&hellip;]<\/p>\n","protected":false},"author":1,"featured_media":0,"comment_status":"open","ping_status":"open","sticky":false,"template":"","format":"standard","meta":{"site-sidebar-layout":"default","site-content-layout":"","ast-site-content-layout":"","site-content-style":"default","site-sidebar-style":"default","ast-global-header-display":"","ast-banner-title-visibility":"","ast-main-header-display":"","ast-hfb-above-header-display":"","ast-hfb-below-header-display":"","ast-hfb-mobile-header-display":"","site-post-title":"","ast-breadcrumbs-content":"","ast-featured-img":"","footer-sml-layout":"","theme-transparent-header-meta":"","adv-header-id-meta":"","stick-header-meta":"","header-above-stick-meta":"","header-main-stick-meta":"","header-below-stick-meta":"","astra-migrate-meta-layouts":"default","ast-page-background-enabled":"default","ast-page-background-meta":{"desktop":{"background-color":"var(--ast-global-color-4)","background-image":"","background-repeat":"repeat","background-position":"center center","background-size":"auto","background-attachment":"scroll","background-type":"","background-media":"","overlay-type":"","overlay-color":"","overlay-gradient":""},"tablet":{"background-color":"","background-image":"","background-repeat":"repeat","background-position":"center center","background-size":"auto","background-attachment":"scroll","background-type":"","background-media":"","overlay-type":"","overlay-color":"","overlay-gradient":""},"mobile":{"background-color":"","background-image":"","background-repeat":"repeat","background-position":"center center","background-size":"auto","background-attachment":"scroll","background-type":"","background-media":"","overlay-type":"","overlay-color":"","overlay-gradient":""}},"ast-content-background-meta":{"desktop":{"background-color":"var(--ast-global-color-5)","background-image":"","background-repeat":"repeat","background-position":"center center","background-size":"auto","background-attachment":"scroll","background-type":"","background-media":"","overlay-type":"","overlay-color":"","overlay-gradient":""},"tablet":{"background-color":"var(--ast-global-color-5)","background-image":"","background-repeat":"repeat","background-position":"center center","background-size":"auto","background-attachment":"scroll","background-type":"","background-media":"","overlay-type":"","overlay-color":"","overlay-gradient":""},"mobile":{"background-color":"var(--ast-global-color-5)","background-image":"","background-repeat":"repeat","background-position":"center center","background-size":"auto","background-attachment":"scroll","background-type":"","background-media":"","overlay-type":"","overlay-color":"","overlay-gradient":""}},"footnotes":""},"categories":[104,311,222,17070],"tags":[97875,17238,56534,1500,39076,31444],"class_list":["post-37253","post","type-post","status-publish","format-standard","hentry","category-historia","category-historia-de-la-educacion","category-historias-especializadas","category-nacional-de-educacion-a-distancia","tag-angela-vallejo-florez","tag-aurora-gutierrez-redondo","tag-felicidad-sanchez-pascua","tag-jose-maria-quintana-cabanas","tag-julio-fernandez-nieva","tag-rufino-cano-gonzalez"],"_links":{"self":[{"href":"https:\/\/www.deberes.net\/tesis\/wp-json\/wp\/v2\/posts\/37253","targetHints":{"allow":["GET"]}}],"collection":[{"href":"https:\/\/www.deberes.net\/tesis\/wp-json\/wp\/v2\/posts"}],"about":[{"href":"https:\/\/www.deberes.net\/tesis\/wp-json\/wp\/v2\/types\/post"}],"author":[{"embeddable":true,"href":"https:\/\/www.deberes.net\/tesis\/wp-json\/wp\/v2\/users\/1"}],"replies":[{"embeddable":true,"href":"https:\/\/www.deberes.net\/tesis\/wp-json\/wp\/v2\/comments?post=37253"}],"version-history":[{"count":0,"href":"https:\/\/www.deberes.net\/tesis\/wp-json\/wp\/v2\/posts\/37253\/revisions"}],"wp:attachment":[{"href":"https:\/\/www.deberes.net\/tesis\/wp-json\/wp\/v2\/media?parent=37253"}],"wp:term":[{"taxonomy":"category","embeddable":true,"href":"https:\/\/www.deberes.net\/tesis\/wp-json\/wp\/v2\/categories?post=37253"},{"taxonomy":"post_tag","embeddable":true,"href":"https:\/\/www.deberes.net\/tesis\/wp-json\/wp\/v2\/tags?post=37253"}],"curies":[{"name":"wp","href":"https:\/\/api.w.org\/{rel}","templated":true}]}}