{"id":37295,"date":"1998-01-01T00:00:00","date_gmt":"1998-01-01T00:00:00","guid":{"rendered":"https:\/\/www.deberes.net\/tesis\/sin-categoria\/honor-y-vida-privada-de-la-clase-politica\/"},"modified":"1998-01-01T00:00:00","modified_gmt":"1998-01-01T00:00:00","slug":"honor-y-vida-privada-de-la-clase-politica","status":"publish","type":"post","link":"https:\/\/www.deberes.net\/tesis\/ciencias-juridicas-y-derecho\/honor-y-vida-privada-de-la-clase-politica\/","title":{"rendered":"Honor y vida privada de la clase politica."},"content":{"rendered":"<h2>Tesis doctoral de <strong>  Garcia Ferrer Juan  Jose <\/strong><\/h2>\n<p>Partiendo de un estudio interdisciplinar en relaci\u00f3n a los derechos al honor, intimidad informaci\u00f3n y expresi\u00f3n, se lleva a cabo un estudio filos\u00f3fico juridico tendente a limitar que puede decirse de un politico y con qu\u00e9 l\u00edmites. Para ello se profundiza en el concepto de inter\u00e9s p\u00fablico, as\u00ed como de todos aquellos elementos que tienen que ver con la configuraci\u00f3n de contenido esencial de los derechos de la personalidad, especialmente el consentimiento y los propios actos. Las premisas de partida surgen de la delimitaci\u00f3n del citado concepto de inter\u00e9s p\u00fablico as\u00ed como de una serie de argumentos que a juicio del investigador justificar\u00edan un trato diferente de la clase pol\u00edtica respecto a sus derechos de la personalidad. En definitiva se legitima cualquier informaci\u00f3n relativa a su conducta p\u00fablica (profesional o pol\u00edtica), as\u00ed como a su vida privada con trascendencia p\u00fablica.<\/p>\n<p>&nbsp;<\/p>\n<h3>Datos acad\u00e9micos de la tesis doctoral \u00ab<strong>Honor y vida privada de la clase politica.<\/strong>\u00ab<\/h3>\n<ul>\n<li><strong>T\u00edtulo de la tesis:<\/strong>\u00a0 Honor y vida privada de la clase politica. <\/li>\n<li><strong>Autor:<\/strong>\u00a0  Garcia Ferrer Juan  Jose <\/li>\n<li><strong>Universidad:<\/strong>\u00a0 Alcal\u00e1<\/li>\n<li><strong>Fecha de lectura de la tesis:<\/strong>\u00a0 01\/01\/1998<\/li>\n<\/ul>\n<p>&nbsp;<\/p>\n<h3>Direcci\u00f3n y tribunal<\/h3>\n<ul>\n<li><strong>Director de la tesis<\/strong>\n<ul>\n<li> Garcia San Miguel Luis<\/li>\n<\/ul>\n<\/li>\n<li><strong>Tribunal<\/strong>\n<ul>\n<li>Presidente del tribunal: Gregorio Robles Morchon <\/li>\n<li>Ignacio Ara Pinilla (vocal)<\/li>\n<li>Benito De Castro Cid (vocal)<\/li>\n<li>Ignacio Sanchez Camara (vocal)<\/li>\n<\/ul>\n<\/li>\n<\/ul>\n<p>&nbsp;<\/p>\n","protected":false},"excerpt":{"rendered":"<p>Tesis doctoral de Garcia Ferrer Juan Jose Partiendo de un estudio interdisciplinar en relaci\u00f3n a los derechos al honor, intimidad [&hellip;]<\/p>\n","protected":false},"author":1,"featured_media":0,"comment_status":"open","ping_status":"open","sticky":false,"template":"","format":"standard","meta":{"site-sidebar-layout":"default","site-content-layout":"","ast-site-content-layout":"","site-content-style":"default","site-sidebar-style":"default","ast-global-header-display":"","ast-banner-title-visibility":"","ast-main-header-display":"","ast-hfb-above-header-display":"","ast-hfb-below-header-display":"","ast-hfb-mobile-header-display":"","site-post-title":"","ast-breadcrumbs-content":"","ast-featured-img":"","footer-sml-layout":"","theme-transparent-header-meta":"","adv-header-id-meta":"","stick-header-meta":"","header-above-stick-meta":"","header-main-stick-meta":"","header-below-stick-meta":"","astra-migrate-meta-layouts":"default","ast-page-background-enabled":"default","ast-page-background-meta":{"desktop":{"background-color":"var(--ast-global-color-4)","background-image":"","background-repeat":"repeat","background-position":"center center","background-size":"auto","background-attachment":"scroll","background-type":"","background-media":"","overlay-type":"","overlay-color":"","overlay-gradient":""},"tablet":{"background-color":"","background-image":"","background-repeat":"repeat","background-position":"center center","background-size":"auto","background-attachment":"scroll","background-type":"","background-media":"","overlay-type":"","overlay-color":"","overlay-gradient":""},"mobile":{"background-color":"","background-image":"","background-repeat":"repeat","background-position":"center center","background-size":"auto","background-attachment":"scroll","background-type":"","background-media":"","overlay-type":"","overlay-color":"","overlay-gradient":""}},"ast-content-background-meta":{"desktop":{"background-color":"var(--ast-global-color-5)","background-image":"","background-repeat":"repeat","background-position":"center center","background-size":"auto","background-attachment":"scroll","background-type":"","background-media":"","overlay-type":"","overlay-color":"","overlay-gradient":""},"tablet":{"background-color":"var(--ast-global-color-5)","background-image":"","background-repeat":"repeat","background-position":"center center","background-size":"auto","background-attachment":"scroll","background-type":"","background-media":"","overlay-type":"","overlay-color":"","overlay-gradient":""},"mobile":{"background-color":"var(--ast-global-color-5)","background-image":"","background-repeat":"repeat","background-position":"center center","background-size":"auto","background-attachment":"scroll","background-type":"","background-media":"","overlay-type":"","overlay-color":"","overlay-gradient":""}},"footnotes":""},"categories":[17426,838,612,11777,906,3193,993],"tags":[25869,97935,10355,10357,10354,7162],"class_list":["post-37295","post","type-post","status-publish","format-standard","hentry","category-alcala","category-ciencia-politica","category-ciencias-juridicas-y-derecho","category-filosofia-del-derecho","category-grupos-politicos","category-teoria-y-metodos-generales-del-derecho","category-vida-politica","tag-benito-de-castro-cid","tag-garcia-ferrer-juan-jose","tag-garcia-san-miguel-luis","tag-gregorio-robles-morchon","tag-ignacio-ara-pinilla","tag-ignacio-sanchez-camara"],"_links":{"self":[{"href":"https:\/\/www.deberes.net\/tesis\/wp-json\/wp\/v2\/posts\/37295","targetHints":{"allow":["GET"]}}],"collection":[{"href":"https:\/\/www.deberes.net\/tesis\/wp-json\/wp\/v2\/posts"}],"about":[{"href":"https:\/\/www.deberes.net\/tesis\/wp-json\/wp\/v2\/types\/post"}],"author":[{"embeddable":true,"href":"https:\/\/www.deberes.net\/tesis\/wp-json\/wp\/v2\/users\/1"}],"replies":[{"embeddable":true,"href":"https:\/\/www.deberes.net\/tesis\/wp-json\/wp\/v2\/comments?post=37295"}],"version-history":[{"count":0,"href":"https:\/\/www.deberes.net\/tesis\/wp-json\/wp\/v2\/posts\/37295\/revisions"}],"wp:attachment":[{"href":"https:\/\/www.deberes.net\/tesis\/wp-json\/wp\/v2\/media?parent=37295"}],"wp:term":[{"taxonomy":"category","embeddable":true,"href":"https:\/\/www.deberes.net\/tesis\/wp-json\/wp\/v2\/categories?post=37295"},{"taxonomy":"post_tag","embeddable":true,"href":"https:\/\/www.deberes.net\/tesis\/wp-json\/wp\/v2\/tags?post=37295"}],"curies":[{"name":"wp","href":"https:\/\/api.w.org\/{rel}","templated":true}]}}