{"id":37309,"date":"1998-01-01T00:00:00","date_gmt":"1998-01-01T00:00:00","guid":{"rendered":"https:\/\/www.deberes.net\/tesis\/sin-categoria\/el-culto-de-san-julian-en-cuenca-notas-de-historia-religiosa\/"},"modified":"1998-01-01T00:00:00","modified_gmt":"1998-01-01T00:00:00","slug":"el-culto-de-san-julian-en-cuenca-notas-de-historia-religiosa","status":"publish","type":"post","link":"https:\/\/www.deberes.net\/tesis\/historia\/el-culto-de-san-julian-en-cuenca-notas-de-historia-religiosa\/","title":{"rendered":"El culto de san julian en cuenca. notas de historia religiosa."},"content":{"rendered":"<h2>Tesis doctoral de <strong> Miguel Jimenez Monteserin <\/strong><\/h2>\n<p>Juli\u00e1n de cuenca, cl\u00e9rigo moz\u00e1rabe toledano, fue designado para ocupar la sede de cuenca como su segundo obispo en 1198 por el rey alfonso viii, pocos a\u00f1os despu\u00e9s de la conquista de la ciudad a los musulmanes.  prelado \u00abde frontera\u00bb durante su pontificado, falleci\u00f3 en 1208. Algunos detalles de su memoria sublimada sirvieron despu\u00e9s para que, a iniciativa del clero catedral conquense, se le comenzar\u00e1 a rendir culto. Vino a dar ocasi\u00f3n para ello el comportamiento de los prelados italianos absentistas, nombrados unilateralmente por la santa sede para regir la di\u00f3cesis de cuenca en la segunda mitad del siglo xv. Destacaron entonces los hagi\u00f3grafos su laboriosa caridad, antes de que la inventio de su cuerpo incorrupto diera lugar a una breve, aunque intensa secuencia de milagros en los primeros meses de 1518.  luego, durante la primera contrareforma, qued\u00f3 otra vez perfilada la imagen del santo obispo, calcada sobre el modelo trazado por el concilio tridentino. En 1595, ahora con el pleno aval romano, culminar\u00eda el proceso de promoci\u00f3n hagiogr\u00e1fica al ser aprobado el rezo propio de san juli\u00e1n que se extender\u00eda luego a la mayor\u00eda de las di\u00f3cesis hispanas desde la de cuenca.<\/p>\n<p>&nbsp;<\/p>\n<h3>Datos acad\u00e9micos de la tesis doctoral \u00ab<strong>El culto de san julian en cuenca. notas de historia religiosa.<\/strong>\u00ab<\/h3>\n<ul>\n<li><strong>T\u00edtulo de la tesis:<\/strong>\u00a0 El culto de san julian en cuenca. notas de historia religiosa. <\/li>\n<li><strong>Autor:<\/strong>\u00a0 Miguel Jimenez Monteserin <\/li>\n<li><strong>Universidad:<\/strong>\u00a0 Alcal\u00e1<\/li>\n<li><strong>Fecha de lectura de la tesis:<\/strong>\u00a0 01\/01\/1998<\/li>\n<\/ul>\n<p>&nbsp;<\/p>\n<h3>Direcci\u00f3n y tribunal<\/h3>\n<ul>\n<li><strong>Director de la tesis<\/strong>\n<ul>\n<li>Jaime Contreras Contreras<\/li>\n<\/ul>\n<\/li>\n<li><strong>Tribunal<\/strong>\n<ul>\n<li>Presidente del tribunal: Miguel Artola Gallego <\/li>\n<li>Ricardo Garcia Carcel (vocal)<\/li>\n<li>Teofanes Egido Lopez (vocal)<\/li>\n<li>Rafael Carrasco (vocal)<\/li>\n<\/ul>\n<\/li>\n<\/ul>\n<p>&nbsp;<\/p>\n","protected":false},"excerpt":{"rendered":"<p>Tesis doctoral de Miguel Jimenez Monteserin Juli\u00e1n de cuenca, cl\u00e9rigo moz\u00e1rabe toledano, fue designado para ocupar la sede de cuenca [&hellip;]<\/p>\n","protected":false},"author":1,"featured_media":0,"comment_status":"open","ping_status":"open","sticky":false,"template":"","format":"standard","meta":{"site-sidebar-layout":"default","site-content-layout":"","ast-site-content-layout":"","site-content-style":"default","site-sidebar-style":"default","ast-global-header-display":"","ast-banner-title-visibility":"","ast-main-header-display":"","ast-hfb-above-header-display":"","ast-hfb-below-header-display":"","ast-hfb-mobile-header-display":"","site-post-title":"","ast-breadcrumbs-content":"","ast-featured-img":"","footer-sml-layout":"","theme-transparent-header-meta":"","adv-header-id-meta":"","stick-header-meta":"","header-above-stick-meta":"","header-main-stick-meta":"","header-below-stick-meta":"","astra-migrate-meta-layouts":"default","ast-page-background-enabled":"default","ast-page-background-meta":{"desktop":{"background-color":"var(--ast-global-color-4)","background-image":"","background-repeat":"repeat","background-position":"center center","background-size":"auto","background-attachment":"scroll","background-type":"","background-media":"","overlay-type":"","overlay-color":"","overlay-gradient":""},"tablet":{"background-color":"","background-image":"","background-repeat":"repeat","background-position":"center center","background-size":"auto","background-attachment":"scroll","background-type":"","background-media":"","overlay-type":"","overlay-color":"","overlay-gradient":""},"mobile":{"background-color":"","background-image":"","background-repeat":"repeat","background-position":"center center","background-size":"auto","background-attachment":"scroll","background-type":"","background-media":"","overlay-type":"","overlay-color":"","overlay-gradient":""}},"ast-content-background-meta":{"desktop":{"background-color":"var(--ast-global-color-5)","background-image":"","background-repeat":"repeat","background-position":"center center","background-size":"auto","background-attachment":"scroll","background-type":"","background-media":"","overlay-type":"","overlay-color":"","overlay-gradient":""},"tablet":{"background-color":"var(--ast-global-color-5)","background-image":"","background-repeat":"repeat","background-position":"center center","background-size":"auto","background-attachment":"scroll","background-type":"","background-media":"","overlay-type":"","overlay-color":"","overlay-gradient":""},"mobile":{"background-color":"var(--ast-global-color-5)","background-image":"","background-repeat":"repeat","background-position":"center center","background-size":"auto","background-attachment":"scroll","background-type":"","background-media":"","overlay-type":"","overlay-color":"","overlay-gradient":""}},"footnotes":""},"categories":[17426,104,7220,1015,220,222],"tags":[12527,14694,97952,97953,13829,3360],"class_list":["post-37309","post","type-post","status-publish","format-standard","hentry","category-alcala","category-historia","category-historia-de-las-religiones","category-historia-moderna-del-area-europea","category-historia-por-epocas","category-historias-especializadas","tag-jaime-contreras-contreras","tag-miguel-artola-gallego","tag-miguel-jimenez-monteserin","tag-rafael-carrasco","tag-ricardo-garcia-carcel","tag-teofanes-egido-lopez"],"_links":{"self":[{"href":"https:\/\/www.deberes.net\/tesis\/wp-json\/wp\/v2\/posts\/37309","targetHints":{"allow":["GET"]}}],"collection":[{"href":"https:\/\/www.deberes.net\/tesis\/wp-json\/wp\/v2\/posts"}],"about":[{"href":"https:\/\/www.deberes.net\/tesis\/wp-json\/wp\/v2\/types\/post"}],"author":[{"embeddable":true,"href":"https:\/\/www.deberes.net\/tesis\/wp-json\/wp\/v2\/users\/1"}],"replies":[{"embeddable":true,"href":"https:\/\/www.deberes.net\/tesis\/wp-json\/wp\/v2\/comments?post=37309"}],"version-history":[{"count":0,"href":"https:\/\/www.deberes.net\/tesis\/wp-json\/wp\/v2\/posts\/37309\/revisions"}],"wp:attachment":[{"href":"https:\/\/www.deberes.net\/tesis\/wp-json\/wp\/v2\/media?parent=37309"}],"wp:term":[{"taxonomy":"category","embeddable":true,"href":"https:\/\/www.deberes.net\/tesis\/wp-json\/wp\/v2\/categories?post=37309"},{"taxonomy":"post_tag","embeddable":true,"href":"https:\/\/www.deberes.net\/tesis\/wp-json\/wp\/v2\/tags?post=37309"}],"curies":[{"name":"wp","href":"https:\/\/api.w.org\/{rel}","templated":true}]}}