{"id":37351,"date":"1998-01-01T00:00:00","date_gmt":"1998-01-01T00:00:00","guid":{"rendered":"https:\/\/www.deberes.net\/tesis\/sin-categoria\/estudio-sociolinguistico-del-habla-de-melilla\/"},"modified":"1998-01-01T00:00:00","modified_gmt":"1998-01-01T00:00:00","slug":"estudio-sociolinguistico-del-habla-de-melilla","status":"publish","type":"post","link":"https:\/\/www.deberes.net\/tesis\/linguistica\/estudio-sociolinguistico-del-habla-de-melilla\/","title":{"rendered":"Estudio sociolinguistico del habla de melilla."},"content":{"rendered":"<h2>Tesis doctoral de <strong>  Ruiz Dominguez M. Mar <\/strong><\/h2>\n<p>El objeto de estudio de esta investigaci\u00f3n ha sido el habla de la ciudad de melilla. Para ello, se ha seleccionado una muestra de 44 informantes (24 cristianos y 20 musulmanes) estratificada en funci\u00f3n de 3 factores sociales (sexo, edad y nivel de instrucci\u00f3n). Se trata de un an\u00e1lisis que ha tenido una doble vertiente: por un lado, se ha realizado un estudio cualitativo en el que se estudian fen\u00f3menos que afectan al vocalismo, como la abertura, la duraci\u00f3n, la alteraci\u00f3n del timbre de las vocales as\u00ed como la supresi\u00f3n y adici\u00f3n de elementos voc\u00e1licos. En el consonantismo se analizan fen\u00f3menos como el seseo, la aspiraci\u00f3n de \/x\/ y el yeismo. Por otro lado se efect\u00faa un estudio cuantitativo de los fonemas (los fonemas \/s\/, \/e\/, \/r\/ y \/n\/ implosiva, el fonema \/d\/ en posici\u00f3n intervoc\u00e1lica y la articulaci\u00f3n del fonema \/c\/.  como resultado de dicho estudio se puede se\u00f1alar que estamos ante una variedad que comparte muchos rasgos con los hablas del sur peninsular, aunque no posee peculiaridades propias, as\u00ed la extensi\u00f3n y realizaci\u00f3n de sus rasgos fon\u00e9ticas no es uniforme debido a la influencia de los factores sociales y al contacto del espa\u00f1ol y el chelja que provoca otra serie de transferencias entre ambas lenguas que se reflejan en el habla de los musulmanes. Todo esto confiere al habla de melilla una personalidad y peculiaridades propias.<\/p>\n<p>&nbsp;<\/p>\n<h3>Datos acad\u00e9micos de la tesis doctoral \u00ab<strong>Estudio sociolinguistico del habla de melilla.<\/strong>\u00ab<\/h3>\n<ul>\n<li><strong>T\u00edtulo de la tesis:<\/strong>\u00a0 Estudio sociolinguistico del habla de melilla. <\/li>\n<li><strong>Autor:<\/strong>\u00a0  Ruiz Dominguez M. Mar <\/li>\n<li><strong>Universidad:<\/strong>\u00a0 Alcal\u00e1<\/li>\n<li><strong>Fecha de lectura de la tesis:<\/strong>\u00a0 01\/01\/1998<\/li>\n<\/ul>\n<p>&nbsp;<\/p>\n<h3>Direcci\u00f3n y tribunal<\/h3>\n<ul>\n<li><strong>Director de la tesis<\/strong>\n<ul>\n<li>Francisco Moreno Fern\u00e1ndez<\/li>\n<\/ul>\n<\/li>\n<li><strong>Tribunal<\/strong>\n<ul>\n<li>Presidente del tribunal: Humberto L\u00f3pez Morales <\/li>\n<li>Jos\u00e9 Antonio Samper Padilla (vocal)<\/li>\n<li>Manuel Alvar Ezquerra (vocal)<\/li>\n<li>Eulalia Castellote Herrero (vocal)<\/li>\n<\/ul>\n<\/li>\n<\/ul>\n<p>&nbsp;<\/p>\n","protected":false},"excerpt":{"rendered":"<p>Tesis doctoral de Ruiz Dominguez M. Mar El objeto de estudio de esta investigaci\u00f3n ha sido el habla de la [&hellip;]<\/p>\n","protected":false},"author":1,"featured_media":0,"comment_status":"open","ping_status":"open","sticky":false,"template":"","format":"standard","meta":{"site-sidebar-layout":"default","site-content-layout":"","ast-site-content-layout":"","site-content-style":"default","site-sidebar-style":"default","ast-global-header-display":"","ast-banner-title-visibility":"","ast-main-header-display":"","ast-hfb-above-header-display":"","ast-hfb-below-header-display":"","ast-hfb-mobile-header-display":"","site-post-title":"","ast-breadcrumbs-content":"","ast-featured-img":"","footer-sml-layout":"","theme-transparent-header-meta":"","adv-header-id-meta":"","stick-header-meta":"","header-above-stick-meta":"","header-main-stick-meta":"","header-below-stick-meta":"","astra-migrate-meta-layouts":"default","ast-page-background-enabled":"default","ast-page-background-meta":{"desktop":{"background-color":"var(--ast-global-color-4)","background-image":"","background-repeat":"repeat","background-position":"center center","background-size":"auto","background-attachment":"scroll","background-type":"","background-media":"","overlay-type":"","overlay-color":"","overlay-gradient":""},"tablet":{"background-color":"","background-image":"","background-repeat":"repeat","background-position":"center center","background-size":"auto","background-attachment":"scroll","background-type":"","background-media":"","overlay-type":"","overlay-color":"","overlay-gradient":""},"mobile":{"background-color":"","background-image":"","background-repeat":"repeat","background-position":"center center","background-size":"auto","background-attachment":"scroll","background-type":"","background-media":"","overlay-type":"","overlay-color":"","overlay-gradient":""}},"ast-content-background-meta":{"desktop":{"background-color":"var(--ast-global-color-5)","background-image":"","background-repeat":"repeat","background-position":"center center","background-size":"auto","background-attachment":"scroll","background-type":"","background-media":"","overlay-type":"","overlay-color":"","overlay-gradient":""},"tablet":{"background-color":"var(--ast-global-color-5)","background-image":"","background-repeat":"repeat","background-position":"center center","background-size":"auto","background-attachment":"scroll","background-type":"","background-media":"","overlay-type":"","overlay-color":"","overlay-gradient":""},"mobile":{"background-color":"var(--ast-global-color-5)","background-image":"","background-repeat":"repeat","background-position":"center center","background-size":"auto","background-attachment":"scroll","background-type":"","background-media":"","overlay-type":"","overlay-color":"","overlay-gradient":""}},"footnotes":""},"categories":[17426,10487,59,62,3676],"tags":[15053,5370,3680,26104,5467,98020],"class_list":["post-37351","post","type-post","status-publish","format-standard","hentry","category-alcala","category-fonetica","category-linguistica","category-linguistica-sincronica","category-sociolinguistica","tag-eulalia-castellote-herrero","tag-francisco-moreno-fernandez","tag-humberto-lopez-morales","tag-jose-antonio-samper-padilla","tag-manuel-alvar-ezquerra","tag-ruiz-dominguez-m-mar"],"_links":{"self":[{"href":"https:\/\/www.deberes.net\/tesis\/wp-json\/wp\/v2\/posts\/37351","targetHints":{"allow":["GET"]}}],"collection":[{"href":"https:\/\/www.deberes.net\/tesis\/wp-json\/wp\/v2\/posts"}],"about":[{"href":"https:\/\/www.deberes.net\/tesis\/wp-json\/wp\/v2\/types\/post"}],"author":[{"embeddable":true,"href":"https:\/\/www.deberes.net\/tesis\/wp-json\/wp\/v2\/users\/1"}],"replies":[{"embeddable":true,"href":"https:\/\/www.deberes.net\/tesis\/wp-json\/wp\/v2\/comments?post=37351"}],"version-history":[{"count":0,"href":"https:\/\/www.deberes.net\/tesis\/wp-json\/wp\/v2\/posts\/37351\/revisions"}],"wp:attachment":[{"href":"https:\/\/www.deberes.net\/tesis\/wp-json\/wp\/v2\/media?parent=37351"}],"wp:term":[{"taxonomy":"category","embeddable":true,"href":"https:\/\/www.deberes.net\/tesis\/wp-json\/wp\/v2\/categories?post=37351"},{"taxonomy":"post_tag","embeddable":true,"href":"https:\/\/www.deberes.net\/tesis\/wp-json\/wp\/v2\/tags?post=37351"}],"curies":[{"name":"wp","href":"https:\/\/api.w.org\/{rel}","templated":true}]}}