{"id":37360,"date":"1998-01-01T00:00:00","date_gmt":"1998-01-01T00:00:00","guid":{"rendered":"https:\/\/www.deberes.net\/tesis\/sin-categoria\/edicion-y-estudio-linguistico-del-fuero-de-alcala\/"},"modified":"1998-01-01T00:00:00","modified_gmt":"1998-01-01T00:00:00","slug":"edicion-y-estudio-linguistico-del-fuero-de-alcala","status":"publish","type":"post","link":"https:\/\/www.deberes.net\/tesis\/linguistica\/edicion-y-estudio-linguistico-del-fuero-de-alcala\/","title":{"rendered":"Edicion y estudio linguistico del fuero de alcala."},"content":{"rendered":"<h2>Tesis doctoral de <strong> M\u00aa Jes\u00fas Torrens \u00e1lvarez <\/strong><\/h2>\n<p>El manuscrito del fuero de alcal\u00e1 transmite un fuero extenso escrito en castellano y anterior a 1247, fecha de la muerte de su otorgante, el arzobispo don rodrigo jim\u00e9nez de rada. Su extensi\u00f3n (55 folios), procedencia y antiguedad lo convierten en un preciado ejemplo de la prosa castellana prealfons\u00ed y en un texto de singular importancia para el conocimiento de la historia de nuestra lengua.  la existencia de una estrecha relaci\u00f3n entre la dimensi\u00f3n pict\u00f3rica y la representativa de la escritura aconseja un an\u00e1lisis interdisciplinar en el que la paleograf\u00eda se integra plenamente en el seno de la filolog\u00eda, acercamiento global al manuscrito que parte de una concepci\u00f3n del documento medieval como un todo arm\u00f3nico.  en cada uno de los niveles de an\u00e1lisis, esto es, en el codicol\u00f3gico, paleogr\u00e1fico, gr\u00e1fico-fon\u00e9tico y morfosint\u00e1ctico, se realiza la comparaci\u00f3n de lo observado en el fuero con otros manuscritos fechados o cuyas caracter\u00edsticas externas o internas permitan su ubicaci\u00f3n en la historia, a fin de alcanzar una mayor comprensi\u00f3n de la realidad lingu\u00edstica del s.Xiii y el establecimiento de una cronolog\u00eda.  tras el estudio lingu\u00edstico se presenta una transcripci\u00f3n paleogr\u00e1fica del manuscrito y la primera edici\u00f3n cr\u00edtica que de \u00e9l se hace.<\/p>\n<p>&nbsp;<\/p>\n<h3>Datos acad\u00e9micos de la tesis doctoral \u00ab<strong>Edicion y estudio linguistico del fuero de alcala.<\/strong>\u00ab<\/h3>\n<ul>\n<li><strong>T\u00edtulo de la tesis:<\/strong>\u00a0 Edicion y estudio linguistico del fuero de alcala. <\/li>\n<li><strong>Autor:<\/strong>\u00a0 M\u00aa Jes\u00fas Torrens \u00e1lvarez <\/li>\n<li><strong>Universidad:<\/strong>\u00a0 Alcal\u00e1<\/li>\n<li><strong>Fecha de lectura de la tesis:<\/strong>\u00a0 01\/01\/1998<\/li>\n<\/ul>\n<p>&nbsp;<\/p>\n<h3>Direcci\u00f3n y tribunal<\/h3>\n<ul>\n<li><strong>Director de la tesis<\/strong>\n<ul>\n<li>prieto Borja S\u00e1nchez<\/li>\n<\/ul>\n<\/li>\n<li><strong>Tribunal<\/strong>\n<ul>\n<li>Presidente del tribunal: Bautista Horcajada Diezma <\/li>\n<li>Ramon Santiago Lacuesta (vocal)<\/li>\n<li>Carlos Alvar Ezquerra (vocal)<\/li>\n<li>Jes\u00fas Moreno Bernal (vocal)<\/li>\n<\/ul>\n<\/li>\n<\/ul>\n<p>&nbsp;<\/p>\n","protected":false},"excerpt":{"rendered":"<p>Tesis doctoral de M\u00aa Jes\u00fas Torrens \u00e1lvarez El manuscrito del fuero de alcal\u00e1 transmite un fuero extenso escrito en castellano [&hellip;]<\/p>\n","protected":false},"author":1,"featured_media":0,"comment_status":"open","ping_status":"open","sticky":false,"template":"","format":"standard","meta":{"site-sidebar-layout":"default","site-content-layout":"","ast-site-content-layout":"","site-content-style":"default","site-sidebar-style":"default","ast-global-header-display":"","ast-banner-title-visibility":"","ast-main-header-display":"","ast-hfb-above-header-display":"","ast-hfb-below-header-display":"","ast-hfb-mobile-header-display":"","site-post-title":"","ast-breadcrumbs-content":"","ast-featured-img":"","footer-sml-layout":"","theme-transparent-header-meta":"","adv-header-id-meta":"","stick-header-meta":"","header-above-stick-meta":"","header-main-stick-meta":"","header-below-stick-meta":"","astra-migrate-meta-layouts":"default","ast-page-background-enabled":"default","ast-page-background-meta":{"desktop":{"background-color":"var(--ast-global-color-4)","background-image":"","background-repeat":"repeat","background-position":"center center","background-size":"auto","background-attachment":"scroll","background-type":"","background-media":"","overlay-type":"","overlay-color":"","overlay-gradient":""},"tablet":{"background-color":"","background-image":"","background-repeat":"repeat","background-position":"center center","background-size":"auto","background-attachment":"scroll","background-type":"","background-media":"","overlay-type":"","overlay-color":"","overlay-gradient":""},"mobile":{"background-color":"","background-image":"","background-repeat":"repeat","background-position":"center center","background-size":"auto","background-attachment":"scroll","background-type":"","background-media":"","overlay-type":"","overlay-color":"","overlay-gradient":""}},"ast-content-background-meta":{"desktop":{"background-color":"var(--ast-global-color-5)","background-image":"","background-repeat":"repeat","background-position":"center center","background-size":"auto","background-attachment":"scroll","background-type":"","background-media":"","overlay-type":"","overlay-color":"","overlay-gradient":""},"tablet":{"background-color":"var(--ast-global-color-5)","background-image":"","background-repeat":"repeat","background-position":"center center","background-size":"auto","background-attachment":"scroll","background-type":"","background-media":"","overlay-type":"","overlay-color":"","overlay-gradient":""},"mobile":{"background-color":"var(--ast-global-color-5)","background-image":"","background-repeat":"repeat","background-position":"center center","background-size":"auto","background-attachment":"scroll","background-type":"","background-media":"","overlay-type":"","overlay-color":"","overlay-gradient":""}},"footnotes":""},"categories":[17426,59,423,590],"tags":[98037,6095,6583,98036,6283,6424],"class_list":["post-37360","post","type-post","status-publish","format-standard","hentry","category-alcala","category-linguistica","category-linguistica-diacronica","category-linguistica-historica","tag-bautista-horcajada-diezma","tag-carlos-alvar-ezquerra","tag-jesus-moreno-bernal","tag-ma-jesus-torrens-alvarez","tag-prieto-borja-sanchez","tag-ramon-santiago-lacuesta"],"_links":{"self":[{"href":"https:\/\/www.deberes.net\/tesis\/wp-json\/wp\/v2\/posts\/37360","targetHints":{"allow":["GET"]}}],"collection":[{"href":"https:\/\/www.deberes.net\/tesis\/wp-json\/wp\/v2\/posts"}],"about":[{"href":"https:\/\/www.deberes.net\/tesis\/wp-json\/wp\/v2\/types\/post"}],"author":[{"embeddable":true,"href":"https:\/\/www.deberes.net\/tesis\/wp-json\/wp\/v2\/users\/1"}],"replies":[{"embeddable":true,"href":"https:\/\/www.deberes.net\/tesis\/wp-json\/wp\/v2\/comments?post=37360"}],"version-history":[{"count":0,"href":"https:\/\/www.deberes.net\/tesis\/wp-json\/wp\/v2\/posts\/37360\/revisions"}],"wp:attachment":[{"href":"https:\/\/www.deberes.net\/tesis\/wp-json\/wp\/v2\/media?parent=37360"}],"wp:term":[{"taxonomy":"category","embeddable":true,"href":"https:\/\/www.deberes.net\/tesis\/wp-json\/wp\/v2\/categories?post=37360"},{"taxonomy":"post_tag","embeddable":true,"href":"https:\/\/www.deberes.net\/tesis\/wp-json\/wp\/v2\/tags?post=37360"}],"curies":[{"name":"wp","href":"https:\/\/api.w.org\/{rel}","templated":true}]}}