{"id":37388,"date":"1998-01-01T00:00:00","date_gmt":"1998-01-01T00:00:00","guid":{"rendered":"https:\/\/www.deberes.net\/tesis\/sin-categoria\/el-impacto-del-comercio-internacional-sobre-el-mercado-laboral-de-los-paises-de-renta-intermedia-el-caso-de-espana\/"},"modified":"1998-01-01T00:00:00","modified_gmt":"1998-01-01T00:00:00","slug":"el-impacto-del-comercio-internacional-sobre-el-mercado-laboral-de-los-paises-de-renta-intermedia-el-caso-de-espana","status":"publish","type":"post","link":"https:\/\/www.deberes.net\/tesis\/ciencias-economicas\/el-impacto-del-comercio-internacional-sobre-el-mercado-laboral-de-los-paises-de-renta-intermedia-el-caso-de-espana\/","title":{"rendered":"El impacto del comercio internacional sobre el mercado laboral de los paises de renta intermedia: el caso de espa\u00f1a."},"content":{"rendered":"<h2>Tesis doctoral de <strong> Asier Minondo Uribeecheverria <\/strong><\/h2>\n<p>El objetivo de esta tesis doctoral es analizar el impacto del comercio internacional sobre el mercado laboral de los pa\u00edses de renta intermedia, analizando el caso de espa\u00f1a. Esta tesis doctoral analiza el impacto de la apertura comercial que espa\u00f1a ha experimentado durante las \u00faltimas d\u00e9cadas sobre la demanda de trabajadores cualificados y poco cualificados. Para lograr este objetivo la tesis analiza, en primer lugar, la posici\u00f3n relativa de espa\u00f1a en la distribuci\u00f3n relativa mundial de cualificaciones, la evoluci\u00f3n del comercio internacional en manufacturas de espa\u00f1a con los pa\u00edses desarrollados y los pa\u00edses en v\u00edas de desarrollo, y la evoluci\u00f3n de las variables del mercado laboral espa\u00f1ol. En segundo lugar, se presenta un modelo te\u00f3rico que analiza el posible impacto del comercio internacional sobre el mercado laboral en un pa\u00eds intermedio. En tercer lugar, se analizan las caracter\u00edsticas del comercio intra-industrial en espa\u00f1a. En cuarto lugar, se analiza la correlaci\u00f3n entre los cambios de las variables del mercado de trabajo espa\u00f1ol y los cambios en las variables de su comercio internacional en manufacturas. En quinto lugar, se calcula el contenido factorial de los intercambios comerciales de espa\u00f1a, utilizando c\u00e1lculos convencionales y no convencionales, y se estima el impacto del comercio internacional sobre la demanda de los trabajadores cualificados y poco cualificados.  finalmente, se presentan las conclusiones de la investigaci\u00f3n. El estudio concluye que el comercio internacional, especialmente con los pa\u00edses en v\u00edas de desarrollo, ha tenido un impacto negativo notable sobre la demanda de trabajadores en espa\u00f1a. La reducci\u00f3n de la demanda inducida por el comercio internacional ha afectado en mayor medida a los trabajadores poco cualificados que a los trabajadores cualificados.<\/p>\n<p>&nbsp;<\/p>\n<h3>Datos acad\u00e9micos de la tesis doctoral \u00ab<strong>El impacto del comercio internacional sobre el mercado laboral de los paises de renta intermedia: el caso de espa\u00f1a.<\/strong>\u00ab<\/h3>\n<ul>\n<li><strong>T\u00edtulo de la tesis:<\/strong>\u00a0 El impacto del comercio internacional sobre el mercado laboral de los paises de renta intermedia: el caso de espa\u00f1a. <\/li>\n<li><strong>Autor:<\/strong>\u00a0 Asier Minondo Uribeecheverria <\/li>\n<li><strong>Universidad:<\/strong>\u00a0 Deusto<\/li>\n<li><strong>Fecha de lectura de la tesis:<\/strong>\u00a0 01\/01\/1998<\/li>\n<\/ul>\n<p>&nbsp;<\/p>\n<h3>Direcci\u00f3n y tribunal<\/h3>\n<ul>\n<li><strong>Director de la tesis<\/strong>\n<ul>\n<li>Vicente Donoso Donoso<\/li>\n<\/ul>\n<\/li>\n<li><strong>Tribunal<\/strong>\n<ul>\n<li>Presidente del tribunal:  Alonso Rodriguez Jos\u00e9 Antonio <\/li>\n<li>Celestino Suarez Burguet (vocal)<\/li>\n<li>Rafael Mu\u00f1oz De Bustillo Llorente (vocal)<\/li>\n<li>Mikel Navarro Arancegui (vocal)<\/li>\n<\/ul>\n<\/li>\n<\/ul>\n<p>&nbsp;<\/p>\n","protected":false},"excerpt":{"rendered":"<p>Tesis doctoral de Asier Minondo Uribeecheverria El objetivo de esta tesis doctoral es analizar el impacto del comercio internacional sobre [&hellip;]<\/p>\n","protected":false},"author":1,"featured_media":0,"comment_status":"open","ping_status":"open","sticky":false,"template":"","format":"standard","meta":{"site-sidebar-layout":"default","site-content-layout":"","ast-site-content-layout":"","site-content-style":"default","site-sidebar-style":"default","ast-global-header-display":"","ast-banner-title-visibility":"","ast-main-header-display":"","ast-hfb-above-header-display":"","ast-hfb-below-header-display":"","ast-hfb-mobile-header-display":"","site-post-title":"","ast-breadcrumbs-content":"","ast-featured-img":"","footer-sml-layout":"","theme-transparent-header-meta":"","adv-header-id-meta":"","stick-header-meta":"","header-above-stick-meta":"","header-main-stick-meta":"","header-below-stick-meta":"","astra-migrate-meta-layouts":"default","ast-page-background-enabled":"default","ast-page-background-meta":{"desktop":{"background-color":"var(--ast-global-color-4)","background-image":"","background-repeat":"repeat","background-position":"center center","background-size":"auto","background-attachment":"scroll","background-type":"","background-media":"","overlay-type":"","overlay-color":"","overlay-gradient":""},"tablet":{"background-color":"","background-image":"","background-repeat":"repeat","background-position":"center center","background-size":"auto","background-attachment":"scroll","background-type":"","background-media":"","overlay-type":"","overlay-color":"","overlay-gradient":""},"mobile":{"background-color":"","background-image":"","background-repeat":"repeat","background-position":"center center","background-size":"auto","background-attachment":"scroll","background-type":"","background-media":"","overlay-type":"","overlay-color":"","overlay-gradient":""}},"ast-content-background-meta":{"desktop":{"background-color":"var(--ast-global-color-5)","background-image":"","background-repeat":"repeat","background-position":"center center","background-size":"auto","background-attachment":"scroll","background-type":"","background-media":"","overlay-type":"","overlay-color":"","overlay-gradient":""},"tablet":{"background-color":"var(--ast-global-color-5)","background-image":"","background-repeat":"repeat","background-position":"center center","background-size":"auto","background-attachment":"scroll","background-type":"","background-media":"","overlay-type":"","overlay-color":"","overlay-gradient":""},"mobile":{"background-color":"var(--ast-global-color-5)","background-image":"","background-repeat":"repeat","background-position":"center center","background-size":"auto","background-attachment":"scroll","background-type":"","background-media":"","overlay-type":"","overlay-color":"","overlay-gradient":""}},"footnotes":""},"categories":[82,31910,910,84,737,4725],"tags":[5408,98080,12258,57431,98081,25887],"class_list":["post-37388","post","type-post","status-publish","format-standard","hentry","category-ciencias-economicas","category-deusto","category-economia-internacional","category-relaciones-comerciales-internacionales","category-teoria-economica","category-teoria-y-modelos-de-empleo","tag-alonso-rodriguez-jose-antonio","tag-asier-minondo-uribeecheverria","tag-celestino-suarez-burguet","tag-mikel-navarro-arancegui","tag-rafael-munoz-de-bustillo-llorente","tag-vicente-donoso-donoso"],"_links":{"self":[{"href":"https:\/\/www.deberes.net\/tesis\/wp-json\/wp\/v2\/posts\/37388","targetHints":{"allow":["GET"]}}],"collection":[{"href":"https:\/\/www.deberes.net\/tesis\/wp-json\/wp\/v2\/posts"}],"about":[{"href":"https:\/\/www.deberes.net\/tesis\/wp-json\/wp\/v2\/types\/post"}],"author":[{"embeddable":true,"href":"https:\/\/www.deberes.net\/tesis\/wp-json\/wp\/v2\/users\/1"}],"replies":[{"embeddable":true,"href":"https:\/\/www.deberes.net\/tesis\/wp-json\/wp\/v2\/comments?post=37388"}],"version-history":[{"count":0,"href":"https:\/\/www.deberes.net\/tesis\/wp-json\/wp\/v2\/posts\/37388\/revisions"}],"wp:attachment":[{"href":"https:\/\/www.deberes.net\/tesis\/wp-json\/wp\/v2\/media?parent=37388"}],"wp:term":[{"taxonomy":"category","embeddable":true,"href":"https:\/\/www.deberes.net\/tesis\/wp-json\/wp\/v2\/categories?post=37388"},{"taxonomy":"post_tag","embeddable":true,"href":"https:\/\/www.deberes.net\/tesis\/wp-json\/wp\/v2\/tags?post=37388"}],"curies":[{"name":"wp","href":"https:\/\/api.w.org\/{rel}","templated":true}]}}