{"id":37405,"date":"1998-01-01T00:00:00","date_gmt":"1998-01-01T00:00:00","guid":{"rendered":"https:\/\/www.deberes.net\/tesis\/sin-categoria\/la-relacion-juridica-de-militarizacion-profesional-y-su-correlativa-de-mando-militar\/"},"modified":"1998-01-01T00:00:00","modified_gmt":"1998-01-01T00:00:00","slug":"la-relacion-juridica-de-militarizacion-profesional-y-su-correlativa-de-mando-militar","status":"publish","type":"post","link":"https:\/\/www.deberes.net\/tesis\/ciencias-juridicas-y-derecho\/la-relacion-juridica-de-militarizacion-profesional-y-su-correlativa-de-mando-militar\/","title":{"rendered":"La relacion juridica de militarizacion profesional y su correlativa de mando militar."},"content":{"rendered":"<h2>Tesis doctoral de <strong>  Alli Turrillas Juan  Cruz <\/strong><\/h2>\n<p>La tesis trata, en primer lugar, de dar una visi\u00f3n conjunta de la defensa como realidad con un alto componente jur\u00eddico. En segundo lugar, trata espec\u00edficamente del r\u00e9gimen estatutario de los militares profesionales de carrera en espa\u00f1a, incidiendo particularmente en su potestad de mando y disciplinaria.  para ello el primer cap\u00edtulo versa sobre el concepto de ej\u00e9rcito y fuerzas armadas (fas), as\u00ed como de su caracterizaci\u00f3n jur\u00eddica. Se trata de una instituci\u00f3n en sentido sociol\u00f3gico y de una administraci\u00f3n en sentido jur\u00eddico. El segundo cap\u00edtulo trata especificamente sobre el fin, las funciones y misiones de las fas, es decir el marco de actuaci\u00f3n de las mismas. El tercero se refiere al marco organizativo: la estructura defensiva y la organizaci\u00f3n concreta del ej\u00e9rcito de tierra (et).  a partir del cuarto cap\u00edtulo la tesis ya trata el r\u00e9gimen del militar individual. Primero, cap\u00edtulo cuarto, las ideas generales y las notas definidoras del ser del ej\u00e9rcito (disciplina, jerarqu\u00eda    y unidad). El quinto desarrolla el r\u00e9gimen funcionarial seg\u00fan el modelo relacional. Ello permite examinar todos los aspectos: los meramente jur\u00eddico-administrativos, los propiamente militares y, tambi\u00e9n los espec\u00edficos de su condici\u00f3n de guerrero. Finalmente el cap. Sexto examina las potestades del militar de carrera: la de mando y la disciplinaria.  es una relaci\u00f3n interna y espec\u00edfica con un mando jur\u00eddico muy peculiar, pues se mezcla el r\u00e9gimen administrativo con el t\u00e9cnico-b\u00e9lico.<\/p>\n<p>&nbsp;<\/p>\n<h3>Datos acad\u00e9micos de la tesis doctoral \u00ab<strong>La relacion juridica de militarizacion profesional y su correlativa de mando militar.<\/strong>\u00ab<\/h3>\n<ul>\n<li><strong>T\u00edtulo de la tesis:<\/strong>\u00a0 La relacion juridica de militarizacion profesional y su correlativa de mando militar. <\/li>\n<li><strong>Autor:<\/strong>\u00a0  Alli Turrillas Juan  Cruz <\/li>\n<li><strong>Universidad:<\/strong>\u00a0 Navarra<\/li>\n<li><strong>Fecha de lectura de la tesis:<\/strong>\u00a0 01\/01\/1998<\/li>\n<\/ul>\n<p>&nbsp;<\/p>\n<h3>Direcci\u00f3n y tribunal<\/h3>\n<ul>\n<li><strong>Director de la tesis<\/strong>\n<ul>\n<li>Francisco Gonzalez Navarro<\/li>\n<\/ul>\n<\/li>\n<li><strong>Tribunal<\/strong>\n<ul>\n<li>Presidente del tribunal: Jos\u00e9 Ram\u00f3n Parada V\u00e1zquez <\/li>\n<li>Jos\u00e9 Luis Martinez L\u00f3pez Mu\u00f1iz (vocal)<\/li>\n<li>Fernando Lopez Ramon (vocal)<\/li>\n<li>Jos\u00e9 Manuel Castells Arteche (vocal)<\/li>\n<\/ul>\n<\/li>\n<\/ul>\n<p>&nbsp;<\/p>\n","protected":false},"excerpt":{"rendered":"<p>Tesis doctoral de Alli Turrillas Juan Cruz La tesis trata, en primer lugar, de dar una visi\u00f3n conjunta de la [&hellip;]<\/p>\n","protected":false},"author":1,"featured_media":0,"comment_status":"open","ping_status":"open","sticky":false,"template":"","format":"standard","meta":{"site-sidebar-layout":"default","site-content-layout":"","ast-site-content-layout":"","site-content-style":"default","site-sidebar-style":"default","ast-global-header-display":"","ast-banner-title-visibility":"","ast-main-header-display":"","ast-hfb-above-header-display":"","ast-hfb-below-header-display":"","ast-hfb-mobile-header-display":"","site-post-title":"","ast-breadcrumbs-content":"","ast-featured-img":"","footer-sml-layout":"","theme-transparent-header-meta":"","adv-header-id-meta":"","stick-header-meta":"","header-above-stick-meta":"","header-main-stick-meta":"","header-below-stick-meta":"","astra-migrate-meta-layouts":"default","ast-page-background-enabled":"default","ast-page-background-meta":{"desktop":{"background-color":"var(--ast-global-color-4)","background-image":"","background-repeat":"repeat","background-position":"center center","background-size":"auto","background-attachment":"scroll","background-type":"","background-media":"","overlay-type":"","overlay-color":"","overlay-gradient":""},"tablet":{"background-color":"","background-image":"","background-repeat":"repeat","background-position":"center center","background-size":"auto","background-attachment":"scroll","background-type":"","background-media":"","overlay-type":"","overlay-color":"","overlay-gradient":""},"mobile":{"background-color":"","background-image":"","background-repeat":"repeat","background-position":"center center","background-size":"auto","background-attachment":"scroll","background-type":"","background-media":"","overlay-type":"","overlay-color":"","overlay-gradient":""}},"ast-content-background-meta":{"desktop":{"background-color":"var(--ast-global-color-5)","background-image":"","background-repeat":"repeat","background-position":"center center","background-size":"auto","background-attachment":"scroll","background-type":"","background-media":"","overlay-type":"","overlay-color":"","overlay-gradient":""},"tablet":{"background-color":"var(--ast-global-color-5)","background-image":"","background-repeat":"repeat","background-position":"center center","background-size":"auto","background-attachment":"scroll","background-type":"","background-media":"","overlay-type":"","overlay-color":"","overlay-gradient":""},"mobile":{"background-color":"var(--ast-global-color-5)","background-image":"","background-repeat":"repeat","background-position":"center center","background-size":"auto","background-attachment":"scroll","background-type":"","background-media":"","overlay-type":"","overlay-color":"","overlay-gradient":""}},"footnotes":""},"categories":[612,1442,979,17749],"tags":[98109,14618,18016,10200,28472,1918],"class_list":["post-37405","post","type-post","status-publish","format-standard","hentry","category-ciencias-juridicas-y-derecho","category-derecho-administrativo","category-derecho-y-legislacion-nacionales","category-navarra","tag-alli-turrillas-juan-cruz","tag-fernando-lopez-ramon","tag-francisco-gonzalez-navarro","tag-jose-luis-Martinez-lopez-muniz","tag-jose-manuel-castells-arteche","tag-jose-ramon-parada-vazquez"],"_links":{"self":[{"href":"https:\/\/www.deberes.net\/tesis\/wp-json\/wp\/v2\/posts\/37405","targetHints":{"allow":["GET"]}}],"collection":[{"href":"https:\/\/www.deberes.net\/tesis\/wp-json\/wp\/v2\/posts"}],"about":[{"href":"https:\/\/www.deberes.net\/tesis\/wp-json\/wp\/v2\/types\/post"}],"author":[{"embeddable":true,"href":"https:\/\/www.deberes.net\/tesis\/wp-json\/wp\/v2\/users\/1"}],"replies":[{"embeddable":true,"href":"https:\/\/www.deberes.net\/tesis\/wp-json\/wp\/v2\/comments?post=37405"}],"version-history":[{"count":0,"href":"https:\/\/www.deberes.net\/tesis\/wp-json\/wp\/v2\/posts\/37405\/revisions"}],"wp:attachment":[{"href":"https:\/\/www.deberes.net\/tesis\/wp-json\/wp\/v2\/media?parent=37405"}],"wp:term":[{"taxonomy":"category","embeddable":true,"href":"https:\/\/www.deberes.net\/tesis\/wp-json\/wp\/v2\/categories?post=37405"},{"taxonomy":"post_tag","embeddable":true,"href":"https:\/\/www.deberes.net\/tesis\/wp-json\/wp\/v2\/tags?post=37405"}],"curies":[{"name":"wp","href":"https:\/\/api.w.org\/{rel}","templated":true}]}}