{"id":37408,"date":"1998-01-01T00:00:00","date_gmt":"1998-01-01T00:00:00","guid":{"rendered":"https:\/\/www.deberes.net\/tesis\/sin-categoria\/la-estructura-de-la-radio-en-el-pais-vasco-1986-1996\/"},"modified":"1998-01-01T00:00:00","modified_gmt":"1998-01-01T00:00:00","slug":"la-estructura-de-la-radio-en-el-pais-vasco-1986-1996","status":"publish","type":"post","link":"https:\/\/www.deberes.net\/tesis\/ciencias-tecnologicas\/la-estructura-de-la-radio-en-el-pais-vasco-1986-1996\/","title":{"rendered":"La estructura de la radio en el pais vasco (1986-1996)."},"content":{"rendered":"<h2>Tesis doctoral de <strong> Avelino Amoedo Casais <\/strong><\/h2>\n<p>Esta investigaci\u00f3n analiza la estructura de la radio en el pa\u00eds vasco entre 1986 y 1996, a trav\u00e9s de cuatro par\u00e1metros: jur\u00eddico-administrativos, empresariales, t\u00e9cnicos e informativos.  el estudio analiza el n\u00famero de emisoras, su titularidad, la explotaci\u00f3n, los aspectos t\u00e9cnicos y administrativos, la programaci\u00f3n y las audiencias de la radio en esta comunidad.  el m\u00e9todo ha consistido en la consulta de los registros de empresas radiodifusoras de la direcci\u00f3n general de telecomunicaciones (ministerio de fomento) en Madrid y del departamento de cultura del gobierno vasco en vitoria; registros mercantiles de las provincias de alava, vizcaya y guip\u00fazcoa; entrevistas con los directores de todas las emisoras y un trabajo de campo de sintonizaci\u00f3n de las emisoras a lo largo de la geograf\u00eda vasca.  la investigaci\u00f3n ha concluido que, entre 1986 y 1996, el n\u00famero de emisoras en el pa\u00eds vasco se ha incrementado en un 73,47%. La radio p\u00fablica dispone de m\u00e1s emisoras que la radio privada, en 1996, la radio privada ten\u00eda 45 (32,6%) frente a 93 (67,4%) de la radio p\u00fablica. La mayor\u00eda de las emisoras privadas est\u00e1n integradas en cadenas de \u00e1mbito nacional y, por otra parte, de los 30 concesionarios de la radio privada designados por el gobierno vasco, s\u00f3lo 5 ofrecen una programaci\u00f3n enteramente local.<\/p>\n<p>&nbsp;<\/p>\n<h3>Datos acad\u00e9micos de la tesis doctoral \u00ab<strong>La estructura de la radio en el pais vasco (1986-1996).<\/strong>\u00ab<\/h3>\n<ul>\n<li><strong>T\u00edtulo de la tesis:<\/strong>\u00a0 La estructura de la radio en el pais vasco (1986-1996). <\/li>\n<li><strong>Autor:<\/strong>\u00a0 Avelino Amoedo Casais <\/li>\n<li><strong>Universidad:<\/strong>\u00a0 Navarra<\/li>\n<li><strong>Fecha de lectura de la tesis:<\/strong>\u00a0 01\/01\/1998<\/li>\n<\/ul>\n<p>&nbsp;<\/p>\n<h3>Direcci\u00f3n y tribunal<\/h3>\n<ul>\n<li><strong>Director de la tesis<\/strong>\n<ul>\n<li>Angel Faus Belau<\/li>\n<\/ul>\n<\/li>\n<li><strong>Tribunal<\/strong>\n<ul>\n<li>Presidente del tribunal: Alfonso Nieto Tamargo <\/li>\n<li>Jos\u00e9 Javier Sanchez Aranda (vocal)<\/li>\n<li>Carmen Pe\u00f1afiel Saiz (vocal)<\/li>\n<li>Matilde Delgado Reina (vocal)<\/li>\n<\/ul>\n<\/li>\n<\/ul>\n<p>&nbsp;<\/p>\n","protected":false},"excerpt":{"rendered":"<p>Tesis doctoral de Avelino Amoedo Casais Esta investigaci\u00f3n analiza la estructura de la radio en el pa\u00eds vasco entre 1986 [&hellip;]<\/p>\n","protected":false},"author":1,"featured_media":0,"comment_status":"open","ping_status":"open","sticky":false,"template":"","format":"standard","meta":{"site-sidebar-layout":"default","site-content-layout":"","ast-site-content-layout":"","site-content-style":"default","site-sidebar-style":"default","ast-global-header-display":"","ast-banner-title-visibility":"","ast-main-header-display":"","ast-hfb-above-header-display":"","ast-hfb-below-header-display":"","ast-hfb-mobile-header-display":"","site-post-title":"","ast-breadcrumbs-content":"","ast-featured-img":"","footer-sml-layout":"","theme-transparent-header-meta":"","adv-header-id-meta":"","stick-header-meta":"","header-above-stick-meta":"","header-main-stick-meta":"","header-below-stick-meta":"","astra-migrate-meta-layouts":"default","ast-page-background-enabled":"default","ast-page-background-meta":{"desktop":{"background-color":"var(--ast-global-color-4)","background-image":"","background-repeat":"repeat","background-position":"center center","background-size":"auto","background-attachment":"scroll","background-type":"","background-media":"","overlay-type":"","overlay-color":"","overlay-gradient":""},"tablet":{"background-color":"","background-image":"","background-repeat":"repeat","background-position":"center center","background-size":"auto","background-attachment":"scroll","background-type":"","background-media":"","overlay-type":"","overlay-color":"","overlay-gradient":""},"mobile":{"background-color":"","background-image":"","background-repeat":"repeat","background-position":"center center","background-size":"auto","background-attachment":"scroll","background-type":"","background-media":"","overlay-type":"","overlay-color":"","overlay-gradient":""}},"ast-content-background-meta":{"desktop":{"background-color":"var(--ast-global-color-5)","background-image":"","background-repeat":"repeat","background-position":"center center","background-size":"auto","background-attachment":"scroll","background-type":"","background-media":"","overlay-type":"","overlay-color":"","overlay-gradient":""},"tablet":{"background-color":"var(--ast-global-color-5)","background-image":"","background-repeat":"repeat","background-position":"center center","background-size":"auto","background-attachment":"scroll","background-type":"","background-media":"","overlay-type":"","overlay-color":"","overlay-gradient":""},"mobile":{"background-color":"var(--ast-global-color-5)","background-image":"","background-repeat":"repeat","background-position":"center center","background-size":"auto","background-attachment":"scroll","background-type":"","background-media":"","overlay-type":"","overlay-color":"","overlay-gradient":""}},"footnotes":""},"categories":[332,17749,30901,2489],"tags":[17792,18259,98113,24647,23230,87240],"class_list":["post-37408","post","type-post","status-publish","format-standard","hentry","category-ciencias-tecnologicas","category-navarra","category-radiodifusion-sonido-y-television","category-tecnologia-de-las-telecomunicaciones","tag-alfonso-nieto-tamargo","tag-angel-faus-belau","tag-avelino-amoedo-casais","tag-carmen-penafiel-saiz","tag-jose-javier-sanchez-aranda","tag-matilde-delgado-reina"],"_links":{"self":[{"href":"https:\/\/www.deberes.net\/tesis\/wp-json\/wp\/v2\/posts\/37408","targetHints":{"allow":["GET"]}}],"collection":[{"href":"https:\/\/www.deberes.net\/tesis\/wp-json\/wp\/v2\/posts"}],"about":[{"href":"https:\/\/www.deberes.net\/tesis\/wp-json\/wp\/v2\/types\/post"}],"author":[{"embeddable":true,"href":"https:\/\/www.deberes.net\/tesis\/wp-json\/wp\/v2\/users\/1"}],"replies":[{"embeddable":true,"href":"https:\/\/www.deberes.net\/tesis\/wp-json\/wp\/v2\/comments?post=37408"}],"version-history":[{"count":0,"href":"https:\/\/www.deberes.net\/tesis\/wp-json\/wp\/v2\/posts\/37408\/revisions"}],"wp:attachment":[{"href":"https:\/\/www.deberes.net\/tesis\/wp-json\/wp\/v2\/media?parent=37408"}],"wp:term":[{"taxonomy":"category","embeddable":true,"href":"https:\/\/www.deberes.net\/tesis\/wp-json\/wp\/v2\/categories?post=37408"},{"taxonomy":"post_tag","embeddable":true,"href":"https:\/\/www.deberes.net\/tesis\/wp-json\/wp\/v2\/tags?post=37408"}],"curies":[{"name":"wp","href":"https:\/\/api.w.org\/{rel}","templated":true}]}}