{"id":37412,"date":"1998-01-01T00:00:00","date_gmt":"1998-01-01T00:00:00","guid":{"rendered":"https:\/\/www.deberes.net\/tesis\/sin-categoria\/esencia-de-la-peregrinacion-cristiana-a-jerusalen\/"},"modified":"1998-01-01T00:00:00","modified_gmt":"1998-01-01T00:00:00","slug":"esencia-de-la-peregrinacion-cristiana-a-jerusalen","status":"publish","type":"post","link":"https:\/\/www.deberes.net\/tesis\/historia\/esencia-de-la-peregrinacion-cristiana-a-jerusalen\/","title":{"rendered":"Esencia de la peregrinacion cristiana a jerusalen."},"content":{"rendered":"<h2>Tesis doctoral de <strong> Rafael Arias Villalta <\/strong><\/h2>\n<p>El objeto de esta tesis es establecer la esencia de la peregrinaci\u00f3n cristiana a partir de los relatos de peregrinos singulares a jerusalen y a roma durante el primer milenio de la era cristiana.  cabe vislumbrar en la peregrinaci\u00f3n cristiana una cierta realizaci\u00f3n de lo que en el antiguo testamento era s\u00f3lo figura.  los relatos de peregrinos a jerusal\u00e9n revelan que su intenci\u00f3n es el seguimiento de las huellas de jes\u00fas; estos relatos constituyen una fuente hist\u00f3rica irrefutable de la convicci\u00f3n multisecular seg\u00fan la cual los acontecimientos pascuales de cristo se desarrollaron en unos lugares bien determinados. La peregrinaci\u00f3n a esos lugares, realmente realizada, es una ocasi\u00f3n de santificaci\u00f3n personal.  la peregrinaci\u00f3n a roma tiene por objeto ver al papa como sucesor y reliquia viviente de pedro, y orar ante los sepulcros de los ap\u00f3stoles y m\u00e1rtires de la iglesia romana. Con la evangelizaci\u00f3n de los pueblos b\u00e1rbaros se establece una relaci\u00f3n muy estrecha entre evangelizaci\u00f3n y peregrinaci\u00f3n.  para los padres de la iglesia y escritores eclesi\u00e1sticos la peregrinaci\u00f3n es un ejercicio asc\u00e9tico apropiado para ciertas personas, pero no un deber moral impuesto a todos los cristianos en general.<\/p>\n<p>&nbsp;<\/p>\n<h3>Datos acad\u00e9micos de la tesis doctoral \u00ab<strong>Esencia de la peregrinacion cristiana a jerusalen.<\/strong>\u00ab<\/h3>\n<ul>\n<li><strong>T\u00edtulo de la tesis:<\/strong>\u00a0 Esencia de la peregrinacion cristiana a jerusalen. <\/li>\n<li><strong>Autor:<\/strong>\u00a0 Rafael Arias Villalta <\/li>\n<li><strong>Universidad:<\/strong>\u00a0 Navarra<\/li>\n<li><strong>Fecha de lectura de la tesis:<\/strong>\u00a0 01\/01\/1998<\/li>\n<\/ul>\n<p>&nbsp;<\/p>\n<h3>Direcci\u00f3n y tribunal<\/h3>\n<ul>\n<li><strong>Director de la tesis<\/strong>\n<ul>\n<li> Odero De Dios Jos\u00e9 Miguel<\/li>\n<\/ul>\n<\/li>\n<li><strong>Tribunal<\/strong>\n<ul>\n<li>Presidente del tribunal: Domingo Ramos-lisson <\/li>\n<li>Ildefonso Adeva Mart\u00edn (vocal)<\/li>\n<li>Primitivo Tineo Tineo (vocal)<\/li>\n<li>Anton Pazos Rodriguez (vocal)<\/li>\n<\/ul>\n<\/li>\n<\/ul>\n<p>&nbsp;<\/p>\n","protected":false},"excerpt":{"rendered":"<p>Tesis doctoral de Rafael Arias Villalta El objeto de esta tesis es establecer la esencia de la peregrinaci\u00f3n cristiana a [&hellip;]<\/p>\n","protected":false},"author":1,"featured_media":0,"comment_status":"open","ping_status":"open","sticky":false,"template":"","format":"standard","meta":{"site-sidebar-layout":"default","site-content-layout":"","ast-site-content-layout":"","site-content-style":"default","site-sidebar-style":"default","ast-global-header-display":"","ast-banner-title-visibility":"","ast-main-header-display":"","ast-hfb-above-header-display":"","ast-hfb-below-header-display":"","ast-hfb-mobile-header-display":"","site-post-title":"","ast-breadcrumbs-content":"","ast-featured-img":"","footer-sml-layout":"","theme-transparent-header-meta":"","adv-header-id-meta":"","stick-header-meta":"","header-above-stick-meta":"","header-main-stick-meta":"","header-below-stick-meta":"","astra-migrate-meta-layouts":"default","ast-page-background-enabled":"default","ast-page-background-meta":{"desktop":{"background-color":"var(--ast-global-color-4)","background-image":"","background-repeat":"repeat","background-position":"center center","background-size":"auto","background-attachment":"scroll","background-type":"","background-media":"","overlay-type":"","overlay-color":"","overlay-gradient":""},"tablet":{"background-color":"","background-image":"","background-repeat":"repeat","background-position":"center center","background-size":"auto","background-attachment":"scroll","background-type":"","background-media":"","overlay-type":"","overlay-color":"","overlay-gradient":""},"mobile":{"background-color":"","background-image":"","background-repeat":"repeat","background-position":"center center","background-size":"auto","background-attachment":"scroll","background-type":"","background-media":"","overlay-type":"","overlay-color":"","overlay-gradient":""}},"ast-content-background-meta":{"desktop":{"background-color":"var(--ast-global-color-5)","background-image":"","background-repeat":"repeat","background-position":"center center","background-size":"auto","background-attachment":"scroll","background-type":"","background-media":"","overlay-type":"","overlay-color":"","overlay-gradient":""},"tablet":{"background-color":"var(--ast-global-color-5)","background-image":"","background-repeat":"repeat","background-position":"center center","background-size":"auto","background-attachment":"scroll","background-type":"","background-media":"","overlay-type":"","overlay-color":"","overlay-gradient":""},"mobile":{"background-color":"var(--ast-global-color-5)","background-image":"","background-repeat":"repeat","background-position":"center center","background-size":"auto","background-attachment":"scroll","background-type":"","background-media":"","overlay-type":"","overlay-color":"","overlay-gradient":""}},"footnotes":""},"categories":[681,983,104,119,220,17749,17785],"tags":[17836,17837,18351,45307,17863,98119],"class_list":["post-37412","post","type-post","status-publish","format-standard","hentry","category-antropologia","category-antropologia-cultural","category-historia","category-historia-medieval","category-historia-por-epocas","category-navarra","category-religion","tag-anton-pazos-rodriguez","tag-domingo-ramos-lisson","tag-ildefonso-adeva-martin","tag-odero-de-dios-jose-miguel","tag-primitivo-tineo-tineo","tag-rafael-arias-villalta"],"_links":{"self":[{"href":"https:\/\/www.deberes.net\/tesis\/wp-json\/wp\/v2\/posts\/37412","targetHints":{"allow":["GET"]}}],"collection":[{"href":"https:\/\/www.deberes.net\/tesis\/wp-json\/wp\/v2\/posts"}],"about":[{"href":"https:\/\/www.deberes.net\/tesis\/wp-json\/wp\/v2\/types\/post"}],"author":[{"embeddable":true,"href":"https:\/\/www.deberes.net\/tesis\/wp-json\/wp\/v2\/users\/1"}],"replies":[{"embeddable":true,"href":"https:\/\/www.deberes.net\/tesis\/wp-json\/wp\/v2\/comments?post=37412"}],"version-history":[{"count":0,"href":"https:\/\/www.deberes.net\/tesis\/wp-json\/wp\/v2\/posts\/37412\/revisions"}],"wp:attachment":[{"href":"https:\/\/www.deberes.net\/tesis\/wp-json\/wp\/v2\/media?parent=37412"}],"wp:term":[{"taxonomy":"category","embeddable":true,"href":"https:\/\/www.deberes.net\/tesis\/wp-json\/wp\/v2\/categories?post=37412"},{"taxonomy":"post_tag","embeddable":true,"href":"https:\/\/www.deberes.net\/tesis\/wp-json\/wp\/v2\/tags?post=37412"}],"curies":[{"name":"wp","href":"https:\/\/api.w.org\/{rel}","templated":true}]}}