{"id":37421,"date":"1998-01-01T00:00:00","date_gmt":"1998-01-01T00:00:00","guid":{"rendered":"https:\/\/www.deberes.net\/tesis\/sin-categoria\/el-menor-carente-de-hogar-en-la-sociedad-actual\/"},"modified":"1998-01-01T00:00:00","modified_gmt":"1998-01-01T00:00:00","slug":"el-menor-carente-de-hogar-en-la-sociedad-actual","status":"publish","type":"post","link":"https:\/\/www.deberes.net\/tesis\/sociologia\/el-menor-carente-de-hogar-en-la-sociedad-actual\/","title":{"rendered":"El menor carente de hogar en la sociedad actual."},"content":{"rendered":"<h2>Tesis doctoral de <strong>  Caparros Civera M. Neus <\/strong><\/h2>\n<p>Los menores, ni\u00f1os y j\u00f3venes, son un colectivo que, en determinadas circunstancias, pueden llegar a ser un grupo de riesgo. Este es el caso de los menores carentes de hogar normalizado, ya que el suyo propio presenta caracter\u00edsticas de desestructuraci\u00f3n y un ambiente nocivo para el desarrollo y crecimiento de sus miembros m\u00e1s j\u00f3venes.  el proceso de conceptualizaci\u00f3n de este colectivo, al que se ha llegado en la actualidad, ha pasado por un largo proceso hist\u00f3rico, en el cual, de ser necesitado menesteroso o pobre, se ha acabado en la diversificaci\u00f3n de este gran grupo. Conceptualizaci\u00f3n que parte de un constructo jur\u00eddico por el que se determina a aqu\u00e9llos que no han alcanzado la mayor\u00eda de edad.  en el momento actual, el colectivo de los menores que presentan un hogar desestructurado es susceptible de necesitar ayuda. En estos casos, las alternativas de intervenci\u00f3n son dos. Primera, mantener al menor en su medio reforzando a la familia, y segunda, separar al menor de su familia, buscando un medio sustituto a \u00e9sta, siendo una alternativa los pisos-hogar que sustenta la asociaci\u00f3n navarra nuevo futuro.<\/p>\n<p>&nbsp;<\/p>\n<h3>Datos acad\u00e9micos de la tesis doctoral \u00ab<strong>El menor carente de hogar en la sociedad actual.<\/strong>\u00ab<\/h3>\n<ul>\n<li><strong>T\u00edtulo de la tesis:<\/strong>\u00a0 El menor carente de hogar en la sociedad actual. <\/li>\n<li><strong>Autor:<\/strong>\u00a0  Caparros Civera M. Neus <\/li>\n<li><strong>Universidad:<\/strong>\u00a0 Navarra<\/li>\n<li><strong>Fecha de lectura de la tesis:<\/strong>\u00a0 01\/01\/1998<\/li>\n<\/ul>\n<p>&nbsp;<\/p>\n<h3>Direcci\u00f3n y tribunal<\/h3>\n<ul>\n<li><strong>Director de la tesis<\/strong>\n<ul>\n<li>Enrique Mart\u00edn L\u00f3pez<\/li>\n<\/ul>\n<\/li>\n<li><strong>Tribunal<\/strong>\n<ul>\n<li>Presidente del tribunal: Juan  Del Pino Artacho <\/li>\n<li>Javier Escriv\u00e1 Ivars (vocal)<\/li>\n<li>Jos\u00e9 Almaraz Pestana (vocal)<\/li>\n<li>Carmen Jos\u00e9 Alejos Grau (vocal)<\/li>\n<\/ul>\n<\/li>\n<\/ul>\n<p>&nbsp;<\/p>\n","protected":false},"excerpt":{"rendered":"<p>Tesis doctoral de Caparros Civera M. Neus Los menores, ni\u00f1os y j\u00f3venes, son un colectivo que, en determinadas circunstancias, pueden [&hellip;]<\/p>\n","protected":false},"author":1,"featured_media":0,"comment_status":"open","ping_status":"open","sticky":false,"template":"","format":"standard","meta":{"site-sidebar-layout":"default","site-content-layout":"","ast-site-content-layout":"","site-content-style":"default","site-sidebar-style":"default","ast-global-header-display":"","ast-banner-title-visibility":"","ast-main-header-display":"","ast-hfb-above-header-display":"","ast-hfb-below-header-display":"","ast-hfb-mobile-header-display":"","site-post-title":"","ast-breadcrumbs-content":"","ast-featured-img":"","footer-sml-layout":"","theme-transparent-header-meta":"","adv-header-id-meta":"","stick-header-meta":"","header-above-stick-meta":"","header-main-stick-meta":"","header-below-stick-meta":"","astra-migrate-meta-layouts":"default","ast-page-background-enabled":"default","ast-page-background-meta":{"desktop":{"background-color":"var(--ast-global-color-4)","background-image":"","background-repeat":"repeat","background-position":"center center","background-size":"auto","background-attachment":"scroll","background-type":"","background-media":"","overlay-type":"","overlay-color":"","overlay-gradient":""},"tablet":{"background-color":"","background-image":"","background-repeat":"repeat","background-position":"center center","background-size":"auto","background-attachment":"scroll","background-type":"","background-media":"","overlay-type":"","overlay-color":"","overlay-gradient":""},"mobile":{"background-color":"","background-image":"","background-repeat":"repeat","background-position":"center center","background-size":"auto","background-attachment":"scroll","background-type":"","background-media":"","overlay-type":"","overlay-color":"","overlay-gradient":""}},"ast-content-background-meta":{"desktop":{"background-color":"var(--ast-global-color-5)","background-image":"","background-repeat":"repeat","background-position":"center center","background-size":"auto","background-attachment":"scroll","background-type":"","background-media":"","overlay-type":"","overlay-color":"","overlay-gradient":""},"tablet":{"background-color":"var(--ast-global-color-5)","background-image":"","background-repeat":"repeat","background-position":"center center","background-size":"auto","background-attachment":"scroll","background-type":"","background-media":"","overlay-type":"","overlay-color":"","overlay-gradient":""},"mobile":{"background-color":"var(--ast-global-color-5)","background-image":"","background-repeat":"repeat","background-position":"center center","background-size":"auto","background-attachment":"scroll","background-type":"","background-media":"","overlay-type":"","overlay-color":"","overlay-gradient":""}},"footnotes":""},"categories":[17749,1141,269,1496,10226,1341],"tags":[98128,51037,6290,32319,7402,7488],"class_list":["post-37421","post","type-post","status-publish","format-standard","hentry","category-navarra","category-pedagogia","category-sociologia","category-sociologia-del-trabajo","category-sociologia-educativa","category-teoria-y-metodos-educativos","tag-caparros-civera-m-neus","tag-carmen-jose-alejos-grau","tag-enrique-martin-lopez","tag-javier-escriva-ivars","tag-jose-almaraz-pestana","tag-juan-del-pino-artacho"],"_links":{"self":[{"href":"https:\/\/www.deberes.net\/tesis\/wp-json\/wp\/v2\/posts\/37421","targetHints":{"allow":["GET"]}}],"collection":[{"href":"https:\/\/www.deberes.net\/tesis\/wp-json\/wp\/v2\/posts"}],"about":[{"href":"https:\/\/www.deberes.net\/tesis\/wp-json\/wp\/v2\/types\/post"}],"author":[{"embeddable":true,"href":"https:\/\/www.deberes.net\/tesis\/wp-json\/wp\/v2\/users\/1"}],"replies":[{"embeddable":true,"href":"https:\/\/www.deberes.net\/tesis\/wp-json\/wp\/v2\/comments?post=37421"}],"version-history":[{"count":0,"href":"https:\/\/www.deberes.net\/tesis\/wp-json\/wp\/v2\/posts\/37421\/revisions"}],"wp:attachment":[{"href":"https:\/\/www.deberes.net\/tesis\/wp-json\/wp\/v2\/media?parent=37421"}],"wp:term":[{"taxonomy":"category","embeddable":true,"href":"https:\/\/www.deberes.net\/tesis\/wp-json\/wp\/v2\/categories?post=37421"},{"taxonomy":"post_tag","embeddable":true,"href":"https:\/\/www.deberes.net\/tesis\/wp-json\/wp\/v2\/tags?post=37421"}],"curies":[{"name":"wp","href":"https:\/\/api.w.org\/{rel}","templated":true}]}}