{"id":37440,"date":"1998-01-01T00:00:00","date_gmt":"1998-01-01T00:00:00","guid":{"rendered":"https:\/\/www.deberes.net\/tesis\/sin-categoria\/el-acceso-a-la-radio-y-television-en-espana-y-mexico-ambito-de-expresion-del-factor-religioso\/"},"modified":"1998-01-01T00:00:00","modified_gmt":"1998-01-01T00:00:00","slug":"el-acceso-a-la-radio-y-television-en-espana-y-mexico-ambito-de-expresion-del-factor-religioso","status":"publish","type":"post","link":"https:\/\/www.deberes.net\/tesis\/ciencias-juridicas-y-derecho\/el-acceso-a-la-radio-y-television-en-espana-y-mexico-ambito-de-expresion-del-factor-religioso\/","title":{"rendered":"El acceso a la radio y television en espa\u00f1a y mexico: ambito de expresion del factor religioso."},"content":{"rendered":"<h2>Tesis doctoral de <strong>  Flores Saiffe Gari Mario <\/strong><\/h2>\n<p>El acceso a los medios de comunicaci\u00f3n para la difusi\u00f3n de las ideas y creencias religiosas es una de las reivindicaciones de la iglesia, avalada por su magisterio sobre los medios de comunicaci\u00f3n, en especial a partir del concilio vaticano. De la importancia que la iglesia le ha dado a los medios de comunicaci\u00f3n como instrumentos para cumplir mejor su misi\u00f3n evangelizadora tratamos en el cap\u00edtulo i.  en espa\u00f1a una de las modalidades de ejercicio de la libertad de expresi\u00f3n se encuentra contemplada en el art.  20.3 ce que reconoce el derecho de acceso a los medios p\u00fablicos de comunicaci\u00f3n de aquellos grupos pol\u00edticos y sociales significativos. En este sentido, nada impide que las confesiones o asociaciones religiosas que cuenten con el debido registro seg\u00fan lo establece la ley, queden comprendidas dentro de esos grupos. En el cap\u00edtulo ii realizamos una s\u00edntesis de la doctrina espa\u00f1ola sobre el particular.  la libertad para difundir las propias creencias a trav\u00e9s de cualquier medio de transmisi\u00f3n de las ideas, constituye, en el ordenamiento jur\u00eddico espa\u00f1ol, uno de los contenidos esenciales del derecho de libertad religiosa. En el cap\u00edtulo iii abordamos el estudio de algunas disposiciones de la ley org\u00e1nica de libertad religiosa (lolr) a este respecto y detallamos los m\u00e1s importantes espacios que en la actualidad los medios de comunicaci\u00f3n dedican a la programaci\u00f3n de contenido religioso.  una vez estudiado el tema en espa\u00f1a (segunda parte), la parte tercera de la tesis est\u00e1 dedicada a m\u00e9xico. En este pa\u00eds las libertades de expresi\u00f3n e informaci\u00f3n est\u00e1n garantizadas. Esta \u00faltima fue reconocida en el texto constitucional mediante enmienda al art\u00edculo 6. Dicha enmienda surgi\u00f3 con la intenci\u00f3n de garantizar el acceso de los partidos pol\u00edticos a los medios de comunicaci\u00f3n como derecho (cap\u00edtulo iv).  en el cap\u00edtulo v estudiamos las recientes disposiciones de la ley de asociaciones religiosas<\/p>\n<p>&nbsp;<\/p>\n<h3>Datos acad\u00e9micos de la tesis doctoral \u00ab<strong>El acceso a la radio y television en espa\u00f1a y mexico: ambito de expresion del factor religioso.<\/strong>\u00ab<\/h3>\n<ul>\n<li><strong>T\u00edtulo de la tesis:<\/strong>\u00a0 El acceso a la radio y television en espa\u00f1a y mexico: ambito de expresion del factor religioso. <\/li>\n<li><strong>Autor:<\/strong>\u00a0  Flores Saiffe Gari Mario <\/li>\n<li><strong>Universidad:<\/strong>\u00a0 Navarra<\/li>\n<li><strong>Fecha de lectura de la tesis:<\/strong>\u00a0 01\/01\/1998<\/li>\n<\/ul>\n<p>&nbsp;<\/p>\n<h3>Direcci\u00f3n y tribunal<\/h3>\n<ul>\n<li><strong>Director de la tesis<\/strong>\n<ul>\n<li>Jorge Otaduy Guerin<\/li>\n<\/ul>\n<\/li>\n<li><strong>Tribunal<\/strong>\n<ul>\n<li>Presidente del tribunal: Eduardo Molano <\/li>\n<li>Juan  Ignacio Ba\u00f1ares Parera (vocal)<\/li>\n<li>Jorge Otaduy Guerin (vocal)<\/li>\n<li> Fuentes Alonso Jos\u00e9 Antonio (vocal)<\/li>\n<\/ul>\n<\/li>\n<\/ul>\n<p>&nbsp;<\/p>\n","protected":false},"excerpt":{"rendered":"<p>Tesis doctoral de Flores Saiffe Gari Mario El acceso a los medios de comunicaci\u00f3n para la difusi\u00f3n de las ideas [&hellip;]<\/p>\n","protected":false},"author":1,"featured_media":0,"comment_status":"open","ping_status":"open","sticky":false,"template":"","format":"standard","meta":{"site-sidebar-layout":"default","site-content-layout":"","ast-site-content-layout":"","site-content-style":"default","site-sidebar-style":"default","ast-global-header-display":"","ast-banner-title-visibility":"","ast-main-header-display":"","ast-hfb-above-header-display":"","ast-hfb-below-header-display":"","ast-hfb-mobile-header-display":"","site-post-title":"","ast-breadcrumbs-content":"","ast-featured-img":"","footer-sml-layout":"","theme-transparent-header-meta":"","adv-header-id-meta":"","stick-header-meta":"","header-above-stick-meta":"","header-main-stick-meta":"","header-below-stick-meta":"","astra-migrate-meta-layouts":"default","ast-page-background-enabled":"default","ast-page-background-meta":{"desktop":{"background-color":"var(--ast-global-color-4)","background-image":"","background-repeat":"repeat","background-position":"center center","background-size":"auto","background-attachment":"scroll","background-type":"","background-media":"","overlay-type":"","overlay-color":"","overlay-gradient":""},"tablet":{"background-color":"","background-image":"","background-repeat":"repeat","background-position":"center center","background-size":"auto","background-attachment":"scroll","background-type":"","background-media":"","overlay-type":"","overlay-color":"","overlay-gradient":""},"mobile":{"background-color":"","background-image":"","background-repeat":"repeat","background-position":"center center","background-size":"auto","background-attachment":"scroll","background-type":"","background-media":"","overlay-type":"","overlay-color":"","overlay-gradient":""}},"ast-content-background-meta":{"desktop":{"background-color":"var(--ast-global-color-5)","background-image":"","background-repeat":"repeat","background-position":"center center","background-size":"auto","background-attachment":"scroll","background-type":"","background-media":"","overlay-type":"","overlay-color":"","overlay-gradient":""},"tablet":{"background-color":"var(--ast-global-color-5)","background-image":"","background-repeat":"repeat","background-position":"center center","background-size":"auto","background-attachment":"scroll","background-type":"","background-media":"","overlay-type":"","overlay-color":"","overlay-gradient":""},"mobile":{"background-color":"var(--ast-global-color-5)","background-image":"","background-repeat":"repeat","background-position":"center center","background-size":"auto","background-attachment":"scroll","background-type":"","background-media":"","overlay-type":"","overlay-color":"","overlay-gradient":""}},"footnotes":""},"categories":[838,612,1442,979,5051,17749,4840],"tags":[18211,98158,18210,32084,18212],"class_list":["post-37440","post","type-post","status-publish","format-standard","hentry","category-ciencia-politica","category-ciencias-juridicas-y-derecho","category-derecho-administrativo","category-derecho-y-legislacion-nacionales","category-medios-de-comunicacion-de-masas","category-navarra","category-opinion-publica","tag-eduardo-molano","tag-flores-saiffe-gari-mario","tag-fuentes-alonso-jose-antonio","tag-jorge-otaduy-guerin","tag-juan-ignacio-banares-parera"],"_links":{"self":[{"href":"https:\/\/www.deberes.net\/tesis\/wp-json\/wp\/v2\/posts\/37440","targetHints":{"allow":["GET"]}}],"collection":[{"href":"https:\/\/www.deberes.net\/tesis\/wp-json\/wp\/v2\/posts"}],"about":[{"href":"https:\/\/www.deberes.net\/tesis\/wp-json\/wp\/v2\/types\/post"}],"author":[{"embeddable":true,"href":"https:\/\/www.deberes.net\/tesis\/wp-json\/wp\/v2\/users\/1"}],"replies":[{"embeddable":true,"href":"https:\/\/www.deberes.net\/tesis\/wp-json\/wp\/v2\/comments?post=37440"}],"version-history":[{"count":0,"href":"https:\/\/www.deberes.net\/tesis\/wp-json\/wp\/v2\/posts\/37440\/revisions"}],"wp:attachment":[{"href":"https:\/\/www.deberes.net\/tesis\/wp-json\/wp\/v2\/media?parent=37440"}],"wp:term":[{"taxonomy":"category","embeddable":true,"href":"https:\/\/www.deberes.net\/tesis\/wp-json\/wp\/v2\/categories?post=37440"},{"taxonomy":"post_tag","embeddable":true,"href":"https:\/\/www.deberes.net\/tesis\/wp-json\/wp\/v2\/tags?post=37440"}],"curies":[{"name":"wp","href":"https:\/\/api.w.org\/{rel}","templated":true}]}}