{"id":37448,"date":"1998-01-01T00:00:00","date_gmt":"1998-01-01T00:00:00","guid":{"rendered":"https:\/\/www.deberes.net\/tesis\/sin-categoria\/economia-y-sociedad-en-el-pensamiento-de-karl-polanyi\/"},"modified":"1998-01-01T00:00:00","modified_gmt":"1998-01-01T00:00:00","slug":"economia-y-sociedad-en-el-pensamiento-de-karl-polanyi","status":"publish","type":"post","link":"https:\/\/www.deberes.net\/tesis\/ciencias-economicas\/economia-y-sociedad-en-el-pensamiento-de-karl-polanyi\/","title":{"rendered":"Economia y sociedad en el pensamiento de karl polanyi."},"content":{"rendered":"<h2>Tesis doctoral de <strong>  Garcia Sanchez JavierAlejandro <\/strong><\/h2>\n<p>En este trabajo se aborda el pensamiento econ\u00f3mico de karl polanyi como una unidad. Se exploran los caminos por \u00e9l sugeridos, se\u00f1alando cu\u00e1les han sido sus intuiciones m\u00e1s fruct\u00edferas y cu\u00e1les parecen conducir a callejones sin salida. Consta de tres partes. En la primera, se describe el punto de partida de polanyi: su interpretaci\u00f3n hist\u00f3rica del origen, auge y declive del capitalismo. En la segunda, se han recogido las reflexiones sobre la metodolog\u00eda econ\u00f3mica; mientras que en la tercera, se han tratado las referidas a la cuesti\u00f3n normativa de la organizaci\u00f3n social. La distinci\u00f3n polanyiana entre econom\u00eda formal y sustantiva sugiere que adem\u00e1s de la racionalidad instrumental, estudiada por la teor\u00eda econ\u00f3mica, existe otra -que se ha llamado pr\u00e1xica- que no razona en t\u00e9rminos de medios y fines, sino de acciones que tienen el fin en s\u00ed mismas. En el an\u00e1lisis metodol\u00f3gico se muestran los problemas que surgen al aplicar a la ciencia econ\u00f3mica dos criterios cient\u00edficos distintos: el emp\u00edrico y el l\u00f3gico-matem\u00e1tico. Se vincula la sugerencia metodol\u00f3gica polanyiana con el institucionalismo y se indica el modo en que \u00e9ste puede servir para superar las limitaciones de la teor\u00eda econ\u00f3mica: el olvido de los h\u00e1bitos y de la racionalidad pr\u00e1xica. En el an\u00e1lisis normativo se ofrece una cr\u00edtica a la propuesta socialista polanyiana, a partir de la distinci\u00f3n entre racionalidad instrumental y pr\u00e1xica.  bajo este punto de vista, se reinterpretan las cr\u00edticas que polanyi hace al capitalismo y sus sugerencias para superar los problemas que \u00e9ste presenta.<\/p>\n<p>&nbsp;<\/p>\n<h3>Datos acad\u00e9micos de la tesis doctoral \u00ab<strong>Economia y sociedad en el pensamiento de karl polanyi.<\/strong>\u00ab<\/h3>\n<ul>\n<li><strong>T\u00edtulo de la tesis:<\/strong>\u00a0 Economia y sociedad en el pensamiento de karl polanyi. <\/li>\n<li><strong>Autor:<\/strong>\u00a0  Garcia Sanchez JavierAlejandro <\/li>\n<li><strong>Universidad:<\/strong>\u00a0 Navarra<\/li>\n<li><strong>Fecha de lectura de la tesis:<\/strong>\u00a0 01\/01\/1998<\/li>\n<\/ul>\n<p>&nbsp;<\/p>\n<h3>Direcci\u00f3n y tribunal<\/h3>\n<ul>\n<li><strong>Director de la tesis<\/strong>\n<ul>\n<li>echevarr\u00eda Ortega Mart\u00ednez<\/li>\n<\/ul>\n<\/li>\n<li><strong>Tribunal<\/strong>\n<ul>\n<li>Presidente del tribunal: Rafael Alvira Dominguez <\/li>\n<li>Jos\u00e9 Perez Adan (vocal)<\/li>\n<li>Jos\u00e9 Antonio Garc\u00eda Dur\u00e1n De Lara (vocal)<\/li>\n<li>Sergio Cremaschi (vocal)<\/li>\n<\/ul>\n<\/li>\n<\/ul>\n<p>&nbsp;<\/p>\n","protected":false},"excerpt":{"rendered":"<p>Tesis doctoral de Garcia Sanchez JavierAlejandro En este trabajo se aborda el pensamiento econ\u00f3mico de karl polanyi como una unidad. [&hellip;]<\/p>\n","protected":false},"author":1,"featured_media":0,"comment_status":"open","ping_status":"open","sticky":false,"template":"","format":"standard","meta":{"site-sidebar-layout":"default","site-content-layout":"","ast-site-content-layout":"","site-content-style":"default","site-sidebar-style":"default","ast-global-header-display":"","ast-banner-title-visibility":"","ast-main-header-display":"","ast-hfb-above-header-display":"","ast-hfb-below-header-display":"","ast-hfb-mobile-header-display":"","site-post-title":"","ast-breadcrumbs-content":"","ast-featured-img":"","footer-sml-layout":"","theme-transparent-header-meta":"","adv-header-id-meta":"","stick-header-meta":"","header-above-stick-meta":"","header-main-stick-meta":"","header-below-stick-meta":"","astra-migrate-meta-layouts":"default","ast-page-background-enabled":"default","ast-page-background-meta":{"desktop":{"background-color":"var(--ast-global-color-4)","background-image":"","background-repeat":"repeat","background-position":"center center","background-size":"auto","background-attachment":"scroll","background-type":"","background-media":"","overlay-type":"","overlay-color":"","overlay-gradient":""},"tablet":{"background-color":"","background-image":"","background-repeat":"repeat","background-position":"center center","background-size":"auto","background-attachment":"scroll","background-type":"","background-media":"","overlay-type":"","overlay-color":"","overlay-gradient":""},"mobile":{"background-color":"","background-image":"","background-repeat":"repeat","background-position":"center center","background-size":"auto","background-attachment":"scroll","background-type":"","background-media":"","overlay-type":"","overlay-color":"","overlay-gradient":""}},"ast-content-background-meta":{"desktop":{"background-color":"var(--ast-global-color-5)","background-image":"","background-repeat":"repeat","background-position":"center center","background-size":"auto","background-attachment":"scroll","background-type":"","background-media":"","overlay-type":"","overlay-color":"","overlay-gradient":""},"tablet":{"background-color":"var(--ast-global-color-5)","background-image":"","background-repeat":"repeat","background-position":"center center","background-size":"auto","background-attachment":"scroll","background-type":"","background-media":"","overlay-type":"","overlay-color":"","overlay-gradient":""},"mobile":{"background-color":"var(--ast-global-color-5)","background-image":"","background-repeat":"repeat","background-position":"center center","background-size":"auto","background-attachment":"scroll","background-type":"","background-media":"","overlay-type":"","overlay-color":"","overlay-gradient":""}},"footnotes":""},"categories":[82,3132,104,438,3131,222,17749],"tags":[18347,98169,12680,98170,17980,98171],"class_list":["post-37448","post","type-post","status-publish","format-standard","hentry","category-ciencias-economicas","category-economia-general","category-historia","category-historia-de-la-economia","category-historia-del-pensamiento-economico","category-historias-especializadas","category-navarra","tag-echevarria-ortega-Martinez","tag-garcia-sanchez-javieralejandro","tag-jose-antonio-garcia-duran-de-lara","tag-jose-perez-adan","tag-rafael-alvira-dominguez","tag-sergio-cremaschi"],"_links":{"self":[{"href":"https:\/\/www.deberes.net\/tesis\/wp-json\/wp\/v2\/posts\/37448","targetHints":{"allow":["GET"]}}],"collection":[{"href":"https:\/\/www.deberes.net\/tesis\/wp-json\/wp\/v2\/posts"}],"about":[{"href":"https:\/\/www.deberes.net\/tesis\/wp-json\/wp\/v2\/types\/post"}],"author":[{"embeddable":true,"href":"https:\/\/www.deberes.net\/tesis\/wp-json\/wp\/v2\/users\/1"}],"replies":[{"embeddable":true,"href":"https:\/\/www.deberes.net\/tesis\/wp-json\/wp\/v2\/comments?post=37448"}],"version-history":[{"count":0,"href":"https:\/\/www.deberes.net\/tesis\/wp-json\/wp\/v2\/posts\/37448\/revisions"}],"wp:attachment":[{"href":"https:\/\/www.deberes.net\/tesis\/wp-json\/wp\/v2\/media?parent=37448"}],"wp:term":[{"taxonomy":"category","embeddable":true,"href":"https:\/\/www.deberes.net\/tesis\/wp-json\/wp\/v2\/categories?post=37448"},{"taxonomy":"post_tag","embeddable":true,"href":"https:\/\/www.deberes.net\/tesis\/wp-json\/wp\/v2\/tags?post=37448"}],"curies":[{"name":"wp","href":"https:\/\/api.w.org\/{rel}","templated":true}]}}