{"id":37452,"date":"1998-01-01T00:00:00","date_gmt":"1998-01-01T00:00:00","guid":{"rendered":"https:\/\/www.deberes.net\/tesis\/sin-categoria\/la-tutela-jurisdiccional-de-los-intereses-supraindividuales-colectivos-y-difusos\/"},"modified":"1998-01-01T00:00:00","modified_gmt":"1998-01-01T00:00:00","slug":"la-tutela-jurisdiccional-de-los-intereses-supraindividuales-colectivos-y-difusos","status":"publish","type":"post","link":"https:\/\/www.deberes.net\/tesis\/ciencias-juridicas-y-derecho\/la-tutela-jurisdiccional-de-los-intereses-supraindividuales-colectivos-y-difusos\/","title":{"rendered":"La tutela jurisdiccional de los intereses supraindividuales (colectivos y difusos)."},"content":{"rendered":"<h2>Tesis doctoral de <strong> Pablo Guti\u00e9rrez De Cabiedes Hidalgo De Caviedes <\/strong><\/h2>\n<p>Uno de los problemas m\u00e1s caracter\u00edsticos de la sociedad de nuestros d\u00edas y m\u00e1s relevantes de la evoluci\u00f3n jur\u00eddica actual es el de la tutela de los intereses y derechos de los que son titulares colectividades, grupos o categor\u00edas enteras de personas.  no es poco lo que se ha escrito sobre ellos en la doctrina jur\u00eddica, especialmente la procesalista de los \u00faltimos tiempos, pero parece claro que el tema est\u00e1 a\u00fan necesitado de un an\u00e1lisis dogm\u00e1tico- jur\u00eddico detenido que esclarezca y sistematice, en primer lugar, qu\u00e9 son los intereses que suelen denominarse colectivos y difusos, llevando a cabo una precisa caracterizaci\u00f3n de los mismos y de su naturaleza jur\u00eddica, as\u00ed como de las diversas instituciones procesales que est\u00e1n implicadas en su tutela jurisdiccional (capacidad para ser parte, procesal, legitimaci\u00f3n, acciones ejercitables, cosa juzgada, medidas cautelares y ejecuci\u00f3n).  esos dos aspectos son los que estructuran las respectivas partes de la tesis, en la que se abordan estas instituciones tanto desde el punto de vista t\u00e9cnico-jur\u00eddico como positivo, en los diversos \u00f3rdenes jurisdiccionales, en concordancia con los distintos \u00e1mbitos sustantivos en que esta problem\u00e1tica se plantea:  el derecho del consumo, el ambiental, el laboral, el administrativo en general, etc. Tanto en nuestro derecho como en los de nuestro entorno.<\/p>\n<p>&nbsp;<\/p>\n<h3>Datos acad\u00e9micos de la tesis doctoral \u00ab<strong>La tutela jurisdiccional de los intereses supraindividuales (colectivos y difusos).<\/strong>\u00ab<\/h3>\n<ul>\n<li><strong>T\u00edtulo de la tesis:<\/strong>\u00a0 La tutela jurisdiccional de los intereses supraindividuales (colectivos y difusos). <\/li>\n<li><strong>Autor:<\/strong>\u00a0 Pablo Guti\u00e9rrez De Cabiedes Hidalgo De Caviedes <\/li>\n<li><strong>Universidad:<\/strong>\u00a0 Navarra<\/li>\n<li><strong>Fecha de lectura de la tesis:<\/strong>\u00a0 01\/01\/1998<\/li>\n<\/ul>\n<p>&nbsp;<\/p>\n<h3>Direcci\u00f3n y tribunal<\/h3>\n<ul>\n<li><strong>Director de la tesis<\/strong>\n<ul>\n<li>Faustino Cord\u00f3n Moreno<\/li>\n<\/ul>\n<\/li>\n<li><strong>Tribunal<\/strong>\n<ul>\n<li>Presidente del tribunal: Jorge Carreras Llansana <\/li>\n<li>Angel Bonet Navarro (vocal)<\/li>\n<li>Juan Montero Aroca (vocal)<\/li>\n<li>Jes\u00fas Mar\u00eda Santos Vijande (vocal)<\/li>\n<\/ul>\n<\/li>\n<\/ul>\n<p>&nbsp;<\/p>\n","protected":false},"excerpt":{"rendered":"<p>Tesis doctoral de Pablo Guti\u00e9rrez De Cabiedes Hidalgo De Caviedes Uno de los problemas m\u00e1s caracter\u00edsticos de la sociedad de [&hellip;]<\/p>\n","protected":false},"author":1,"featured_media":0,"comment_status":"open","ping_status":"open","sticky":false,"template":"","format":"standard","meta":{"site-sidebar-layout":"default","site-content-layout":"","ast-site-content-layout":"","site-content-style":"default","site-sidebar-style":"default","ast-global-header-display":"","ast-banner-title-visibility":"","ast-main-header-display":"","ast-hfb-above-header-display":"","ast-hfb-below-header-display":"","ast-hfb-mobile-header-display":"","site-post-title":"","ast-breadcrumbs-content":"","ast-featured-img":"","footer-sml-layout":"","theme-transparent-header-meta":"","adv-header-id-meta":"","stick-header-meta":"","header-above-stick-meta":"","header-main-stick-meta":"","header-below-stick-meta":"","astra-migrate-meta-layouts":"default","ast-page-background-enabled":"default","ast-page-background-meta":{"desktop":{"background-color":"var(--ast-global-color-4)","background-image":"","background-repeat":"repeat","background-position":"center center","background-size":"auto","background-attachment":"scroll","background-type":"","background-media":"","overlay-type":"","overlay-color":"","overlay-gradient":""},"tablet":{"background-color":"","background-image":"","background-repeat":"repeat","background-position":"center center","background-size":"auto","background-attachment":"scroll","background-type":"","background-media":"","overlay-type":"","overlay-color":"","overlay-gradient":""},"mobile":{"background-color":"","background-image":"","background-repeat":"repeat","background-position":"center center","background-size":"auto","background-attachment":"scroll","background-type":"","background-media":"","overlay-type":"","overlay-color":"","overlay-gradient":""}},"ast-content-background-meta":{"desktop":{"background-color":"var(--ast-global-color-5)","background-image":"","background-repeat":"repeat","background-position":"center center","background-size":"auto","background-attachment":"scroll","background-type":"","background-media":"","overlay-type":"","overlay-color":"","overlay-gradient":""},"tablet":{"background-color":"var(--ast-global-color-5)","background-image":"","background-repeat":"repeat","background-position":"center center","background-size":"auto","background-attachment":"scroll","background-type":"","background-media":"","overlay-type":"","overlay-color":"","overlay-gradient":""},"mobile":{"background-color":"var(--ast-global-color-5)","background-image":"","background-repeat":"repeat","background-position":"center center","background-size":"auto","background-attachment":"scroll","background-type":"","background-media":"","overlay-type":"","overlay-color":"","overlay-gradient":""}},"footnotes":""},"categories":[612,3620,17749,3621,5899],"tags":[4856,17754,33476,50300,12325,59990],"class_list":["post-37452","post","type-post","status-publish","format-standard","hentry","category-ciencias-juridicas-y-derecho","category-derecho-procesal","category-navarra","category-organizacion-juridica","category-tribunales","tag-angel-bonet-navarro","tag-faustino-cordon-moreno","tag-jesus-maria-santos-vijande","tag-jorge-carreras-llansana","tag-juan-montero-aroca","tag-pablo-gutierrez-de-cabiedes-hidalgo-de-caviedes"],"_links":{"self":[{"href":"https:\/\/www.deberes.net\/tesis\/wp-json\/wp\/v2\/posts\/37452","targetHints":{"allow":["GET"]}}],"collection":[{"href":"https:\/\/www.deberes.net\/tesis\/wp-json\/wp\/v2\/posts"}],"about":[{"href":"https:\/\/www.deberes.net\/tesis\/wp-json\/wp\/v2\/types\/post"}],"author":[{"embeddable":true,"href":"https:\/\/www.deberes.net\/tesis\/wp-json\/wp\/v2\/users\/1"}],"replies":[{"embeddable":true,"href":"https:\/\/www.deberes.net\/tesis\/wp-json\/wp\/v2\/comments?post=37452"}],"version-history":[{"count":0,"href":"https:\/\/www.deberes.net\/tesis\/wp-json\/wp\/v2\/posts\/37452\/revisions"}],"wp:attachment":[{"href":"https:\/\/www.deberes.net\/tesis\/wp-json\/wp\/v2\/media?parent=37452"}],"wp:term":[{"taxonomy":"category","embeddable":true,"href":"https:\/\/www.deberes.net\/tesis\/wp-json\/wp\/v2\/categories?post=37452"},{"taxonomy":"post_tag","embeddable":true,"href":"https:\/\/www.deberes.net\/tesis\/wp-json\/wp\/v2\/tags?post=37452"}],"curies":[{"name":"wp","href":"https:\/\/api.w.org\/{rel}","templated":true}]}}