{"id":37461,"date":"1998-01-01T00:00:00","date_gmt":"1998-01-01T00:00:00","guid":{"rendered":"https:\/\/www.deberes.net\/tesis\/sin-categoria\/jesucristo-y-la-vida-espiritual-en-los-escritos-de-francisco-de-osuna\/"},"modified":"1998-01-01T00:00:00","modified_gmt":"1998-01-01T00:00:00","slug":"jesucristo-y-la-vida-espiritual-en-los-escritos-de-francisco-de-osuna","status":"publish","type":"post","link":"https:\/\/www.deberes.net\/tesis\/historia\/jesucristo-y-la-vida-espiritual-en-los-escritos-de-francisco-de-osuna\/","title":{"rendered":"Jesucristo y la vida espiritual en los escritos de francisco de osuna."},"content":{"rendered":"<h2>Tesis doctoral de <strong> Pedro Jodar Martinez <\/strong><\/h2>\n<p>Esta tesis doctoral estudia la figura de jesucristo y su relaci\u00f3n con la vida espiritual en las obras de francisco de osuna. Osuna es uno de los m\u00edsticos m\u00e1s importantes del siglo xvi. Sus obras espirituales m\u00e1s destacadas son los abecedarios. En la tesis, despu\u00e9s de presentar al autor de obra, se estudia la doctrina de osuna sobre jesucristo. La segunda persona de la trinidad act\u00faa en favor de los hombres en la creaci\u00f3n y despu\u00e9s del pecado de ad\u00e1n y eva no los dejar\u00e1 abandonados, sino que asume la tarea de encarnarse y redimir a toda la humanidad.  el amor de cristo, manifestado en la cruz, es un modelo a imitar. El seguimiento de jesucristo a trav\u00e9s de la meditaci\u00f3n de la pasi\u00f3n, llevar\u00e1 a la contemplaci\u00f3n. No queda completo el amor de jesucristo si no es con su entrega en la eucarist\u00eda. Osuna traer\u00e1 toda una serie de im\u00e1genes para contar las maravillas del amor de dios. Por las palabras de la consagraci\u00f3n -pronunciadas la primera vez por cristo y despu\u00e9s por el sacerdote- se hace presente en la mesa del altar, tal como estuvo presente en la primera misa.<\/p>\n<p>&nbsp;<\/p>\n<h3>Datos acad\u00e9micos de la tesis doctoral \u00ab<strong>Jesucristo y la vida espiritual en los escritos de francisco de osuna.<\/strong>\u00ab<\/h3>\n<ul>\n<li><strong>T\u00edtulo de la tesis:<\/strong>\u00a0 Jesucristo y la vida espiritual en los escritos de francisco de osuna. <\/li>\n<li><strong>Autor:<\/strong>\u00a0 Pedro Jodar Martinez <\/li>\n<li><strong>Universidad:<\/strong>\u00a0 Navarra<\/li>\n<li><strong>Fecha de lectura de la tesis:<\/strong>\u00a0 01\/01\/1998<\/li>\n<\/ul>\n<p>&nbsp;<\/p>\n<h3>Direcci\u00f3n y tribunal<\/h3>\n<ul>\n<li><strong>Director de la tesis<\/strong>\n<ul>\n<li>Fco. Javier Sese Alegre<\/li>\n<\/ul>\n<\/li>\n<li><strong>Tribunal<\/strong>\n<ul>\n<li>Presidente del tribunal:  Illanes Maestre Jos\u00e9 Luis <\/li>\n<li>Fco. Javier Sese Alegre (vocal)<\/li>\n<li>Ildefonso Adeva Mart\u00edn (vocal)<\/li>\n<li>Federico Requena Meana (vocal)<\/li>\n<\/ul>\n<\/li>\n<\/ul>\n<p>&nbsp;<\/p>\n","protected":false},"excerpt":{"rendered":"<p>Tesis doctoral de Pedro Jodar Martinez Esta tesis doctoral estudia la figura de jesucristo y su relaci\u00f3n con la vida [&hellip;]<\/p>\n","protected":false},"author":1,"featured_media":0,"comment_status":"open","ping_status":"open","sticky":false,"template":"","format":"standard","meta":{"site-sidebar-layout":"default","site-content-layout":"","ast-site-content-layout":"","site-content-style":"default","site-sidebar-style":"default","ast-global-header-display":"","ast-banner-title-visibility":"","ast-main-header-display":"","ast-hfb-above-header-display":"","ast-hfb-below-header-display":"","ast-hfb-mobile-header-display":"","site-post-title":"","ast-breadcrumbs-content":"","ast-featured-img":"","footer-sml-layout":"","theme-transparent-header-meta":"","adv-header-id-meta":"","stick-header-meta":"","header-above-stick-meta":"","header-main-stick-meta":"","header-below-stick-meta":"","astra-migrate-meta-layouts":"default","ast-page-background-enabled":"default","ast-page-background-meta":{"desktop":{"background-color":"var(--ast-global-color-4)","background-image":"","background-repeat":"repeat","background-position":"center center","background-size":"auto","background-attachment":"scroll","background-type":"","background-media":"","overlay-type":"","overlay-color":"","overlay-gradient":""},"tablet":{"background-color":"","background-image":"","background-repeat":"repeat","background-position":"center center","background-size":"auto","background-attachment":"scroll","background-type":"","background-media":"","overlay-type":"","overlay-color":"","overlay-gradient":""},"mobile":{"background-color":"","background-image":"","background-repeat":"repeat","background-position":"center center","background-size":"auto","background-attachment":"scroll","background-type":"","background-media":"","overlay-type":"","overlay-color":"","overlay-gradient":""}},"ast-content-background-meta":{"desktop":{"background-color":"var(--ast-global-color-5)","background-image":"","background-repeat":"repeat","background-position":"center center","background-size":"auto","background-attachment":"scroll","background-type":"","background-media":"","overlay-type":"","overlay-color":"","overlay-gradient":""},"tablet":{"background-color":"var(--ast-global-color-5)","background-image":"","background-repeat":"repeat","background-position":"center center","background-size":"auto","background-attachment":"scroll","background-type":"","background-media":"","overlay-type":"","overlay-color":"","overlay-gradient":""},"mobile":{"background-color":"var(--ast-global-color-5)","background-image":"","background-repeat":"repeat","background-position":"center center","background-size":"auto","background-attachment":"scroll","background-type":"","background-media":"","overlay-type":"","overlay-color":"","overlay-gradient":""}},"footnotes":""},"categories":[8646,8647,18088,104,1015,220,17749],"tags":[17879,43024,18351,17852,98187],"class_list":["post-37461","post","type-post","status-publish","format-standard","hentry","category-etica","category-etica-de-individuos","category-etica-religiosa","category-historia","category-historia-moderna-del-area-europea","category-historia-por-epocas","category-navarra","tag-fco-javier-sese-alegre","tag-federico-requena-meana","tag-ildefonso-adeva-martin","tag-illanes-maestre-jose-luis","tag-pedro-jodar-Martinez"],"_links":{"self":[{"href":"https:\/\/www.deberes.net\/tesis\/wp-json\/wp\/v2\/posts\/37461","targetHints":{"allow":["GET"]}}],"collection":[{"href":"https:\/\/www.deberes.net\/tesis\/wp-json\/wp\/v2\/posts"}],"about":[{"href":"https:\/\/www.deberes.net\/tesis\/wp-json\/wp\/v2\/types\/post"}],"author":[{"embeddable":true,"href":"https:\/\/www.deberes.net\/tesis\/wp-json\/wp\/v2\/users\/1"}],"replies":[{"embeddable":true,"href":"https:\/\/www.deberes.net\/tesis\/wp-json\/wp\/v2\/comments?post=37461"}],"version-history":[{"count":0,"href":"https:\/\/www.deberes.net\/tesis\/wp-json\/wp\/v2\/posts\/37461\/revisions"}],"wp:attachment":[{"href":"https:\/\/www.deberes.net\/tesis\/wp-json\/wp\/v2\/media?parent=37461"}],"wp:term":[{"taxonomy":"category","embeddable":true,"href":"https:\/\/www.deberes.net\/tesis\/wp-json\/wp\/v2\/categories?post=37461"},{"taxonomy":"post_tag","embeddable":true,"href":"https:\/\/www.deberes.net\/tesis\/wp-json\/wp\/v2\/tags?post=37461"}],"curies":[{"name":"wp","href":"https:\/\/api.w.org\/{rel}","templated":true}]}}