{"id":37464,"date":"1998-01-01T00:00:00","date_gmt":"1998-01-01T00:00:00","guid":{"rendered":"https:\/\/www.deberes.net\/tesis\/sin-categoria\/santa-maria-del-villar-fotografo-turista-en-los-origenes-de-la-fotografia-artistica-espanola\/"},"modified":"1998-01-01T00:00:00","modified_gmt":"1998-01-01T00:00:00","slug":"santa-maria-del-villar-fotografo-turista-en-los-origenes-de-la-fotografia-artistica-espanola","status":"publish","type":"post","link":"https:\/\/www.deberes.net\/tesis\/historia\/santa-maria-del-villar-fotografo-turista-en-los-origenes-de-la-fotografia-artistica-espanola\/","title":{"rendered":"Santa maria del villar, fotografo turista. en los origenes de la fotografia artistica espa\u00f1ola."},"content":{"rendered":"<h2>Tesis doctoral de <strong> Jorge Latorre Izquierdo <\/strong><\/h2>\n<p>Se trata de una investigaci\u00f3n basada en el trabajo de campo del archivo fotogr\u00e1fico de santa mar\u00eda del villar, considerado uno de los patriarcas de la fotograf\u00eda espa\u00f1ola. Este archivo, localizado en navarra, es susceptible en s\u00ed mismo de ofrecer una visi\u00f3n muy completa de lo que fue el nacimiento y los primeros pasos nuestra fotograf\u00eda, cuando las influencias del pictorialismo internacional posibilitaron que este medio fuera concebido como arte. Diego quiroga y losada, marqu\u00e9s de santa mar\u00eda del villar (1880-1976) naci\u00f3 en Madrid, en el seno de una familia arist\u00f3crata vinculada a la corte de alfonso xiii; fue mayordomo de semana del monarca, por lo que pudo participar en los acontecimientos festivos m\u00e1s importantes de la vida en la corte, entre los que destacan las cacer\u00edas de riofr\u00edo y aranjuez. Estuvo tambi\u00e9n en el nacimiento de la real sociedad fotogr\u00e1fica de Madrid, primera sociedad espa\u00f1ola y decana de todas las dem\u00e1s, y entre los fundadores y primeros fot\u00f3grafos de monta\u00f1a del club alpino espa\u00f1ol.  debido a su minucioso conocimiento geogr\u00e1fico y a su afici\u00f3n por el paisaje y la riqueza monumental de su tierra, en 1928 se le propuso el cargo de presidente del reci\u00e9n creado patronato nacional de turismo, cargo que no acept\u00f3 por quedar fuera de sus ambiciones puramente est\u00e9ticas. Sin embargo, desde este momento y hasta su muerte, toda su dedicaci\u00f3n profesional y art\u00edstica se identificar\u00e1 con el encargo recibido del mismo alfonso xiii: ocuparse de la divulgaci\u00f3n y del fomento del turismo con su fotograf\u00eda, por lo que se le ha considerado el pinero y mejor representante de la fotograf\u00eda tur\u00edstica espa\u00f1ola. Sus primeras fotograf\u00edas conservadas, tomadas con una c\u00e1mara muy rudimentaria, datan de 1895, y las \u00faltimas est\u00e1n fechadas en 1969; una larga carrera fotogr\u00e1fica con casi medio mill\u00f3n de negativos en su haber, aunque no es tan grande el n\u00famero de los clich\u00e9s conservados, dadas las p\u00e9<\/p>\n<p>&nbsp;<\/p>\n<h3>Datos acad\u00e9micos de la tesis doctoral \u00ab<strong>Santa maria del villar, fotografo turista. en los origenes de la fotografia artistica espa\u00f1ola.<\/strong>\u00ab<\/h3>\n<ul>\n<li><strong>T\u00edtulo de la tesis:<\/strong>\u00a0 Santa maria del villar, fotografo turista. en los origenes de la fotografia artistica espa\u00f1ola. <\/li>\n<li><strong>Autor:<\/strong>\u00a0 Jorge Latorre Izquierdo <\/li>\n<li><strong>Universidad:<\/strong>\u00a0 Navarra<\/li>\n<li><strong>Fecha de lectura de la tesis:<\/strong>\u00a0 01\/01\/1998<\/li>\n<\/ul>\n<p>&nbsp;<\/p>\n<h3>Direcci\u00f3n y tribunal<\/h3>\n<ul>\n<li><strong>Director de la tesis<\/strong>\n<ul>\n<li>Concepcion Garcia Gainza<\/li>\n<\/ul>\n<\/li>\n<li><strong>Tribunal<\/strong>\n<ul>\n<li>Presidente del tribunal: Francisco Jos\u00e9 Portela Sandoval <\/li>\n<li>Isidoro Coloma Martin (vocal)<\/li>\n<li>Carmen Pena (vocal)<\/li>\n<li>Alejandro Navas Garcia (vocal)<\/li>\n<\/ul>\n<\/li>\n<\/ul>\n<p>&nbsp;<\/p>\n","protected":false},"excerpt":{"rendered":"<p>Tesis doctoral de Jorge Latorre Izquierdo Se trata de una investigaci\u00f3n basada en el trabajo de campo del archivo fotogr\u00e1fico [&hellip;]<\/p>\n","protected":false},"author":1,"featured_media":0,"comment_status":"open","ping_status":"open","sticky":false,"template":"","format":"standard","meta":{"site-sidebar-layout":"default","site-content-layout":"","ast-site-content-layout":"","site-content-style":"default","site-sidebar-style":"default","ast-global-header-display":"","ast-banner-title-visibility":"","ast-main-header-display":"","ast-hfb-above-header-display":"","ast-hfb-below-header-display":"","ast-hfb-mobile-header-display":"","site-post-title":"","ast-breadcrumbs-content":"","ast-featured-img":"","footer-sml-layout":"","theme-transparent-header-meta":"","adv-header-id-meta":"","stick-header-meta":"","header-above-stick-meta":"","header-main-stick-meta":"","header-below-stick-meta":"","astra-migrate-meta-layouts":"default","ast-page-background-enabled":"default","ast-page-background-meta":{"desktop":{"background-color":"var(--ast-global-color-4)","background-image":"","background-repeat":"repeat","background-position":"center center","background-size":"auto","background-attachment":"scroll","background-type":"","background-media":"","overlay-type":"","overlay-color":"","overlay-gradient":""},"tablet":{"background-color":"","background-image":"","background-repeat":"repeat","background-position":"center center","background-size":"auto","background-attachment":"scroll","background-type":"","background-media":"","overlay-type":"","overlay-color":"","overlay-gradient":""},"mobile":{"background-color":"","background-image":"","background-repeat":"repeat","background-position":"center center","background-size":"auto","background-attachment":"scroll","background-type":"","background-media":"","overlay-type":"","overlay-color":"","overlay-gradient":""}},"ast-content-background-meta":{"desktop":{"background-color":"var(--ast-global-color-5)","background-image":"","background-repeat":"repeat","background-position":"center center","background-size":"auto","background-attachment":"scroll","background-type":"","background-media":"","overlay-type":"","overlay-color":"","overlay-gradient":""},"tablet":{"background-color":"var(--ast-global-color-5)","background-image":"","background-repeat":"repeat","background-position":"center center","background-size":"auto","background-attachment":"scroll","background-type":"","background-media":"","overlay-type":"","overlay-color":"","overlay-gradient":""},"mobile":{"background-color":"var(--ast-global-color-5)","background-image":"","background-repeat":"repeat","background-position":"center center","background-size":"auto","background-attachment":"scroll","background-type":"","background-media":"","overlay-type":"","overlay-color":"","overlay-gradient":""}},"footnotes":""},"categories":[147,5270,104,1014,222,17749,1111],"tags":[62680,98193,12862,5884,98147,98192],"class_list":["post-37464","post","type-post","status-publish","format-standard","hentry","category-ciencias-de-las-artes-y-las-letras","category-fotografia","category-historia","category-historia-del-arte","category-historias-especializadas","category-navarra","category-teoria-analisis-y-critica-de-las-bellas-artes","tag-alejandro-navas-garcia","tag-carmen-pena","tag-concepcion-garcia-gainza","tag-francisco-jose-portela-sandoval","tag-isidoro-coloma-martin","tag-jorge-latorre-izquierdo"],"_links":{"self":[{"href":"https:\/\/www.deberes.net\/tesis\/wp-json\/wp\/v2\/posts\/37464","targetHints":{"allow":["GET"]}}],"collection":[{"href":"https:\/\/www.deberes.net\/tesis\/wp-json\/wp\/v2\/posts"}],"about":[{"href":"https:\/\/www.deberes.net\/tesis\/wp-json\/wp\/v2\/types\/post"}],"author":[{"embeddable":true,"href":"https:\/\/www.deberes.net\/tesis\/wp-json\/wp\/v2\/users\/1"}],"replies":[{"embeddable":true,"href":"https:\/\/www.deberes.net\/tesis\/wp-json\/wp\/v2\/comments?post=37464"}],"version-history":[{"count":0,"href":"https:\/\/www.deberes.net\/tesis\/wp-json\/wp\/v2\/posts\/37464\/revisions"}],"wp:attachment":[{"href":"https:\/\/www.deberes.net\/tesis\/wp-json\/wp\/v2\/media?parent=37464"}],"wp:term":[{"taxonomy":"category","embeddable":true,"href":"https:\/\/www.deberes.net\/tesis\/wp-json\/wp\/v2\/categories?post=37464"},{"taxonomy":"post_tag","embeddable":true,"href":"https:\/\/www.deberes.net\/tesis\/wp-json\/wp\/v2\/tags?post=37464"}],"curies":[{"name":"wp","href":"https:\/\/api.w.org\/{rel}","templated":true}]}}