{"id":37470,"date":"1998-01-01T00:00:00","date_gmt":"1998-01-01T00:00:00","guid":{"rendered":"https:\/\/www.deberes.net\/tesis\/sin-categoria\/el-regimen-foral-de-navarra-en-materia-educativa-y-la-ley-general-de-educacion-de-1970\/"},"modified":"1998-01-01T00:00:00","modified_gmt":"1998-01-01T00:00:00","slug":"el-regimen-foral-de-navarra-en-materia-educativa-y-la-ley-general-de-educacion-de-1970","status":"publish","type":"post","link":"https:\/\/www.deberes.net\/tesis\/historia\/el-regimen-foral-de-navarra-en-materia-educativa-y-la-ley-general-de-educacion-de-1970\/","title":{"rendered":"El regimen foral de navarra en materia educativa y la ley general de educacion de 1970."},"content":{"rendered":"<h2>Tesis doctoral de <strong>  Maeztu Esparza Victor Manuel <\/strong><\/h2>\n<p>Esta investigaci\u00f3n, pretende describir cu\u00e1les fueron las competencias en materia educativa que tuvo navarra en virtud de su r\u00e9gimen foral reconocido en la ley general de educaci\u00f3n de 1970, y c\u00f3mo fueron desarrolladas hasta la aprobaci\u00f3n de la constituci\u00f3n espa\u00f1ola de 1978.  se destacan sint\u00e9ticamente los fundamentos de la situaci\u00f3n de la ense\u00f1anza primaria en navarra desde sus inicios hasta el a\u00f1o 1970. Para ello, se realizan algunas precisiones sobre: primero, el r\u00e9gimen foral de navarra; segundo, acerca de la ordenaci\u00f3n educativa espa\u00f1ola y navarra antes de 1970; y por \u00faltimo, sobre la reforma del sistema educativo que introdujo la ley general de educaci\u00f3n de 1970.  la b\u00fasqueda de la repercusi\u00f3n que la ley general de educaci\u00f3n tuvo en la pol\u00edtica educativa de navarra, es la parte esencial del trabajo. Dicha ley supuso una t\u00edmida apertura dentro de un r\u00e9gimen monol\u00edtico y centralizado, que se puso de manifiesto en la enunciaci\u00f3n de dos principios: el reconocimiento de la existencia de peculiaridades regionales, y en el respeto al r\u00e9gimen foral de navarra en la materia.  el primer principio no tuvo desarrollo reglamentario y el segundo se concret\u00f3 en un decreto pactado entre la diputaci\u00f3n foral y el ministerio de educaci\u00f3n del estado, por medio del cual, se especificaron las singularidades del r\u00e9gimen privativo de navarra en materia de ense\u00f1anza primaria.  el contenido de este decreto, es analizado en profundidad desde una visi\u00f3n hist\u00f3rica. Se adentra en los fundamentos pol\u00edtico administrativos de cada uno de los art\u00edculos y apartados de dicha norma, pues revelan cu\u00e1les y porqu\u00e9 fueron esas y no otras las competencias que navarra ejerci\u00f3 en virtud de su r\u00e9gimen foral.  una vez clarificadas las competencias de navarra en la materia, se describe su desarrollo, por los \u00f3rganos pol\u00edtico administrativos de navarra. Por un lado, la acci\u00f3n que llev\u00f3 a cabo la diputaci\u00f3n, tanto en las mate<\/p>\n<p>&nbsp;<\/p>\n<h3>Datos acad\u00e9micos de la tesis doctoral \u00ab<strong>El regimen foral de navarra en materia educativa y la ley general de educacion de 1970.<\/strong>\u00ab<\/h3>\n<ul>\n<li><strong>T\u00edtulo de la tesis:<\/strong>\u00a0 El regimen foral de navarra en materia educativa y la ley general de educacion de 1970. <\/li>\n<li><strong>Autor:<\/strong>\u00a0  Maeztu Esparza Victor Manuel <\/li>\n<li><strong>Universidad:<\/strong>\u00a0 Navarra<\/li>\n<li><strong>Fecha de lectura de la tesis:<\/strong>\u00a0 01\/01\/1998<\/li>\n<\/ul>\n<p>&nbsp;<\/p>\n<h3>Direcci\u00f3n y tribunal<\/h3>\n<ul>\n<li><strong>Director de la tesis<\/strong>\n<ul>\n<li>Emilio Redondo Garcia<\/li>\n<\/ul>\n<\/li>\n<li><strong>Tribunal<\/strong>\n<ul>\n<li>Presidente del tribunal: Francisco Javier Vergara Ciordia <\/li>\n<li>Juan  Andr\u00e9s Mu\u00f1oz Arnau (vocal)<\/li>\n<li> Alli Aranguren Juan  Cruz (vocal)<\/li>\n<li>Blanca Jimenez Goicoa (vocal)<\/li>\n<\/ul>\n<\/li>\n<\/ul>\n<p>&nbsp;<\/p>\n","protected":false},"excerpt":{"rendered":"<p>Tesis doctoral de Maeztu Esparza Victor Manuel Esta investigaci\u00f3n, pretende describir cu\u00e1les fueron las competencias en materia educativa que tuvo [&hellip;]<\/p>\n","protected":false},"author":1,"featured_media":0,"comment_status":"open","ping_status":"open","sticky":false,"template":"","format":"standard","meta":{"site-sidebar-layout":"default","site-content-layout":"","ast-site-content-layout":"","site-content-style":"default","site-sidebar-style":"default","ast-global-header-display":"","ast-banner-title-visibility":"","ast-main-header-display":"","ast-hfb-above-header-display":"","ast-hfb-below-header-display":"","ast-hfb-mobile-header-display":"","site-post-title":"","ast-breadcrumbs-content":"","ast-featured-img":"","footer-sml-layout":"","theme-transparent-header-meta":"","adv-header-id-meta":"","stick-header-meta":"","header-above-stick-meta":"","header-main-stick-meta":"","header-below-stick-meta":"","astra-migrate-meta-layouts":"default","ast-page-background-enabled":"default","ast-page-background-meta":{"desktop":{"background-color":"var(--ast-global-color-4)","background-image":"","background-repeat":"repeat","background-position":"center center","background-size":"auto","background-attachment":"scroll","background-type":"","background-media":"","overlay-type":"","overlay-color":"","overlay-gradient":""},"tablet":{"background-color":"","background-image":"","background-repeat":"repeat","background-position":"center center","background-size":"auto","background-attachment":"scroll","background-type":"","background-media":"","overlay-type":"","overlay-color":"","overlay-gradient":""},"mobile":{"background-color":"","background-image":"","background-repeat":"repeat","background-position":"center center","background-size":"auto","background-attachment":"scroll","background-type":"","background-media":"","overlay-type":"","overlay-color":"","overlay-gradient":""}},"ast-content-background-meta":{"desktop":{"background-color":"var(--ast-global-color-5)","background-image":"","background-repeat":"repeat","background-position":"center center","background-size":"auto","background-attachment":"scroll","background-type":"","background-media":"","overlay-type":"","overlay-color":"","overlay-gradient":""},"tablet":{"background-color":"var(--ast-global-color-5)","background-image":"","background-repeat":"repeat","background-position":"center center","background-size":"auto","background-attachment":"scroll","background-type":"","background-media":"","overlay-type":"","overlay-color":"","overlay-gradient":""},"mobile":{"background-color":"var(--ast-global-color-5)","background-image":"","background-repeat":"repeat","background-position":"center center","background-size":"auto","background-attachment":"scroll","background-type":"","background-media":"","overlay-type":"","overlay-color":"","overlay-gradient":""}},"footnotes":""},"categories":[104,311,222,17749],"tags":[61467,91379,171,17236,17396,98202],"class_list":["post-37470","post","type-post","status-publish","format-standard","hentry","category-historia","category-historia-de-la-educacion","category-historias-especializadas","category-navarra","tag-alli-aranguren-juan-cruz","tag-blanca-jimenez-goicoa","tag-emilio-redondo-garcia","tag-francisco-javier-vergara-ciordia","tag-juan-andres-munoz-arnau","tag-maeztu-esparza-victor-manuel"],"_links":{"self":[{"href":"https:\/\/www.deberes.net\/tesis\/wp-json\/wp\/v2\/posts\/37470","targetHints":{"allow":["GET"]}}],"collection":[{"href":"https:\/\/www.deberes.net\/tesis\/wp-json\/wp\/v2\/posts"}],"about":[{"href":"https:\/\/www.deberes.net\/tesis\/wp-json\/wp\/v2\/types\/post"}],"author":[{"embeddable":true,"href":"https:\/\/www.deberes.net\/tesis\/wp-json\/wp\/v2\/users\/1"}],"replies":[{"embeddable":true,"href":"https:\/\/www.deberes.net\/tesis\/wp-json\/wp\/v2\/comments?post=37470"}],"version-history":[{"count":0,"href":"https:\/\/www.deberes.net\/tesis\/wp-json\/wp\/v2\/posts\/37470\/revisions"}],"wp:attachment":[{"href":"https:\/\/www.deberes.net\/tesis\/wp-json\/wp\/v2\/media?parent=37470"}],"wp:term":[{"taxonomy":"category","embeddable":true,"href":"https:\/\/www.deberes.net\/tesis\/wp-json\/wp\/v2\/categories?post=37470"},{"taxonomy":"post_tag","embeddable":true,"href":"https:\/\/www.deberes.net\/tesis\/wp-json\/wp\/v2\/tags?post=37470"}],"curies":[{"name":"wp","href":"https:\/\/api.w.org\/{rel}","templated":true}]}}