{"id":37539,"date":"1998-01-01T00:00:00","date_gmt":"1998-01-01T00:00:00","guid":{"rendered":"https:\/\/www.deberes.net\/tesis\/sin-categoria\/la-educacion-de-los-ninos-deficientes-visuales-a-la-luz-de-la-experiencia-de-los-deficientes-visuales-adultos\/"},"modified":"1998-01-01T00:00:00","modified_gmt":"1998-01-01T00:00:00","slug":"la-educacion-de-los-ninos-deficientes-visuales-a-la-luz-de-la-experiencia-de-los-deficientes-visuales-adultos","status":"publish","type":"post","link":"https:\/\/www.deberes.net\/tesis\/psicologia\/la-educacion-de-los-ninos-deficientes-visuales-a-la-luz-de-la-experiencia-de-los-deficientes-visuales-adultos\/","title":{"rendered":"La educacion de los ni\u00f1os deficientes visuales a la luz de la experiencia de los deficientes visuales adultos."},"content":{"rendered":"<h2>Tesis doctoral de <strong>  Arias Rodriguez M. Alicia <\/strong><\/h2>\n<p>Esta tesis doctoral pretende ser un alegato en favor de la integraci\u00f3n total de los deficientes visuales en la sociedad. Para ello la deficiencia visual debe ser entendida como un problema f\u00edsico que no afecta para nada a la estructura cognitiva del sujeto. Lo \u00fanico que tal d\u00e9ficit puede originar es una huella psicologica en la personalidad de los deficientes visuales, y tal vez, una lentificaci\u00f3n de un proceso madurativo.  esta investigaci\u00f3n pretende, estudiar algunos elementos psicologicos que pueden, repercutir en el desarrollo normal del sujeto invidente a partir de la experiencia de sujetos mayores de 18 a\u00f1os y deficientes visuales. Para poder proporcionar, posteriormente, pautas para la intervenci\u00f3n de los profesionales y los no profesionales que configuran el entorno educativo de los invidentes.<\/p>\n<p>&nbsp;<\/p>\n<h3>Datos acad\u00e9micos de la tesis doctoral \u00ab<strong>La educacion de los ni\u00f1os deficientes visuales a la luz de la experiencia de los deficientes visuales adultos.<\/strong>\u00ab<\/h3>\n<ul>\n<li><strong>T\u00edtulo de la tesis:<\/strong>\u00a0 La educacion de los ni\u00f1os deficientes visuales a la luz de la experiencia de los deficientes visuales adultos. <\/li>\n<li><strong>Autor:<\/strong>\u00a0  Arias Rodriguez M. Alicia <\/li>\n<li><strong>Universidad:<\/strong>\u00a0 Pontificia de salamanca<\/li>\n<li><strong>Fecha de lectura de la tesis:<\/strong>\u00a0 01\/01\/1998<\/li>\n<\/ul>\n<p>&nbsp;<\/p>\n<h3>Direcci\u00f3n y tribunal<\/h3>\n<ul>\n<li><strong>Director de la tesis<\/strong>\n<ul>\n<li>Juan  Antonio Castro   Posadas<\/li>\n<\/ul>\n<\/li>\n<li><strong>Tribunal<\/strong>\n<ul>\n<li>Presidente del tribunal: Purificacion Galindo Villardon <\/li>\n<li>Mar\u00eda  Del Carmen Ortiz Gonzalez (vocal)<\/li>\n<li>Jos\u00e9 Cajide Val (vocal)<\/li>\n<li>Antonio Vazquez Fernandez (vocal)<\/li>\n<\/ul>\n<\/li>\n<\/ul>\n<p>&nbsp;<\/p>\n","protected":false},"excerpt":{"rendered":"<p>Tesis doctoral de Arias Rodriguez M. Alicia Esta tesis doctoral pretende ser un alegato en favor de la integraci\u00f3n total [&hellip;]<\/p>\n","protected":false},"author":1,"featured_media":0,"comment_status":"open","ping_status":"open","sticky":false,"template":"","format":"standard","meta":{"site-sidebar-layout":"default","site-content-layout":"","ast-site-content-layout":"","site-content-style":"default","site-sidebar-style":"default","ast-global-header-display":"","ast-banner-title-visibility":"","ast-main-header-display":"","ast-hfb-above-header-display":"","ast-hfb-below-header-display":"","ast-hfb-mobile-header-display":"","site-post-title":"","ast-breadcrumbs-content":"","ast-featured-img":"","footer-sml-layout":"","theme-transparent-header-meta":"","adv-header-id-meta":"","stick-header-meta":"","header-above-stick-meta":"","header-main-stick-meta":"","header-below-stick-meta":"","astra-migrate-meta-layouts":"default","ast-page-background-enabled":"default","ast-page-background-meta":{"desktop":{"background-color":"var(--ast-global-color-4)","background-image":"","background-repeat":"repeat","background-position":"center center","background-size":"auto","background-attachment":"scroll","background-type":"","background-media":"","overlay-type":"","overlay-color":"","overlay-gradient":""},"tablet":{"background-color":"","background-image":"","background-repeat":"repeat","background-position":"center center","background-size":"auto","background-attachment":"scroll","background-type":"","background-media":"","overlay-type":"","overlay-color":"","overlay-gradient":""},"mobile":{"background-color":"","background-image":"","background-repeat":"repeat","background-position":"center center","background-size":"auto","background-attachment":"scroll","background-type":"","background-media":"","overlay-type":"","overlay-color":"","overlay-gradient":""}},"ast-content-background-meta":{"desktop":{"background-color":"var(--ast-global-color-5)","background-image":"","background-repeat":"repeat","background-position":"center center","background-size":"auto","background-attachment":"scroll","background-type":"","background-media":"","overlay-type":"","overlay-color":"","overlay-gradient":""},"tablet":{"background-color":"var(--ast-global-color-5)","background-image":"","background-repeat":"repeat","background-position":"center center","background-size":"auto","background-attachment":"scroll","background-type":"","background-media":"","overlay-type":"","overlay-color":"","overlay-gradient":""},"mobile":{"background-color":"var(--ast-global-color-5)","background-image":"","background-repeat":"repeat","background-position":"center center","background-size":"auto","background-attachment":"scroll","background-type":"","background-media":"","overlay-type":"","overlay-color":"","overlay-gradient":""}},"footnotes":""},"categories":[3289,26060,6025,948,324,970],"tags":[10220,98297,2850,18389,8595,17221],"class_list":["post-37539","post","type-post","status-publish","format-standard","hentry","category-deficiencia-mental-del-nino-y-del-adolescente","category-discriminacion","category-estudio-psicologico-de-cuestiones-sociales","category-pontificia-de-salamanca","category-psicologia","category-psicologia-del-nino-y-del-adolescente","tag-antonio-vazquez-fernandez","tag-arias-rodriguez-m-alicia","tag-jose-cajide-val","tag-juan-antonio-castro-posadas","tag-maria-del-carmen-ortiz-gonzalez","tag-purificacion-galindo-villardon"],"_links":{"self":[{"href":"https:\/\/www.deberes.net\/tesis\/wp-json\/wp\/v2\/posts\/37539","targetHints":{"allow":["GET"]}}],"collection":[{"href":"https:\/\/www.deberes.net\/tesis\/wp-json\/wp\/v2\/posts"}],"about":[{"href":"https:\/\/www.deberes.net\/tesis\/wp-json\/wp\/v2\/types\/post"}],"author":[{"embeddable":true,"href":"https:\/\/www.deberes.net\/tesis\/wp-json\/wp\/v2\/users\/1"}],"replies":[{"embeddable":true,"href":"https:\/\/www.deberes.net\/tesis\/wp-json\/wp\/v2\/comments?post=37539"}],"version-history":[{"count":0,"href":"https:\/\/www.deberes.net\/tesis\/wp-json\/wp\/v2\/posts\/37539\/revisions"}],"wp:attachment":[{"href":"https:\/\/www.deberes.net\/tesis\/wp-json\/wp\/v2\/media?parent=37539"}],"wp:term":[{"taxonomy":"category","embeddable":true,"href":"https:\/\/www.deberes.net\/tesis\/wp-json\/wp\/v2\/categories?post=37539"},{"taxonomy":"post_tag","embeddable":true,"href":"https:\/\/www.deberes.net\/tesis\/wp-json\/wp\/v2\/tags?post=37539"}],"curies":[{"name":"wp","href":"https:\/\/api.w.org\/{rel}","templated":true}]}}