{"id":37565,"date":"1998-01-01T00:00:00","date_gmt":"1998-01-01T00:00:00","guid":{"rendered":"https:\/\/www.deberes.net\/tesis\/sin-categoria\/la-accion-de-indemnizacion-por-responsabilidad-extracontractual-segun-el-art-215-t-c-e\/"},"modified":"1998-01-01T00:00:00","modified_gmt":"1998-01-01T00:00:00","slug":"la-accion-de-indemnizacion-por-responsabilidad-extracontractual-segun-el-art-215-t-c-e","status":"publish","type":"post","link":"https:\/\/www.deberes.net\/tesis\/ciencias-juridicas-y-derecho\/la-accion-de-indemnizacion-por-responsabilidad-extracontractual-segun-el-art-215-t-c-e\/","title":{"rendered":"La accion de indemnizacion por responsabilidad extracontractual segun el art. 215 t.c.e."},"content":{"rendered":"<h2>Tesis doctoral de <strong> Jes\u00fas Punzon Moraleda <\/strong><\/h2>\n<p>La tesis se centra en estudiar, en el \u00e1mbito comunitario, la responsabilidad extracontractual de las instituciones comunitarias y de sus agentes en el ejercicio de sus funciones seg\u00fan el p\u00e1rrafo 2 el art\u00edculo 215 del t. Ce.  seg\u00fan el orden del contenido de la obra, en el cap. I se estudia la repercusi\u00f3n de los principios generales de los estados miembros, tanto los vinculados a los sistemas de responsabilidad de los estados miembros como los recogidos en las sentencias del tjce en la materia estudiada. En el cap. Ii, se analiza la autonom\u00eda del recurso respecto de los de omisi\u00f3n y anulaci\u00f3n. En el cap. Iii, se examinan los requisitos que conforman la acci\u00f3n de indemnizaci\u00f3n. En el cap. Iv, se investig\u00f3 como punto central, la concurrencia de responsabilidad entre los ordenamientos comunitarios y de los estados miembros.  por fin, en el cap. V, se abord\u00f3 la situaci\u00f3n intraestatal en espa\u00f1a desde el punto de vista de a quien corresponde la ejecuci\u00f3n del derecho comunitario para salvaguardar su responsabilidad ante el tjce.<\/p>\n<p>&nbsp;<\/p>\n<h3>Datos acad\u00e9micos de la tesis doctoral \u00ab<strong>La accion de indemnizacion por responsabilidad extracontractual segun el art. 215 t.c.e.<\/strong>\u00ab<\/h3>\n<ul>\n<li><strong>T\u00edtulo de la tesis:<\/strong>\u00a0 La accion de indemnizacion por responsabilidad extracontractual segun el art. 215 t.c.e. <\/li>\n<li><strong>Autor:<\/strong>\u00a0 Jes\u00fas Punzon Moraleda <\/li>\n<li><strong>Universidad:<\/strong>\u00a0 Castilla-la mancha<\/li>\n<li><strong>Fecha de lectura de la tesis:<\/strong>\u00a0 01\/01\/1998<\/li>\n<\/ul>\n<p>&nbsp;<\/p>\n<h3>Direcci\u00f3n y tribunal<\/h3>\n<ul>\n<li><strong>Director de la tesis<\/strong>\n<ul>\n<li>Lu\u00eds Ignacio Ortega \u00e1lvarez<\/li>\n<\/ul>\n<\/li>\n<li><strong>Tribunal<\/strong>\n<ul>\n<li>Presidente del tribunal:  Garcia De Enterria Eduardo <\/li>\n<li>Eduardo Cobreros Mendazona (vocal)<\/li>\n<li>Santiago Mu\u00f1oz Machado (vocal)<\/li>\n<li>Javier Barnes Vazquez (vocal)<\/li>\n<\/ul>\n<\/li>\n<\/ul>\n<p>&nbsp;<\/p>\n","protected":false},"excerpt":{"rendered":"<p>Tesis doctoral de Jes\u00fas Punzon Moraleda La tesis se centra en estudiar, en el \u00e1mbito comunitario, la responsabilidad extracontractual de [&hellip;]<\/p>\n","protected":false},"author":1,"featured_media":0,"comment_status":"open","ping_status":"open","sticky":false,"template":"","format":"standard","meta":{"site-sidebar-layout":"default","site-content-layout":"","ast-site-content-layout":"","site-content-style":"default","site-sidebar-style":"default","ast-global-header-display":"","ast-banner-title-visibility":"","ast-main-header-display":"","ast-hfb-above-header-display":"","ast-hfb-below-header-display":"","ast-hfb-mobile-header-display":"","site-post-title":"","ast-breadcrumbs-content":"","ast-featured-img":"","footer-sml-layout":"","theme-transparent-header-meta":"","adv-header-id-meta":"","stick-header-meta":"","header-above-stick-meta":"","header-main-stick-meta":"","header-below-stick-meta":"","astra-migrate-meta-layouts":"default","ast-page-background-enabled":"default","ast-page-background-meta":{"desktop":{"background-color":"var(--ast-global-color-4)","background-image":"","background-repeat":"repeat","background-position":"center center","background-size":"auto","background-attachment":"scroll","background-type":"","background-media":"","overlay-type":"","overlay-color":"","overlay-gradient":""},"tablet":{"background-color":"","background-image":"","background-repeat":"repeat","background-position":"center center","background-size":"auto","background-attachment":"scroll","background-type":"","background-media":"","overlay-type":"","overlay-color":"","overlay-gradient":""},"mobile":{"background-color":"","background-image":"","background-repeat":"repeat","background-position":"center center","background-size":"auto","background-attachment":"scroll","background-type":"","background-media":"","overlay-type":"","overlay-color":"","overlay-gradient":""}},"ast-content-background-meta":{"desktop":{"background-color":"var(--ast-global-color-5)","background-image":"","background-repeat":"repeat","background-position":"center center","background-size":"auto","background-attachment":"scroll","background-type":"","background-media":"","overlay-type":"","overlay-color":"","overlay-gradient":""},"tablet":{"background-color":"var(--ast-global-color-5)","background-image":"","background-repeat":"repeat","background-position":"center center","background-size":"auto","background-attachment":"scroll","background-type":"","background-media":"","overlay-type":"","overlay-color":"","overlay-gradient":""},"mobile":{"background-color":"var(--ast-global-color-5)","background-image":"","background-repeat":"repeat","background-position":"center center","background-size":"auto","background-attachment":"scroll","background-type":"","background-media":"","overlay-type":"","overlay-color":"","overlay-gradient":""}},"footnotes":""},"categories":[18451,612,1442,979],"tags":[98328,17443,22095,98327,6454,4898],"class_list":["post-37565","post","type-post","status-publish","format-standard","hentry","category-castilla-la-mancha","category-ciencias-juridicas-y-derecho","category-derecho-administrativo","category-derecho-y-legislacion-nacionales","tag-eduardo-cobreros-mendazona","tag-garcia-de-enterria-eduardo","tag-javier-barnes-vazquez","tag-jesus-punzon-moraleda","tag-luis-ignacio-ortega-alvarez","tag-santiago-munoz-machado"],"_links":{"self":[{"href":"https:\/\/www.deberes.net\/tesis\/wp-json\/wp\/v2\/posts\/37565","targetHints":{"allow":["GET"]}}],"collection":[{"href":"https:\/\/www.deberes.net\/tesis\/wp-json\/wp\/v2\/posts"}],"about":[{"href":"https:\/\/www.deberes.net\/tesis\/wp-json\/wp\/v2\/types\/post"}],"author":[{"embeddable":true,"href":"https:\/\/www.deberes.net\/tesis\/wp-json\/wp\/v2\/users\/1"}],"replies":[{"embeddable":true,"href":"https:\/\/www.deberes.net\/tesis\/wp-json\/wp\/v2\/comments?post=37565"}],"version-history":[{"count":0,"href":"https:\/\/www.deberes.net\/tesis\/wp-json\/wp\/v2\/posts\/37565\/revisions"}],"wp:attachment":[{"href":"https:\/\/www.deberes.net\/tesis\/wp-json\/wp\/v2\/media?parent=37565"}],"wp:term":[{"taxonomy":"category","embeddable":true,"href":"https:\/\/www.deberes.net\/tesis\/wp-json\/wp\/v2\/categories?post=37565"},{"taxonomy":"post_tag","embeddable":true,"href":"https:\/\/www.deberes.net\/tesis\/wp-json\/wp\/v2\/tags?post=37565"}],"curies":[{"name":"wp","href":"https:\/\/api.w.org\/{rel}","templated":true}]}}