{"id":37579,"date":"1998-01-01T00:00:00","date_gmt":"1998-01-01T00:00:00","guid":{"rendered":"https:\/\/www.deberes.net\/tesis\/sin-categoria\/efectos-del-mercado-unico-europeo-sobre-la-economia-espanola-un-analisis-a-partir-de-un-modelo-de-equilibrio-general-aplicado\/"},"modified":"1998-01-01T00:00:00","modified_gmt":"1998-01-01T00:00:00","slug":"efectos-del-mercado-unico-europeo-sobre-la-economia-espanola-un-analisis-a-partir-de-un-modelo-de-equilibrio-general-aplicado","status":"publish","type":"post","link":"https:\/\/www.deberes.net\/tesis\/ciencias-economicas\/efectos-del-mercado-unico-europeo-sobre-la-economia-espanola-un-analisis-a-partir-de-un-modelo-de-equilibrio-general-aplicado\/","title":{"rendered":"Efectos del mercado unico europeo sobre la economia espa\u00f1ola: un analisis a partir de un modelo de equilibrio general aplicado."},"content":{"rendered":"<h2>Tesis doctoral de <strong>  Gomez Gomez Plana Antonio <\/strong><\/h2>\n<p>En esta tesis se desarrolla un modelo de equilibrio general aplicado para la econom\u00eda espa\u00f1ola, a partir de la matriz de contabilidad social mcs-90. El modelo se presenta en dos versiones: la primera supone la existencia de rendimientos constantes de escala y una regla de fijaci\u00f3n de precios competitiva, mientras que la segunda supone rendimientos crecientes de escala y una regla de fijaci\u00f3n de precios de oligopolio a la cournot, con libre entrada y salida de empresas.  el modelo se utiliza para simular algunos de los posibles efectos del programa del mercado \u00fanico sobre la econom\u00eda, espa\u00f1ola, tales como la eliminaci\u00f3n de barreras arancelarias y de las barreras t\u00e9cnicas, la reducci\u00f3n de los costes asociados al comercio, y los cambios producidos en los m\u00e1rgenes fijados por las empresas no competitivas.<\/p>\n<p>&nbsp;<\/p>\n<h3>Datos acad\u00e9micos de la tesis doctoral \u00ab<strong>Efectos del mercado unico europeo sobre la economia espa\u00f1ola: un analisis a partir de un modelo de equilibrio general aplicado.<\/strong>\u00ab<\/h3>\n<ul>\n<li><strong>T\u00edtulo de la tesis:<\/strong>\u00a0 Efectos del mercado unico europeo sobre la economia espa\u00f1ola: un analisis a partir de un modelo de equilibrio general aplicado. <\/li>\n<li><strong>Autor:<\/strong>\u00a0  Gomez Gomez Plana Antonio <\/li>\n<li><strong>Universidad:<\/strong>\u00a0 P\u00fablica de navarra<\/li>\n<li><strong>Fecha de lectura de la tesis:<\/strong>\u00a0 01\/01\/1998<\/li>\n<\/ul>\n<p>&nbsp;<\/p>\n<h3>Direcci\u00f3n y tribunal<\/h3>\n<ul>\n<li><strong>Director de la tesis<\/strong>\n<ul>\n<li>Oscar Bajo Rubio<\/li>\n<\/ul>\n<\/li>\n<li><strong>Tribunal<\/strong>\n<ul>\n<li>Presidente del tribunal: Ezequiel Uriel Jimenez <\/li>\n<li>Ferr\u00e1n Sancho Pifarr\u00e9 (vocal)<\/li>\n<li>Rafael Myro Sanchez (vocal)<\/li>\n<li>Manuel Rap\u00fan G\u00e1rate (vocal)<\/li>\n<\/ul>\n<\/li>\n<\/ul>\n<p>&nbsp;<\/p>\n","protected":false},"excerpt":{"rendered":"<p>Tesis doctoral de Gomez Gomez Plana Antonio En esta tesis se desarrolla un modelo de equilibrio general aplicado para la [&hellip;]<\/p>\n","protected":false},"author":1,"featured_media":0,"comment_status":"open","ping_status":"open","sticky":false,"template":"","format":"standard","meta":{"site-sidebar-layout":"default","site-content-layout":"","ast-site-content-layout":"","site-content-style":"default","site-sidebar-style":"default","ast-global-header-display":"","ast-banner-title-visibility":"","ast-main-header-display":"","ast-hfb-above-header-display":"","ast-hfb-below-header-display":"","ast-hfb-mobile-header-display":"","site-post-title":"","ast-breadcrumbs-content":"","ast-featured-img":"","footer-sml-layout":"","theme-transparent-header-meta":"","adv-header-id-meta":"","stick-header-meta":"","header-above-stick-meta":"","header-main-stick-meta":"","header-below-stick-meta":"","astra-migrate-meta-layouts":"default","ast-page-background-enabled":"default","ast-page-background-meta":{"desktop":{"background-color":"var(--ast-global-color-4)","background-image":"","background-repeat":"repeat","background-position":"center center","background-size":"auto","background-attachment":"scroll","background-type":"","background-media":"","overlay-type":"","overlay-color":"","overlay-gradient":""},"tablet":{"background-color":"","background-image":"","background-repeat":"repeat","background-position":"center center","background-size":"auto","background-attachment":"scroll","background-type":"","background-media":"","overlay-type":"","overlay-color":"","overlay-gradient":""},"mobile":{"background-color":"","background-image":"","background-repeat":"repeat","background-position":"center center","background-size":"auto","background-attachment":"scroll","background-type":"","background-media":"","overlay-type":"","overlay-color":"","overlay-gradient":""}},"ast-content-background-meta":{"desktop":{"background-color":"var(--ast-global-color-5)","background-image":"","background-repeat":"repeat","background-position":"center center","background-size":"auto","background-attachment":"scroll","background-type":"","background-media":"","overlay-type":"","overlay-color":"","overlay-gradient":""},"tablet":{"background-color":"var(--ast-global-color-5)","background-image":"","background-repeat":"repeat","background-position":"center center","background-size":"auto","background-attachment":"scroll","background-type":"","background-media":"","overlay-type":"","overlay-color":"","overlay-gradient":""},"mobile":{"background-color":"var(--ast-global-color-5)","background-image":"","background-repeat":"repeat","background-position":"center center","background-size":"auto","background-attachment":"scroll","background-type":"","background-media":"","overlay-type":"","overlay-color":"","overlay-gradient":""}},"footnotes":""},"categories":[82,13009,13381,2825,18529],"tags":[12679,45268,98347,44069,26116,12222],"class_list":["post-37579","post","type-post","status-publish","format-standard","hentry","category-ciencias-economicas","category-estructura-de-mercado","category-integracion-economica","category-organizacion-industrial-y-sector-publico","category-publica-de-navarra","tag-ezequiel-uriel-jimenez","tag-ferran-sancho-pifarre","tag-gomez-gomez-plana-antonio","tag-manuel-rapun-garate","tag-oscar-bajo-rubio","tag-rafael-myro-sanchez"],"_links":{"self":[{"href":"https:\/\/www.deberes.net\/tesis\/wp-json\/wp\/v2\/posts\/37579","targetHints":{"allow":["GET"]}}],"collection":[{"href":"https:\/\/www.deberes.net\/tesis\/wp-json\/wp\/v2\/posts"}],"about":[{"href":"https:\/\/www.deberes.net\/tesis\/wp-json\/wp\/v2\/types\/post"}],"author":[{"embeddable":true,"href":"https:\/\/www.deberes.net\/tesis\/wp-json\/wp\/v2\/users\/1"}],"replies":[{"embeddable":true,"href":"https:\/\/www.deberes.net\/tesis\/wp-json\/wp\/v2\/comments?post=37579"}],"version-history":[{"count":0,"href":"https:\/\/www.deberes.net\/tesis\/wp-json\/wp\/v2\/posts\/37579\/revisions"}],"wp:attachment":[{"href":"https:\/\/www.deberes.net\/tesis\/wp-json\/wp\/v2\/media?parent=37579"}],"wp:term":[{"taxonomy":"category","embeddable":true,"href":"https:\/\/www.deberes.net\/tesis\/wp-json\/wp\/v2\/categories?post=37579"},{"taxonomy":"post_tag","embeddable":true,"href":"https:\/\/www.deberes.net\/tesis\/wp-json\/wp\/v2\/tags?post=37579"}],"curies":[{"name":"wp","href":"https:\/\/api.w.org\/{rel}","templated":true}]}}