{"id":37610,"date":"1998-01-01T00:00:00","date_gmt":"1998-01-01T00:00:00","guid":{"rendered":"https:\/\/www.deberes.net\/tesis\/sin-categoria\/la-problematica-de-la-limitacion-de-los-derechos-en-la-jurisprudencia-del-tribunal-constitucional\/"},"modified":"1998-01-01T00:00:00","modified_gmt":"1998-01-01T00:00:00","slug":"la-problematica-de-la-limitacion-de-los-derechos-en-la-jurisprudencia-del-tribunal-constitucional","status":"publish","type":"post","link":"https:\/\/www.deberes.net\/tesis\/ciencias-juridicas-y-derecho\/la-problematica-de-la-limitacion-de-los-derechos-en-la-jurisprudencia-del-tribunal-constitucional\/","title":{"rendered":"La problematica de la limitacion de los derechos en la jurisprudencia del tribunal constitucional."},"content":{"rendered":"<h2>Tesis doctoral de <strong> Ana Mar\u00eda Aba Catoira <\/strong><\/h2>\n<p>Cuando se opta por el estudio de los derechos y libertades, se hace necesario por su amplitud, que los convierte en inacabables y por ello inabarcables.  adoptar una perspectiva sobre los mismos, as\u00ed las cosas, tras la constataci\u00f3n hist\u00f3rica de que los derechos son categor\u00edas jur\u00eddicas abiertas, inacabadas e indeterminadas en su reconocimiento constitucional.  decidimos enfocar su an\u00e1lisis desde una perspectiva din\u00e1mica que atendiera a la intervenci\u00f3n que, en su \u00e1mbito constitucionalmente protegido, llevan a cabo los distintos operadores jur\u00eddicos. En primer lugar, el legislador, en sus diversas manifestaciones, pues es a quien le encarga la constituci\u00f3n, la realizaci\u00f3n de los derechos, a trav\u00e9s de la ley instrumento ordinario en un estado de derecho.  asimismo, si bien con un alcance muy diferente, existe la posibilidad de una intervenci\u00f3n gubernativa en estos \u00e1mbitos de libertad, otrora reservados exclusivamente al parlamento y, en \u00faltimo lugar, pero, sin duda, con mayor intensidad, en su papel de continuo vivificador y reelaborador de la constituci\u00f3n. Aparece el tribunal constitucional, que en cuanto que \u00faltimo y m\u00e1ximo int\u00e9rprete del texto constitucional, se convierte en el \u00ab\u00faltimo legislador de los derechos\u00bb y, en lo que a nosotros m\u00e1s nos interesa en el aut\u00e9ntico limitador de los mismos.  la problem\u00e1tica de la limitaci\u00f3n de los derechos, se manifiesta con toda su puerta cuando se analizan los supuestos concretos de ejercicio limitado de derechos y libertades, que siendo establecidos legislativamente, van a ser controlados por el tribunal constitucional, supuestos concretos que hemos elegido siguiendo el criterio de la condici\u00f3n subjetiva del titular del derecho. Es decir, se trata de l\u00edmites justificados en la posici\u00f3n que estos titulares ocupan frente al estado.  hablamos de parlamentarios, funcionarios p\u00fablicos civiles y militares, as\u00ed como de recursos penitenciarios. El estudio de casos<\/p>\n<p>&nbsp;<\/p>\n<h3>Datos acad\u00e9micos de la tesis doctoral \u00ab<strong>La problematica de la limitacion de los derechos en la jurisprudencia del tribunal constitucional.<\/strong>\u00ab<\/h3>\n<ul>\n<li><strong>T\u00edtulo de la tesis:<\/strong>\u00a0 La problematica de la limitacion de los derechos en la jurisprudencia del tribunal constitucional. <\/li>\n<li><strong>Autor:<\/strong>\u00a0 Ana Mar\u00eda Aba Catoira <\/li>\n<li><strong>Universidad:<\/strong>\u00a0 A coru\u00f1a<\/li>\n<li><strong>Fecha de lectura de la tesis:<\/strong>\u00a0 01\/01\/1998<\/li>\n<\/ul>\n<p>&nbsp;<\/p>\n<h3>Direcci\u00f3n y tribunal<\/h3>\n<ul>\n<li><strong>Director de la tesis<\/strong>\n<ul>\n<li>Jos\u00e9 Antonio Portero Molina<\/li>\n<\/ul>\n<\/li>\n<li><strong>Tribunal<\/strong>\n<ul>\n<li>Presidente del tribunal: Pedro De Vega Garcia <\/li>\n<li>Manuel Contreras Casado (vocal)<\/li>\n<li>Jos\u00e9 Luis Cascajo Castro (vocal)<\/li>\n<li>Roberto Luis Blanco Vald\u00e9s (vocal)<\/li>\n<\/ul>\n<\/li>\n<\/ul>\n<p>&nbsp;<\/p>\n","protected":false},"excerpt":{"rendered":"<p>Tesis doctoral de Ana Mar\u00eda Aba Catoira Cuando se opta por el estudio de los derechos y libertades, se hace [&hellip;]<\/p>\n","protected":false},"author":1,"featured_media":0,"comment_status":"open","ping_status":"open","sticky":false,"template":"","format":"standard","meta":{"site-sidebar-layout":"default","site-content-layout":"","ast-site-content-layout":"","site-content-style":"default","site-sidebar-style":"default","ast-global-header-display":"","ast-banner-title-visibility":"","ast-main-header-display":"","ast-hfb-above-header-display":"","ast-hfb-below-header-display":"","ast-hfb-mobile-header-display":"","site-post-title":"","ast-breadcrumbs-content":"","ast-featured-img":"","footer-sml-layout":"","theme-transparent-header-meta":"","adv-header-id-meta":"","stick-header-meta":"","header-above-stick-meta":"","header-main-stick-meta":"","header-below-stick-meta":"","astra-migrate-meta-layouts":"default","ast-page-background-enabled":"default","ast-page-background-meta":{"desktop":{"background-color":"var(--ast-global-color-4)","background-image":"","background-repeat":"repeat","background-position":"center center","background-size":"auto","background-attachment":"scroll","background-type":"","background-media":"","overlay-type":"","overlay-color":"","overlay-gradient":""},"tablet":{"background-color":"","background-image":"","background-repeat":"repeat","background-position":"center center","background-size":"auto","background-attachment":"scroll","background-type":"","background-media":"","overlay-type":"","overlay-color":"","overlay-gradient":""},"mobile":{"background-color":"","background-image":"","background-repeat":"repeat","background-position":"center center","background-size":"auto","background-attachment":"scroll","background-type":"","background-media":"","overlay-type":"","overlay-color":"","overlay-gradient":""}},"ast-content-background-meta":{"desktop":{"background-color":"var(--ast-global-color-5)","background-image":"","background-repeat":"repeat","background-position":"center center","background-size":"auto","background-attachment":"scroll","background-type":"","background-media":"","overlay-type":"","overlay-color":"","overlay-gradient":""},"tablet":{"background-color":"var(--ast-global-color-5)","background-image":"","background-repeat":"repeat","background-position":"center center","background-size":"auto","background-attachment":"scroll","background-type":"","background-media":"","overlay-type":"","overlay-color":"","overlay-gradient":""},"mobile":{"background-color":"var(--ast-global-color-5)","background-image":"","background-repeat":"repeat","background-position":"center center","background-size":"auto","background-attachment":"scroll","background-type":"","background-media":"","overlay-type":"","overlay-color":"","overlay-gradient":""}},"footnotes":""},"categories":[18576,612,1450,979],"tags":[98394,12981,9448,98395,9449,34991],"class_list":["post-37610","post","type-post","status-publish","format-standard","hentry","category-a-coruna","category-ciencias-juridicas-y-derecho","category-derecho-constitucional","category-derecho-y-legislacion-nacionales","tag-ana-maria-aba-catoira","tag-jose-antonio-portero-molina","tag-jose-luis-cascajo-castro","tag-manuel-contreras-casado","tag-pedro-de-vega-garcia","tag-roberto-luis-blanco-valdes"],"_links":{"self":[{"href":"https:\/\/www.deberes.net\/tesis\/wp-json\/wp\/v2\/posts\/37610","targetHints":{"allow":["GET"]}}],"collection":[{"href":"https:\/\/www.deberes.net\/tesis\/wp-json\/wp\/v2\/posts"}],"about":[{"href":"https:\/\/www.deberes.net\/tesis\/wp-json\/wp\/v2\/types\/post"}],"author":[{"embeddable":true,"href":"https:\/\/www.deberes.net\/tesis\/wp-json\/wp\/v2\/users\/1"}],"replies":[{"embeddable":true,"href":"https:\/\/www.deberes.net\/tesis\/wp-json\/wp\/v2\/comments?post=37610"}],"version-history":[{"count":0,"href":"https:\/\/www.deberes.net\/tesis\/wp-json\/wp\/v2\/posts\/37610\/revisions"}],"wp:attachment":[{"href":"https:\/\/www.deberes.net\/tesis\/wp-json\/wp\/v2\/media?parent=37610"}],"wp:term":[{"taxonomy":"category","embeddable":true,"href":"https:\/\/www.deberes.net\/tesis\/wp-json\/wp\/v2\/categories?post=37610"},{"taxonomy":"post_tag","embeddable":true,"href":"https:\/\/www.deberes.net\/tesis\/wp-json\/wp\/v2\/tags?post=37610"}],"curies":[{"name":"wp","href":"https:\/\/api.w.org\/{rel}","templated":true}]}}