{"id":37708,"date":"1998-01-01T00:00:00","date_gmt":"1998-01-01T00:00:00","guid":{"rendered":"https:\/\/www.deberes.net\/tesis\/sin-categoria\/el-derecho-fundamental-a-ser-informado-de-la-acusacion\/"},"modified":"1998-01-01T00:00:00","modified_gmt":"1998-01-01T00:00:00","slug":"el-derecho-fundamental-a-ser-informado-de-la-acusacion","status":"publish","type":"post","link":"https:\/\/www.deberes.net\/tesis\/ciencias-juridicas-y-derecho\/el-derecho-fundamental-a-ser-informado-de-la-acusacion\/","title":{"rendered":"El derecho fundamental a ser informado de la acusacion."},"content":{"rendered":"<h2>Tesis doctoral de <strong> Andrea Planchadell Gargallo <\/strong><\/h2>\n<p>A lo largo de las p\u00e1ginas que constituyen la tesis doctoral \u00abel derecho fundamental a ser informado de la acusaci\u00f3n\u00bb, se analiza un derecho fundamental procesal, que otorga a su titular el derecho a conocer aquello de que se le considera responsable, por la existencia de un proceso en su contra. Este derecho fundamental presenta un triple contenido esencial, que el legislador debe respetar, garantizar e incluso potenciar en el desarrollo del proceso:  a) subjetivo, referido a los sujetos que deben llevar a cabo la informaci\u00f3n (las autoridades p\u00fablicas de persecuci\u00f3n penal) y el que la recibe (imputado o acusado, seg\u00fan la fase procesal en que nos encontremos).  b) objetivo, es decir, aquello que debe d\u00e1rsele a conocer: el hecho criminal imputado y los derechos que le asisten, en su condici\u00f3n de sujeto pasivo del proceso.  c) temporal, fijando el momento a partir del cual el sujeto tiene derecho a que se le de informaci\u00f3n al respecto en la existencia de la imputaci\u00f3n, material o formal.  evidentemente este contenido esencial se manifiesta a lo largo del proceso en una serie de actos procesales, que teniendo otros fines, dan garant\u00eda y efectividad al derecho que nos ocupa, por ejemplo, la admisi\u00f3n de la denuncia o querella y la acusaci\u00f3n.<\/p>\n<p>&nbsp;<\/p>\n<h3>Datos acad\u00e9micos de la tesis doctoral \u00ab<strong>El derecho fundamental a ser informado de la acusacion.<\/strong>\u00ab<\/h3>\n<ul>\n<li><strong>T\u00edtulo de la tesis:<\/strong>\u00a0 El derecho fundamental a ser informado de la acusacion. <\/li>\n<li><strong>Autor:<\/strong>\u00a0 Andrea Planchadell Gargallo <\/li>\n<li><strong>Universidad:<\/strong>\u00a0 Jaume i de castell\u00f3n<\/li>\n<li><strong>Fecha de lectura de la tesis:<\/strong>\u00a0 01\/01\/1998<\/li>\n<\/ul>\n<p>&nbsp;<\/p>\n<h3>Direcci\u00f3n y tribunal<\/h3>\n<ul>\n<li><strong>Director de la tesis<\/strong>\n<ul>\n<li>Juan  Luis Gomez Colomer<\/li>\n<\/ul>\n<\/li>\n<li><strong>Tribunal<\/strong>\n<ul>\n<li>Presidente del tribunal: Juan Montero Aroca <\/li>\n<li>Ernesto Pedraz Penalva (vocal)<\/li>\n<li>Victor Moreno Catena (vocal)<\/li>\n<li>Julio Muerza Esparza (vocal)<\/li>\n<\/ul>\n<\/li>\n<\/ul>\n<p>&nbsp;<\/p>\n","protected":false},"excerpt":{"rendered":"<p>Tesis doctoral de Andrea Planchadell Gargallo A lo largo de las p\u00e1ginas que constituyen la tesis doctoral \u00abel derecho fundamental [&hellip;]<\/p>\n","protected":false},"author":1,"featured_media":0,"comment_status":"open","ping_status":"open","sticky":false,"template":"","format":"standard","meta":{"site-sidebar-layout":"default","site-content-layout":"","ast-site-content-layout":"","site-content-style":"default","site-sidebar-style":"default","ast-global-header-display":"","ast-banner-title-visibility":"","ast-main-header-display":"","ast-hfb-above-header-display":"","ast-hfb-below-header-display":"","ast-hfb-mobile-header-display":"","site-post-title":"","ast-breadcrumbs-content":"","ast-featured-img":"","footer-sml-layout":"","theme-transparent-header-meta":"","adv-header-id-meta":"","stick-header-meta":"","header-above-stick-meta":"","header-main-stick-meta":"","header-below-stick-meta":"","astra-migrate-meta-layouts":"default","ast-page-background-enabled":"default","ast-page-background-meta":{"desktop":{"background-color":"var(--ast-global-color-4)","background-image":"","background-repeat":"repeat","background-position":"center center","background-size":"auto","background-attachment":"scroll","background-type":"","background-media":"","overlay-type":"","overlay-color":"","overlay-gradient":""},"tablet":{"background-color":"","background-image":"","background-repeat":"repeat","background-position":"center center","background-size":"auto","background-attachment":"scroll","background-type":"","background-media":"","overlay-type":"","overlay-color":"","overlay-gradient":""},"mobile":{"background-color":"","background-image":"","background-repeat":"repeat","background-position":"center center","background-size":"auto","background-attachment":"scroll","background-type":"","background-media":"","overlay-type":"","overlay-color":"","overlay-gradient":""}},"ast-content-background-meta":{"desktop":{"background-color":"var(--ast-global-color-5)","background-image":"","background-repeat":"repeat","background-position":"center center","background-size":"auto","background-attachment":"scroll","background-type":"","background-media":"","overlay-type":"","overlay-color":"","overlay-gradient":""},"tablet":{"background-color":"var(--ast-global-color-5)","background-image":"","background-repeat":"repeat","background-position":"center center","background-size":"auto","background-attachment":"scroll","background-type":"","background-media":"","overlay-type":"","overlay-color":"","overlay-gradient":""},"mobile":{"background-color":"var(--ast-global-color-5)","background-image":"","background-repeat":"repeat","background-position":"center center","background-size":"auto","background-attachment":"scroll","background-type":"","background-media":"","overlay-type":"","overlay-color":"","overlay-gradient":""}},"footnotes":""},"categories":[612,613,5964,979,18725],"tags":[98558,9157,18730,12325,17755,11249],"class_list":["post-37708","post","type-post","status-publish","format-standard","hentry","category-ciencias-juridicas-y-derecho","category-derecho-penal","category-derecho-publico","category-derecho-y-legislacion-nacionales","category-jaume-i-de-castellon","tag-andrea-planchadell-gargallo","tag-ernesto-pedraz-penalva","tag-juan-luis-gomez-colomer","tag-juan-montero-aroca","tag-julio-muerza-esparza","tag-victor-moreno-catena"],"_links":{"self":[{"href":"https:\/\/www.deberes.net\/tesis\/wp-json\/wp\/v2\/posts\/37708","targetHints":{"allow":["GET"]}}],"collection":[{"href":"https:\/\/www.deberes.net\/tesis\/wp-json\/wp\/v2\/posts"}],"about":[{"href":"https:\/\/www.deberes.net\/tesis\/wp-json\/wp\/v2\/types\/post"}],"author":[{"embeddable":true,"href":"https:\/\/www.deberes.net\/tesis\/wp-json\/wp\/v2\/users\/1"}],"replies":[{"embeddable":true,"href":"https:\/\/www.deberes.net\/tesis\/wp-json\/wp\/v2\/comments?post=37708"}],"version-history":[{"count":0,"href":"https:\/\/www.deberes.net\/tesis\/wp-json\/wp\/v2\/posts\/37708\/revisions"}],"wp:attachment":[{"href":"https:\/\/www.deberes.net\/tesis\/wp-json\/wp\/v2\/media?parent=37708"}],"wp:term":[{"taxonomy":"category","embeddable":true,"href":"https:\/\/www.deberes.net\/tesis\/wp-json\/wp\/v2\/categories?post=37708"},{"taxonomy":"post_tag","embeddable":true,"href":"https:\/\/www.deberes.net\/tesis\/wp-json\/wp\/v2\/tags?post=37708"}],"curies":[{"name":"wp","href":"https:\/\/api.w.org\/{rel}","templated":true}]}}