{"id":37719,"date":"1998-01-01T00:00:00","date_gmt":"1998-01-01T00:00:00","guid":{"rendered":"https:\/\/www.deberes.net\/tesis\/sin-categoria\/valors-i-organitzacio-educativa-cap-a-la-gestio-axiologica-de-les-organitzacions-educatives\/"},"modified":"1998-01-01T00:00:00","modified_gmt":"1998-01-01T00:00:00","slug":"valors-i-organitzacio-educativa-cap-a-la-gestio-axiologica-de-les-organitzacions-educatives","status":"publish","type":"post","link":"https:\/\/www.deberes.net\/tesis\/pedagogia\/valors-i-organitzacio-educativa-cap-a-la-gestio-axiologica-de-les-organitzacions-educatives\/","title":{"rendered":"Valors i organitzacio educativa.cap a la gestio axiologica de les organitzacions educatives."},"content":{"rendered":"<h2>Tesis doctoral de <strong> Josep Mar\u00eda Duart Montoliu <\/strong><\/h2>\n<p>La gesti\u00f3n de las organizaciones educativas basada en la reflexi\u00f3n \u00e9tica y realizada \u00e9sta desde la acci\u00f3n coherente con el modelo educativo propio de casa escuela, construido a partir de una teoria de la educaci\u00f3n y desde la profesionalidad y el consenso de la comunidad educativa, se convierte en la base para el establecimiento de espacios de vivencia axio\u00f3gica en los centros educativos. \u00e9Sta gesti\u00f3n optimiza los procesos de educaci\u00f3n axiol\u00f3gica, entendida \u00e9sta como la educaci\u00f3n que desarrolla las capacidades de reflexi\u00f3n, de cr\u00edtica y de transcendencia de la persona, haci\u00e9ndolo, de forma manifiesta, en los \u00e1mbitos de acci\u00f3n institucional. La primera parte de la tesis expone el concepto de educaci\u00f3n, el de curr\u00edculum y el de organizaci\u00f3n educativa en los que se basa el estudio argumentando la significaci\u00f3n y la relaci\u00f3n conceptual existente entre los tres conceptos. A partir de la metodolog\u00eda hermen\u00e9utica de an\u00e1lisis textual el concepto de educaci\u00f3n axiol\u00f3gica, de curr\u00edculum axiol\u00f3gico y de organizaci\u00f3n axiol\u00f3gica culminan con la visi\u00f3n del constructo axiol\u00f3gico de la organizaci\u00f3n. La segunda parte de la tesis sigue una metodolog\u00eda de categorizaci\u00f3n a partir de la teor\u00eda de las esferas de valores y de los principios definitorios de la teor\u00eda de sistemas aplicadas al an\u00e1lisis de las normativas legales marco vigentes que determinan el sistema educativo espa\u00f1ol: la lode, la logse y la lopegcd. El trabajo de categorizaci\u00f3n muestra los valores en los que se fundamentan estas leyes as\u00ed como el modelo de centro educativo que proponen. La tercera parte de la tesis, a partir del marco conceptual establecido en el inicio y del an\u00e1lisis de los valores y del modelo de centro educativo que emana de las normativas vigentes, propone un modelo de gesti\u00f3n axiol\u00f3gica de las organizaciones educativas que se fundamenta en tres ejes: el modelo educativo de centro, en el \u00e1mbito de las teor\u00edas de la educaci<\/p>\n<p>&nbsp;<\/p>\n<h3>Datos acad\u00e9micos de la tesis doctoral \u00ab<strong>Valors i organitzacio educativa.cap a la gestio axiologica de les organitzacions educatives.<\/strong>\u00ab<\/h3>\n<ul>\n<li><strong>T\u00edtulo de la tesis:<\/strong>\u00a0 Valors i organitzacio educativa.cap a la gestio axiologica de les organitzacions educatives. <\/li>\n<li><strong>Autor:<\/strong>\u00a0 Josep Mar\u00eda Duart Montoliu <\/li>\n<li><strong>Universidad:<\/strong>\u00a0 Ram\u00f3n llull<\/li>\n<li><strong>Fecha de lectura de la tesis:<\/strong>\u00a0 01\/01\/1998<\/li>\n<\/ul>\n<p>&nbsp;<\/p>\n<h3>Direcci\u00f3n y tribunal<\/h3>\n<ul>\n<li><strong>Director de la tesis<\/strong>\n<ul>\n<li>Conxa Macia S\u00e1nchez<\/li>\n<\/ul>\n<\/li>\n<li><strong>Tribunal<\/strong>\n<ul>\n<li>Presidente del tribunal: Jos\u00e9 Mar\u00eda Quintana Cabanas <\/li>\n<li>Salvador Garcia Sanchez (vocal)<\/li>\n<li>Josep Gallifa Roca (vocal)<\/li>\n<li> Riera Figueras M. Angels (vocal)<\/li>\n<\/ul>\n<\/li>\n<\/ul>\n<p>&nbsp;<\/p>\n","protected":false},"excerpt":{"rendered":"<p>Tesis doctoral de Josep Mar\u00eda Duart Montoliu La gesti\u00f3n de las organizaciones educativas basada en la reflexi\u00f3n \u00e9tica y realizada [&hellip;]<\/p>\n","protected":false},"author":1,"featured_media":0,"comment_status":"open","ping_status":"open","sticky":false,"template":"","format":"standard","meta":{"site-sidebar-layout":"default","site-content-layout":"","ast-site-content-layout":"","site-content-style":"default","site-sidebar-style":"default","ast-global-header-display":"","ast-banner-title-visibility":"","ast-main-header-display":"","ast-hfb-above-header-display":"","ast-hfb-below-header-display":"","ast-hfb-mobile-header-display":"","site-post-title":"","ast-breadcrumbs-content":"","ast-featured-img":"","footer-sml-layout":"","theme-transparent-header-meta":"","adv-header-id-meta":"","stick-header-meta":"","header-above-stick-meta":"","header-main-stick-meta":"","header-below-stick-meta":"","astra-migrate-meta-layouts":"default","ast-page-background-enabled":"default","ast-page-background-meta":{"desktop":{"background-color":"var(--ast-global-color-4)","background-image":"","background-repeat":"repeat","background-position":"center center","background-size":"auto","background-attachment":"scroll","background-type":"","background-media":"","overlay-type":"","overlay-color":"","overlay-gradient":""},"tablet":{"background-color":"","background-image":"","background-repeat":"repeat","background-position":"center center","background-size":"auto","background-attachment":"scroll","background-type":"","background-media":"","overlay-type":"","overlay-color":"","overlay-gradient":""},"mobile":{"background-color":"","background-image":"","background-repeat":"repeat","background-position":"center center","background-size":"auto","background-attachment":"scroll","background-type":"","background-media":"","overlay-type":"","overlay-color":"","overlay-gradient":""}},"ast-content-background-meta":{"desktop":{"background-color":"var(--ast-global-color-5)","background-image":"","background-repeat":"repeat","background-position":"center center","background-size":"auto","background-attachment":"scroll","background-type":"","background-media":"","overlay-type":"","overlay-color":"","overlay-gradient":""},"tablet":{"background-color":"var(--ast-global-color-5)","background-image":"","background-repeat":"repeat","background-position":"center center","background-size":"auto","background-attachment":"scroll","background-type":"","background-media":"","overlay-type":"","overlay-color":"","overlay-gradient":""},"mobile":{"background-color":"var(--ast-global-color-5)","background-image":"","background-repeat":"repeat","background-position":"center center","background-size":"auto","background-attachment":"scroll","background-type":"","background-media":"","overlay-type":"","overlay-color":"","overlay-gradient":""}},"footnotes":""},"categories":[1184,1141,32959],"tags":[43469,1500,43466,41445,98581,98580],"class_list":["post-37719","post","type-post","status-publish","format-standard","hentry","category-organizacion-y-planificacion-de-la-educacion","category-pedagogia","category-ramon-llull","tag-conxa-macia-sanchez","tag-jose-maria-quintana-cabanas","tag-josep-gallifa-roca","tag-josep-maria-duart-montoliu","tag-riera-figueras-m-angels","tag-salvador-garcia-sanchez"],"_links":{"self":[{"href":"https:\/\/www.deberes.net\/tesis\/wp-json\/wp\/v2\/posts\/37719","targetHints":{"allow":["GET"]}}],"collection":[{"href":"https:\/\/www.deberes.net\/tesis\/wp-json\/wp\/v2\/posts"}],"about":[{"href":"https:\/\/www.deberes.net\/tesis\/wp-json\/wp\/v2\/types\/post"}],"author":[{"embeddable":true,"href":"https:\/\/www.deberes.net\/tesis\/wp-json\/wp\/v2\/users\/1"}],"replies":[{"embeddable":true,"href":"https:\/\/www.deberes.net\/tesis\/wp-json\/wp\/v2\/comments?post=37719"}],"version-history":[{"count":0,"href":"https:\/\/www.deberes.net\/tesis\/wp-json\/wp\/v2\/posts\/37719\/revisions"}],"wp:attachment":[{"href":"https:\/\/www.deberes.net\/tesis\/wp-json\/wp\/v2\/media?parent=37719"}],"wp:term":[{"taxonomy":"category","embeddable":true,"href":"https:\/\/www.deberes.net\/tesis\/wp-json\/wp\/v2\/categories?post=37719"},{"taxonomy":"post_tag","embeddable":true,"href":"https:\/\/www.deberes.net\/tesis\/wp-json\/wp\/v2\/tags?post=37719"}],"curies":[{"name":"wp","href":"https:\/\/api.w.org\/{rel}","templated":true}]}}