{"id":37782,"date":"1998-01-01T00:00:00","date_gmt":"1998-01-01T00:00:00","guid":{"rendered":"https:\/\/www.deberes.net\/tesis\/sin-categoria\/fotoquimica-de-iminas-insaturadas-aspectos-mecanisticos-y-preparacion-de-sistemas-azapoliciclicos\/"},"modified":"1998-01-01T00:00:00","modified_gmt":"1998-01-01T00:00:00","slug":"fotoquimica-de-iminas-insaturadas-aspectos-mecanisticos-y-preparacion-de-sistemas-azapoliciclicos","status":"publish","type":"post","link":"https:\/\/www.deberes.net\/tesis\/quimica\/fotoquimica-de-iminas-insaturadas-aspectos-mecanisticos-y-preparacion-de-sistemas-azapoliciclicos\/","title":{"rendered":"Fotoquimica de iminas insaturadas. aspectos mecanisticos y preparacion de sistemas azapoliciclicos."},"content":{"rendered":"<h2>Tesis doctoral de <strong>  A\u00f1on Alvarez M. Elena <\/strong><\/h2>\n<p>La presente memoria se inicia con el estudio del comportamiento fotoqu\u00edmico tanto experimentalmente como a nivel te\u00f3rico, de algunas iminas arom\u00e1ticas o-amino sustituidas, como posibles precursores de intermedios del tipo aza-o-xilileno.  por otro lado se desarrollan con \u00e9xito las posibilidades sint\u00e9ticas de la fotoqu\u00edmica de los 4-amino-1-azadienos. la irradici\u00f3n con luz uv de los 4-amino-1-azadienos con la sustituci\u00f3n adecuada, permite la preparaci\u00f3n de diversos azapoliciclos sustituidos y otros interesantes heterociclos fusionados, muchos de ellos con inter\u00e9s dentro del campo de la farmacolog\u00eda. Por \u00faltimo se realiza un estudio mecan\u00edstico de las reacciones de fotociclaci\u00f3n que permiten llevar a cabo dichas s\u00edntesis. los ensayos experimentales se han complementado con la realizaci\u00f3n de c\u00e1lculos semiemp\u00edricos lo que permite proponer como mecanismo un cierre electroc\u00edclico conrotatorio de seis electrones v\u00eda estado excitado singlete.<\/p>\n<p>&nbsp;<\/p>\n<h3>Datos acad\u00e9micos de la tesis doctoral \u00ab<strong>Fotoquimica de iminas insaturadas. aspectos mecanisticos y preparacion de sistemas azapoliciclicos.<\/strong>\u00ab<\/h3>\n<ul>\n<li><strong>T\u00edtulo de la tesis:<\/strong>\u00a0 Fotoquimica de iminas insaturadas. aspectos mecanisticos y preparacion de sistemas azapoliciclicos. <\/li>\n<li><strong>Autor:<\/strong>\u00a0  A\u00f1on Alvarez M. Elena <\/li>\n<li><strong>Universidad:<\/strong>\u00a0 Rioja<\/li>\n<li><strong>Fecha de lectura de la tesis:<\/strong>\u00a0 01\/01\/1998<\/li>\n<\/ul>\n<p>&nbsp;<\/p>\n<h3>Direcci\u00f3n y tribunal<\/h3>\n<ul>\n<li><strong>Director de la tesis<\/strong>\n<ul>\n<li>Pedro Jos\u00e9 Campos Garc\u00eda<\/li>\n<\/ul>\n<\/li>\n<li><strong>Tribunal<\/strong>\n<ul>\n<li>Presidente del tribunal: josep Font cierco <\/li>\n<li>claudio Palomo nicolau (vocal)<\/li>\n<li>Rafael Suau suarez (vocal)<\/li>\n<li>alfredo Ballesteros gimeno (vocal)<\/li>\n<\/ul>\n<\/li>\n<\/ul>\n<p>&nbsp;<\/p>\n","protected":false},"excerpt":{"rendered":"<p>Tesis doctoral de A\u00f1on Alvarez M. Elena La presente memoria se inicia con el estudio del comportamiento fotoqu\u00edmico tanto experimentalmente [&hellip;]<\/p>\n","protected":false},"author":1,"featured_media":0,"comment_status":"open","ping_status":"open","sticky":false,"template":"","format":"standard","meta":{"site-sidebar-layout":"default","site-content-layout":"","ast-site-content-layout":"","site-content-style":"default","site-sidebar-style":"default","ast-global-header-display":"","ast-banner-title-visibility":"","ast-main-header-display":"","ast-hfb-above-header-display":"","ast-hfb-below-header-display":"","ast-hfb-mobile-header-display":"","site-post-title":"","ast-breadcrumbs-content":"","ast-featured-img":"","footer-sml-layout":"","theme-transparent-header-meta":"","adv-header-id-meta":"","stick-header-meta":"","header-above-stick-meta":"","header-main-stick-meta":"","header-below-stick-meta":"","astra-migrate-meta-layouts":"default","ast-page-background-enabled":"default","ast-page-background-meta":{"desktop":{"background-color":"var(--ast-global-color-4)","background-image":"","background-repeat":"repeat","background-position":"center center","background-size":"auto","background-attachment":"scroll","background-type":"","background-media":"","overlay-type":"","overlay-color":"","overlay-gradient":""},"tablet":{"background-color":"","background-image":"","background-repeat":"repeat","background-position":"center center","background-size":"auto","background-attachment":"scroll","background-type":"","background-media":"","overlay-type":"","overlay-color":"","overlay-gradient":""},"mobile":{"background-color":"","background-image":"","background-repeat":"repeat","background-position":"center center","background-size":"auto","background-attachment":"scroll","background-type":"","background-media":"","overlay-type":"","overlay-color":"","overlay-gradient":""}},"ast-content-background-meta":{"desktop":{"background-color":"var(--ast-global-color-5)","background-image":"","background-repeat":"repeat","background-position":"center center","background-size":"auto","background-attachment":"scroll","background-type":"","background-media":"","overlay-type":"","overlay-color":"","overlay-gradient":""},"tablet":{"background-color":"var(--ast-global-color-5)","background-image":"","background-repeat":"repeat","background-position":"center center","background-size":"auto","background-attachment":"scroll","background-type":"","background-media":"","overlay-type":"","overlay-color":"","overlay-gradient":""},"mobile":{"background-color":"var(--ast-global-color-5)","background-image":"","background-repeat":"repeat","background-position":"center center","background-size":"auto","background-attachment":"scroll","background-type":"","background-media":"","overlay-type":"","overlay-color":"","overlay-gradient":""}},"footnotes":""},"categories":[1412,199,4709,17,560,416,18890],"tags":[98707,98706,3064,1414,2507,2512],"class_list":["post-37782","post","type-post","status-publish","format-standard","hentry","category-compuestos-heterociclicos","category-fisica","category-fotoquimica","category-quimica","category-quimica-fisica","category-quimica-organica","category-rioja","tag-alfredo-ballesteros-gimeno","tag-anon-alvarez-m-elena","tag-claudio-palomo-nicolau","tag-josep-font-cierco","tag-pedro-jose-campos-garcia","tag-rafael-suau-suarez"],"_links":{"self":[{"href":"https:\/\/www.deberes.net\/tesis\/wp-json\/wp\/v2\/posts\/37782","targetHints":{"allow":["GET"]}}],"collection":[{"href":"https:\/\/www.deberes.net\/tesis\/wp-json\/wp\/v2\/posts"}],"about":[{"href":"https:\/\/www.deberes.net\/tesis\/wp-json\/wp\/v2\/types\/post"}],"author":[{"embeddable":true,"href":"https:\/\/www.deberes.net\/tesis\/wp-json\/wp\/v2\/users\/1"}],"replies":[{"embeddable":true,"href":"https:\/\/www.deberes.net\/tesis\/wp-json\/wp\/v2\/comments?post=37782"}],"version-history":[{"count":0,"href":"https:\/\/www.deberes.net\/tesis\/wp-json\/wp\/v2\/posts\/37782\/revisions"}],"wp:attachment":[{"href":"https:\/\/www.deberes.net\/tesis\/wp-json\/wp\/v2\/media?parent=37782"}],"wp:term":[{"taxonomy":"category","embeddable":true,"href":"https:\/\/www.deberes.net\/tesis\/wp-json\/wp\/v2\/categories?post=37782"},{"taxonomy":"post_tag","embeddable":true,"href":"https:\/\/www.deberes.net\/tesis\/wp-json\/wp\/v2\/tags?post=37782"}],"curies":[{"name":"wp","href":"https:\/\/api.w.org\/{rel}","templated":true}]}}