{"id":37800,"date":"1998-01-01T00:00:00","date_gmt":"1998-01-01T00:00:00","guid":{"rendered":"https:\/\/www.deberes.net\/tesis\/sin-categoria\/recepcion-y-teoria-del-genero-novelistico-en-espana-1843-1868\/"},"modified":"1998-01-01T00:00:00","modified_gmt":"1998-01-01T00:00:00","slug":"recepcion-y-teoria-del-genero-novelistico-en-espana-1843-1868","status":"publish","type":"post","link":"https:\/\/www.deberes.net\/tesis\/historia\/recepcion-y-teoria-del-genero-novelistico-en-espana-1843-1868\/","title":{"rendered":"Recepcion y teoria del genero novelistico en espa\u00f1a (1843-1868)."},"content":{"rendered":"<h2>Tesis doctoral de <strong> Isabel Gimenez Caro <\/strong><\/h2>\n<p>Ante la falta relativa de estudios acerca de la teor\u00eda de la novela en los a\u00f1os inmediatos que preceden a la eclosi\u00f3n novel\u00edstica surgida a partir de la revoluci\u00f3n de 1868, esta tesis doctoral recoge e interpreta las opiniones vertidas en las revistas literarias y cient\u00edficas del per\u00edodo del reinado de isabel ii acerca de la novela, as\u00ed como las opiniones que los novelistas insertan en los pr\u00f3logos de las novelas.  tambi\u00e9n, adem\u00e1s de esta parte te\u00f3rica, se ofrece una antolog\u00eda, en la segunda parte de unos documentos de dif\u00edcil localizaci\u00f3n para el historiador y cr\u00edtico de la literatura espa\u00f1ola.<\/p>\n<p>&nbsp;<\/p>\n<h3>Datos acad\u00e9micos de la tesis doctoral \u00ab<strong>Recepcion y teoria del genero novelistico en espa\u00f1a (1843-1868).<\/strong>\u00ab<\/h3>\n<ul>\n<li><strong>T\u00edtulo de la tesis:<\/strong>\u00a0 Recepcion y teoria del genero novelistico en espa\u00f1a (1843-1868). <\/li>\n<li><strong>Autor:<\/strong>\u00a0 Isabel Gimenez Caro <\/li>\n<li><strong>Universidad:<\/strong>\u00a0 Almer\u00eda<\/li>\n<li><strong>Fecha de lectura de la tesis:<\/strong>\u00a0 01\/01\/1998<\/li>\n<\/ul>\n<p>&nbsp;<\/p>\n<h3>Direcci\u00f3n y tribunal<\/h3>\n<ul>\n<li><strong>Director de la tesis<\/strong>\n<ul>\n<li>Manuel Garrido Palazon<\/li>\n<\/ul>\n<\/li>\n<li><strong>Tribunal<\/strong>\n<ul>\n<li>Presidente del tribunal: Fernando Garcia Lara <\/li>\n<li>Jos\u00e9 Checa Beltran (vocal)<\/li>\n<li>Andr\u00e9s Soria Olmedo (vocal)<\/li>\n<li>Gabriel Nu\u00f1ez Ru\u00edz (vocal)<\/li>\n<\/ul>\n<\/li>\n<\/ul>\n<p>&nbsp;<\/p>\n","protected":false},"excerpt":{"rendered":"<p>Tesis doctoral de Isabel Gimenez Caro Ante la falta relativa de estudios acerca de la teor\u00eda de la novela en [&hellip;]<\/p>\n","protected":false},"author":1,"featured_media":0,"comment_status":"open","ping_status":"open","sticky":false,"template":"","format":"standard","meta":{"site-sidebar-layout":"default","site-content-layout":"","ast-site-content-layout":"","site-content-style":"default","site-sidebar-style":"default","ast-global-header-display":"","ast-banner-title-visibility":"","ast-main-header-display":"","ast-hfb-above-header-display":"","ast-hfb-below-header-display":"","ast-hfb-mobile-header-display":"","site-post-title":"","ast-breadcrumbs-content":"","ast-featured-img":"","footer-sml-layout":"","theme-transparent-header-meta":"","adv-header-id-meta":"","stick-header-meta":"","header-above-stick-meta":"","header-main-stick-meta":"","header-below-stick-meta":"","astra-migrate-meta-layouts":"default","ast-page-background-enabled":"default","ast-page-background-meta":{"desktop":{"background-color":"var(--ast-global-color-4)","background-image":"","background-repeat":"repeat","background-position":"center center","background-size":"auto","background-attachment":"scroll","background-type":"","background-media":"","overlay-type":"","overlay-color":"","overlay-gradient":""},"tablet":{"background-color":"","background-image":"","background-repeat":"repeat","background-position":"center center","background-size":"auto","background-attachment":"scroll","background-type":"","background-media":"","overlay-type":"","overlay-color":"","overlay-gradient":""},"mobile":{"background-color":"","background-image":"","background-repeat":"repeat","background-position":"center center","background-size":"auto","background-attachment":"scroll","background-type":"","background-media":"","overlay-type":"","overlay-color":"","overlay-gradient":""}},"ast-content-background-meta":{"desktop":{"background-color":"var(--ast-global-color-5)","background-image":"","background-repeat":"repeat","background-position":"center center","background-size":"auto","background-attachment":"scroll","background-type":"","background-media":"","overlay-type":"","overlay-color":"","overlay-gradient":""},"tablet":{"background-color":"var(--ast-global-color-5)","background-image":"","background-repeat":"repeat","background-position":"center center","background-size":"auto","background-attachment":"scroll","background-type":"","background-media":"","overlay-type":"","overlay-color":"","overlay-gradient":""},"mobile":{"background-color":"var(--ast-global-color-5)","background-image":"","background-repeat":"repeat","background-position":"center center","background-size":"auto","background-attachment":"scroll","background-type":"","background-media":"","overlay-type":"","overlay-color":"","overlay-gradient":""}},"footnotes":""},"categories":[18909,148,147,104,1867,222,628],"tags":[3571,43576,43766,98734,7810,98735],"class_list":["post-37800","post","type-post","status-publish","format-standard","hentry","category-almeria","category-analisis-literario","category-ciencias-de-las-artes-y-las-letras","category-historia","category-historia-de-la-literatura-espanola","category-historias-especializadas","category-teoria-analisis-y-critica-literarios","tag-andres-soria-olmedo","tag-fernando-garcia-lara","tag-gabriel-nunez-ruiz","tag-isabel-gimenez-caro","tag-jose-checa-beltran","tag-manuel-garrido-palazon"],"_links":{"self":[{"href":"https:\/\/www.deberes.net\/tesis\/wp-json\/wp\/v2\/posts\/37800","targetHints":{"allow":["GET"]}}],"collection":[{"href":"https:\/\/www.deberes.net\/tesis\/wp-json\/wp\/v2\/posts"}],"about":[{"href":"https:\/\/www.deberes.net\/tesis\/wp-json\/wp\/v2\/types\/post"}],"author":[{"embeddable":true,"href":"https:\/\/www.deberes.net\/tesis\/wp-json\/wp\/v2\/users\/1"}],"replies":[{"embeddable":true,"href":"https:\/\/www.deberes.net\/tesis\/wp-json\/wp\/v2\/comments?post=37800"}],"version-history":[{"count":0,"href":"https:\/\/www.deberes.net\/tesis\/wp-json\/wp\/v2\/posts\/37800\/revisions"}],"wp:attachment":[{"href":"https:\/\/www.deberes.net\/tesis\/wp-json\/wp\/v2\/media?parent=37800"}],"wp:term":[{"taxonomy":"category","embeddable":true,"href":"https:\/\/www.deberes.net\/tesis\/wp-json\/wp\/v2\/categories?post=37800"},{"taxonomy":"post_tag","embeddable":true,"href":"https:\/\/www.deberes.net\/tesis\/wp-json\/wp\/v2\/tags?post=37800"}],"curies":[{"name":"wp","href":"https:\/\/api.w.org\/{rel}","templated":true}]}}