{"id":37827,"date":"1998-01-01T00:00:00","date_gmt":"1998-01-01T00:00:00","guid":{"rendered":"https:\/\/www.deberes.net\/tesis\/sin-categoria\/arquitectura-del-siglo-xix-en-jaen\/"},"modified":"1998-01-01T00:00:00","modified_gmt":"1998-01-01T00:00:00","slug":"arquitectura-del-siglo-xix-en-jaen","status":"publish","type":"post","link":"https:\/\/www.deberes.net\/tesis\/historia\/arquitectura-del-siglo-xix-en-jaen\/","title":{"rendered":"Arquitectura del siglo xix en jaen."},"content":{"rendered":"<h2>Tesis doctoral de <strong>  Casuso Quesada Rafael Antonio <\/strong><\/h2>\n<p>Este trabajo que analiza la producci\u00f3n arquitect\u00f3nica del pasado siglo en la provincia de ja\u00e9n, cubre un hueco en el conocimiento de este importante campo del arte constructivo sobre el que ya se hab\u00eda realizado una tesis doctoral que comprend\u00eda los siglos xvii y xviii, as\u00ed como el siglo xvi, estudiado casi por completo desde varias obras monogr\u00e1ficas.  articulado sobre dos grandes corrientes estil\u00edsticas, neoclasicismo y eclecticismo, el m\u00e9todo de an\u00e1lisis principal es el tipol\u00f3gico, que por su innovaci\u00f3n y renovaci\u00f3n tanto caracteriza al siglo. A su lado, otros an\u00e1lisis como el constructivo, t\u00e9cnicas y materiales; la formaci\u00f3n de los art\u00edfices, aparejadores y arquitectos y las circunstancias hist\u00f3ricas en que se desarrolla la arquitectura, completan este estudio, alimentado por una abundante y completa base documental.<\/p>\n<p>&nbsp;<\/p>\n<h3>Datos acad\u00e9micos de la tesis doctoral \u00ab<strong>Arquitectura del siglo xix en jaen.<\/strong>\u00ab<\/h3>\n<ul>\n<li><strong>T\u00edtulo de la tesis:<\/strong>\u00a0 Arquitectura del siglo xix en jaen. <\/li>\n<li><strong>Autor:<\/strong>\u00a0  Casuso Quesada Rafael Antonio <\/li>\n<li><strong>Universidad:<\/strong>\u00a0 Ja\u00e9n<\/li>\n<li><strong>Fecha de lectura de la tesis:<\/strong>\u00a0 01\/01\/1998<\/li>\n<\/ul>\n<p>&nbsp;<\/p>\n<h3>Direcci\u00f3n y tribunal<\/h3>\n<ul>\n<li><strong>Director de la tesis<\/strong>\n<ul>\n<li>Pedro Galera Andreu<\/li>\n<\/ul>\n<\/li>\n<li><strong>Tribunal<\/strong>\n<ul>\n<li>Presidente del tribunal: Alberto Villar Movellan <\/li>\n<li> De Ulierte Vazquez Luz (vocal)<\/li>\n<li>Victor Perez Escolano (vocal)<\/li>\n<li>Salvador Cruz Artacho (vocal)<\/li>\n<\/ul>\n<\/li>\n<\/ul>\n<p>&nbsp;<\/p>\n","protected":false},"excerpt":{"rendered":"<p>Tesis doctoral de Casuso Quesada Rafael Antonio Este trabajo que analiza la producci\u00f3n arquitect\u00f3nica del pasado siglo en la provincia [&hellip;]<\/p>\n","protected":false},"author":1,"featured_media":0,"comment_status":"open","ping_status":"open","sticky":false,"template":"","format":"standard","meta":{"site-sidebar-layout":"default","site-content-layout":"","ast-site-content-layout":"","site-content-style":"default","site-sidebar-style":"default","ast-global-header-display":"","ast-banner-title-visibility":"","ast-main-header-display":"","ast-hfb-above-header-display":"","ast-hfb-below-header-display":"","ast-hfb-mobile-header-display":"","site-post-title":"","ast-breadcrumbs-content":"","ast-featured-img":"","footer-sml-layout":"","theme-transparent-header-meta":"","adv-header-id-meta":"","stick-header-meta":"","header-above-stick-meta":"","header-main-stick-meta":"","header-below-stick-meta":"","astra-migrate-meta-layouts":"default","ast-page-background-enabled":"default","ast-page-background-meta":{"desktop":{"background-color":"var(--ast-global-color-4)","background-image":"","background-repeat":"repeat","background-position":"center center","background-size":"auto","background-attachment":"scroll","background-type":"","background-media":"","overlay-type":"","overlay-color":"","overlay-gradient":""},"tablet":{"background-color":"","background-image":"","background-repeat":"repeat","background-position":"center center","background-size":"auto","background-attachment":"scroll","background-type":"","background-media":"","overlay-type":"","overlay-color":"","overlay-gradient":""},"mobile":{"background-color":"","background-image":"","background-repeat":"repeat","background-position":"center center","background-size":"auto","background-attachment":"scroll","background-type":"","background-media":"","overlay-type":"","overlay-color":"","overlay-gradient":""}},"ast-content-background-meta":{"desktop":{"background-color":"var(--ast-global-color-5)","background-image":"","background-repeat":"repeat","background-position":"center center","background-size":"auto","background-attachment":"scroll","background-type":"","background-media":"","overlay-type":"","overlay-color":"","overlay-gradient":""},"tablet":{"background-color":"var(--ast-global-color-5)","background-image":"","background-repeat":"repeat","background-position":"center center","background-size":"auto","background-attachment":"scroll","background-type":"","background-media":"","overlay-type":"","overlay-color":"","overlay-gradient":""},"mobile":{"background-color":"var(--ast-global-color-5)","background-image":"","background-repeat":"repeat","background-position":"center center","background-size":"auto","background-attachment":"scroll","background-type":"","background-media":"","overlay-type":"","overlay-color":"","overlay-gradient":""}},"footnotes":""},"categories":[104,1745,222,18923],"tags":[2075,98776,85583,3974,79489,11230],"class_list":["post-37827","post","type-post","status-publish","format-standard","hentry","category-historia","category-historia-de-la-arquitectura","category-historias-especializadas","category-jaen","tag-alberto-villar-movellan","tag-casuso-quesada-rafael-antonio","tag-de-ulierte-vazquez-luz","tag-pedro-galera-andreu","tag-salvador-cruz-artacho","tag-victor-perez-escolano"],"_links":{"self":[{"href":"https:\/\/www.deberes.net\/tesis\/wp-json\/wp\/v2\/posts\/37827","targetHints":{"allow":["GET"]}}],"collection":[{"href":"https:\/\/www.deberes.net\/tesis\/wp-json\/wp\/v2\/posts"}],"about":[{"href":"https:\/\/www.deberes.net\/tesis\/wp-json\/wp\/v2\/types\/post"}],"author":[{"embeddable":true,"href":"https:\/\/www.deberes.net\/tesis\/wp-json\/wp\/v2\/users\/1"}],"replies":[{"embeddable":true,"href":"https:\/\/www.deberes.net\/tesis\/wp-json\/wp\/v2\/comments?post=37827"}],"version-history":[{"count":0,"href":"https:\/\/www.deberes.net\/tesis\/wp-json\/wp\/v2\/posts\/37827\/revisions"}],"wp:attachment":[{"href":"https:\/\/www.deberes.net\/tesis\/wp-json\/wp\/v2\/media?parent=37827"}],"wp:term":[{"taxonomy":"category","embeddable":true,"href":"https:\/\/www.deberes.net\/tesis\/wp-json\/wp\/v2\/categories?post=37827"},{"taxonomy":"post_tag","embeddable":true,"href":"https:\/\/www.deberes.net\/tesis\/wp-json\/wp\/v2\/tags?post=37827"}],"curies":[{"name":"wp","href":"https:\/\/api.w.org\/{rel}","templated":true}]}}