{"id":37839,"date":"1998-01-01T00:00:00","date_gmt":"1998-01-01T00:00:00","guid":{"rendered":"https:\/\/www.deberes.net\/tesis\/sin-categoria\/evolucion-de-la-sociedad-y-tipo-de-valores-contemplados-en-el-sistema-educativo-espanol-1821-1936\/"},"modified":"1998-01-01T00:00:00","modified_gmt":"1998-01-01T00:00:00","slug":"evolucion-de-la-sociedad-y-tipo-de-valores-contemplados-en-el-sistema-educativo-espanol-1821-1936","status":"publish","type":"post","link":"https:\/\/www.deberes.net\/tesis\/pedagogia\/evolucion-de-la-sociedad-y-tipo-de-valores-contemplados-en-el-sistema-educativo-espanol-1821-1936\/","title":{"rendered":"Evolucion de la sociedad y tipo de valores contemplados en el sistema educativo espa\u00f1ol (1821-1936)."},"content":{"rendered":"<h2>Tesis doctoral de <strong> Rosa Mar\u00eda Santamar\u00eda Conde <\/strong><\/h2>\n<p>El estudio (fundamentalmente descriptivo-anal\u00edtico) se centra en la evoluci\u00f3n de la sociedad y los tipos de valores que se desprenden de ello y que se reflejan en el sistema educativo espa\u00f1ol, tomando como referencia el per\u00edodo de 1821 a 1936.  dicha investigaci\u00f3n se divide en tres partes: \u00abantecedentes en que se fundamenta el sistema educativo espa\u00f1ol\u00bb, \u00abhacia la configuraci\u00f3n de un sistema educativo en la espa\u00f1a decimon\u00f3nica\u00bb y \u00abla consolidaci\u00f3n del sistema educativo espa\u00f1ol\u00bb.  a trav\u00e9s de cada una de estas partes se intenta conocer y analizar los valores que la sociedad espa\u00f1ola ha dise\u00f1ado, regulado en el sistema educativo e interiorizado en la escuela en s\u00ed.  asimismo, queda constancia que la evoluci\u00f3n que han experimentado los distintos valores se encuentra condicionada por la situaci\u00f3n pol\u00edtica, econ\u00f3mica, social y cutural del pa\u00eds a lo largo de estos a\u00f1os.<\/p>\n<p>&nbsp;<\/p>\n<h3>Datos acad\u00e9micos de la tesis doctoral \u00ab<strong>Evolucion de la sociedad y tipo de valores contemplados en el sistema educativo espa\u00f1ol (1821-1936).<\/strong>\u00ab<\/h3>\n<ul>\n<li><strong>T\u00edtulo de la tesis:<\/strong>\u00a0 Evolucion de la sociedad y tipo de valores contemplados en el sistema educativo espa\u00f1ol (1821-1936). <\/li>\n<li><strong>Autor:<\/strong>\u00a0 Rosa Mar\u00eda Santamar\u00eda Conde <\/li>\n<li><strong>Universidad:<\/strong>\u00a0 Burgos<\/li>\n<li><strong>Fecha de lectura de la tesis:<\/strong>\u00a0 01\/01\/1998<\/li>\n<\/ul>\n<p>&nbsp;<\/p>\n<h3>Direcci\u00f3n y tribunal<\/h3>\n<ul>\n<li><strong>Director de la tesis<\/strong>\n<ul>\n<li>Alfonso Navarro Jurado<\/li>\n<\/ul>\n<\/li>\n<li><strong>Tribunal<\/strong>\n<ul>\n<li>Presidente del tribunal: fernando Lara ortega <\/li>\n<li>julia Boronat mundina (vocal)<\/li>\n<li>margarita Nieto bedoya (vocal)<\/li>\n<li> Moreno hermosilla Jos\u00e9 Luis (vocal)<\/li>\n<\/ul>\n<\/li>\n<\/ul>\n<p>&nbsp;<\/p>\n","protected":false},"excerpt":{"rendered":"<p>Tesis doctoral de Rosa Mar\u00eda Santamar\u00eda Conde El estudio (fundamentalmente descriptivo-anal\u00edtico) se centra en la evoluci\u00f3n de la sociedad y [&hellip;]<\/p>\n","protected":false},"author":1,"featured_media":0,"comment_status":"open","ping_status":"open","sticky":false,"template":"","format":"standard","meta":{"site-sidebar-layout":"default","site-content-layout":"","ast-site-content-layout":"","site-content-style":"default","site-sidebar-style":"default","ast-global-header-display":"","ast-banner-title-visibility":"","ast-main-header-display":"","ast-hfb-above-header-display":"","ast-hfb-below-header-display":"","ast-hfb-mobile-header-display":"","site-post-title":"","ast-breadcrumbs-content":"","ast-featured-img":"","footer-sml-layout":"","theme-transparent-header-meta":"","adv-header-id-meta":"","stick-header-meta":"","header-above-stick-meta":"","header-main-stick-meta":"","header-below-stick-meta":"","astra-migrate-meta-layouts":"default","ast-page-background-enabled":"default","ast-page-background-meta":{"desktop":{"background-color":"var(--ast-global-color-4)","background-image":"","background-repeat":"repeat","background-position":"center center","background-size":"auto","background-attachment":"scroll","background-type":"","background-media":"","overlay-type":"","overlay-color":"","overlay-gradient":""},"tablet":{"background-color":"","background-image":"","background-repeat":"repeat","background-position":"center center","background-size":"auto","background-attachment":"scroll","background-type":"","background-media":"","overlay-type":"","overlay-color":"","overlay-gradient":""},"mobile":{"background-color":"","background-image":"","background-repeat":"repeat","background-position":"center center","background-size":"auto","background-attachment":"scroll","background-type":"","background-media":"","overlay-type":"","overlay-color":"","overlay-gradient":""}},"ast-content-background-meta":{"desktop":{"background-color":"var(--ast-global-color-5)","background-image":"","background-repeat":"repeat","background-position":"center center","background-size":"auto","background-attachment":"scroll","background-type":"","background-media":"","overlay-type":"","overlay-color":"","overlay-gradient":""},"tablet":{"background-color":"var(--ast-global-color-5)","background-image":"","background-repeat":"repeat","background-position":"center center","background-size":"auto","background-attachment":"scroll","background-type":"","background-media":"","overlay-type":"","overlay-color":"","overlay-gradient":""},"mobile":{"background-color":"var(--ast-global-color-5)","background-image":"","background-repeat":"repeat","background-position":"center center","background-size":"auto","background-attachment":"scroll","background-type":"","background-media":"","overlay-type":"","overlay-color":"","overlay-gradient":""}},"footnotes":""},"categories":[37674,1141,1341,11958],"tags":[39671,7145,55426,18399,98795,98794],"class_list":["post-37839","post","type-post","status-publish","format-standard","hentry","category-burgos","category-pedagogia","category-teoria-y-metodos-educativos","category-teorias-educativas","tag-alfonso-navarro-jurado","tag-fernando-lara-ortega","tag-julia-boronat-mundina","tag-margarita-nieto-bedoya","tag-moreno-hermosilla-jose-luis","tag-rosa-maria-santamaria-conde"],"_links":{"self":[{"href":"https:\/\/www.deberes.net\/tesis\/wp-json\/wp\/v2\/posts\/37839","targetHints":{"allow":["GET"]}}],"collection":[{"href":"https:\/\/www.deberes.net\/tesis\/wp-json\/wp\/v2\/posts"}],"about":[{"href":"https:\/\/www.deberes.net\/tesis\/wp-json\/wp\/v2\/types\/post"}],"author":[{"embeddable":true,"href":"https:\/\/www.deberes.net\/tesis\/wp-json\/wp\/v2\/users\/1"}],"replies":[{"embeddable":true,"href":"https:\/\/www.deberes.net\/tesis\/wp-json\/wp\/v2\/comments?post=37839"}],"version-history":[{"count":0,"href":"https:\/\/www.deberes.net\/tesis\/wp-json\/wp\/v2\/posts\/37839\/revisions"}],"wp:attachment":[{"href":"https:\/\/www.deberes.net\/tesis\/wp-json\/wp\/v2\/media?parent=37839"}],"wp:term":[{"taxonomy":"category","embeddable":true,"href":"https:\/\/www.deberes.net\/tesis\/wp-json\/wp\/v2\/categories?post=37839"},{"taxonomy":"post_tag","embeddable":true,"href":"https:\/\/www.deberes.net\/tesis\/wp-json\/wp\/v2\/tags?post=37839"}],"curies":[{"name":"wp","href":"https:\/\/api.w.org\/{rel}","templated":true}]}}