{"id":37866,"date":"2018-03-09T09:37:10","date_gmt":"2018-03-09T09:37:10","guid":{"rendered":"https:\/\/www.deberes.net\/tesis\/sin-categoria\/dinamica-del-crecimiento-y-arquitectura-del-miocardio-ventricular-en-el-corazon-de-la-lubina\/"},"modified":"2018-03-09T09:37:10","modified_gmt":"2018-03-09T09:37:10","slug":"dinamica-del-crecimiento-y-arquitectura-del-miocardio-ventricular-en-el-corazon-de-la-lubina","status":"publish","type":"post","link":"https:\/\/www.deberes.net\/tesis\/ciencias-de-la-vida\/dinamica-del-crecimiento-y-arquitectura-del-miocardio-ventricular-en-el-corazon-de-la-lubina\/","title":{"rendered":"Dinamica del crecimiento y arquitectura del miocardio ventricular en el corazon de la lubina."},"content":{"rendered":"<h2>Tesis doctoral de <strong> Isabel Calderon Trenado <\/strong><\/h2>\n<p>El trabajo consta de una descriptiva cronol\u00f3gica del coraz\u00f3n de la lubina (dicentrarchus labraxi, l.1758) y una din\u00e1mica de su crecimiento en relaci\u00f3n al animal y a su medio.  los resultados m\u00e1s notables han sido:  el coraz\u00f3n pasa por una morfolog\u00eda tubular, despu\u00e9s sacular y durante la mayor parte de su vida piramidal.  las c\u00e9lulas musculares se agrupan en trab\u00e9culas que se van compactando con el crecimiento y van adquiriendo una disposici\u00f3n m\u00e1s o menos preciso en el v\u00e9rtice y orificios ventriculares.  la aur\u00edcula pasa de una posici\u00f3n posterior o superior con el ventr\u00edculo.  el miocardio compacto aparece tard\u00edo, delgado e irregular.  con la madurez sexual se incrementan los vasos coronarios.  en el estudio cuantitativo las variables que destacan son longitud y peso.  el animal tiene un crecimiento lineal y el coraz\u00f3n espacial. El peso se dispara m\u00e1s en el primero.  la mayor dispersi\u00f3n la ostenta el peso, seguido de la longitud y el \u00e1rea. La menor el factor de forma.<\/p>\n<p>&nbsp;<\/p>\n<h3>Datos acad\u00e9micos de la tesis doctoral \u00ab<strong>Dinamica del crecimiento y arquitectura del miocardio ventricular en el corazon de la lubina.<\/strong>\u00ab<\/h3>\n<ul>\n<li><strong>T\u00edtulo de la tesis:<\/strong>\u00a0 Dinamica del crecimiento y arquitectura del miocardio ventricular en el corazon de la lubina. <\/li>\n<li><strong>Autor:<\/strong>\u00a0 Isabel Calderon Trenado <\/li>\n<li><strong>Universidad:<\/strong>\u00a0 Extremadura<\/li>\n<li><strong>Fecha de lectura de la tesis:<\/strong>\u00a0 23\/01\/1998<\/li>\n<\/ul>\n<p>&nbsp;<\/p>\n<h3>Direcci\u00f3n y tribunal<\/h3>\n<ul>\n<li><strong>Director de la tesis<\/strong>\n<ul>\n<li>Manuel Blasco Ru\u00edz<\/li>\n<\/ul>\n<\/li>\n<li><strong>Tribunal<\/strong>\n<ul>\n<li>Presidente del tribunal: florentino De lope rebollo <\/li>\n<li>Jos\u00e9 Miguel Rey salgado (vocal)<\/li>\n<li>enrique Carbonell baldobi (vocal)<\/li>\n<li>Mar\u00eda  monica De la fuente del rey (vocal)<\/li>\n<\/ul>\n<\/li>\n<\/ul>\n<p>&nbsp;<\/p>\n","protected":false},"excerpt":{"rendered":"<p>Tesis doctoral de Isabel Calderon Trenado El trabajo consta de una descriptiva cronol\u00f3gica del coraz\u00f3n de la lubina (dicentrarchus labraxi, [&hellip;]<\/p>\n","protected":false},"author":1,"featured_media":0,"comment_status":"open","ping_status":"open","sticky":false,"template":"","format":"standard","meta":{"site-sidebar-layout":"default","site-content-layout":"","ast-site-content-layout":"","site-content-style":"default","site-sidebar-style":"default","ast-global-header-display":"","ast-banner-title-visibility":"","ast-main-header-display":"","ast-hfb-above-header-display":"","ast-hfb-below-header-display":"","ast-hfb-mobile-header-display":"","site-post-title":"","ast-breadcrumbs-content":"","ast-featured-img":"","footer-sml-layout":"","theme-transparent-header-meta":"","adv-header-id-meta":"","stick-header-meta":"","header-above-stick-meta":"","header-main-stick-meta":"","header-below-stick-meta":"","astra-migrate-meta-layouts":"default","ast-page-background-enabled":"default","ast-page-background-meta":{"desktop":{"background-color":"var(--ast-global-color-4)","background-image":"","background-repeat":"repeat","background-position":"center center","background-size":"auto","background-attachment":"scroll","background-type":"","background-media":"","overlay-type":"","overlay-color":"","overlay-gradient":""},"tablet":{"background-color":"","background-image":"","background-repeat":"repeat","background-position":"center center","background-size":"auto","background-attachment":"scroll","background-type":"","background-media":"","overlay-type":"","overlay-color":"","overlay-gradient":""},"mobile":{"background-color":"","background-image":"","background-repeat":"repeat","background-position":"center center","background-size":"auto","background-attachment":"scroll","background-type":"","background-media":"","overlay-type":"","overlay-color":"","overlay-gradient":""}},"ast-content-background-meta":{"desktop":{"background-color":"var(--ast-global-color-5)","background-image":"","background-repeat":"repeat","background-position":"center center","background-size":"auto","background-attachment":"scroll","background-type":"","background-media":"","overlay-type":"","overlay-color":"","overlay-gradient":""},"tablet":{"background-color":"var(--ast-global-color-5)","background-image":"","background-repeat":"repeat","background-position":"center center","background-size":"auto","background-attachment":"scroll","background-type":"","background-media":"","overlay-type":"","overlay-color":"","overlay-gradient":""},"mobile":{"background-color":"var(--ast-global-color-5)","background-image":"","background-repeat":"repeat","background-position":"center center","background-size":"auto","background-attachment":"scroll","background-type":"","background-media":"","overlay-type":"","overlay-color":"","overlay-gradient":""}},"footnotes":""},"categories":[6273,35,949,2355,226],"tags":[12175,4695,98842,2705,12177,4610],"class_list":["post-37866","post","type-post","status-publish","format-standard","hentry","category-anatomia-animal","category-ciencias-de-la-vida","category-extremadura","category-herpetologia","category-zoologia","tag-enrique-carbonell-baldobi","tag-florentino-de-lope-rebollo","tag-isabel-calderon-trenado","tag-jose-miguel-rey-salgado","tag-manuel-blasco-ruiz","tag-maria-monica-de-la-fuente-del-rey"],"_links":{"self":[{"href":"https:\/\/www.deberes.net\/tesis\/wp-json\/wp\/v2\/posts\/37866","targetHints":{"allow":["GET"]}}],"collection":[{"href":"https:\/\/www.deberes.net\/tesis\/wp-json\/wp\/v2\/posts"}],"about":[{"href":"https:\/\/www.deberes.net\/tesis\/wp-json\/wp\/v2\/types\/post"}],"author":[{"embeddable":true,"href":"https:\/\/www.deberes.net\/tesis\/wp-json\/wp\/v2\/users\/1"}],"replies":[{"embeddable":true,"href":"https:\/\/www.deberes.net\/tesis\/wp-json\/wp\/v2\/comments?post=37866"}],"version-history":[{"count":0,"href":"https:\/\/www.deberes.net\/tesis\/wp-json\/wp\/v2\/posts\/37866\/revisions"}],"wp:attachment":[{"href":"https:\/\/www.deberes.net\/tesis\/wp-json\/wp\/v2\/media?parent=37866"}],"wp:term":[{"taxonomy":"category","embeddable":true,"href":"https:\/\/www.deberes.net\/tesis\/wp-json\/wp\/v2\/categories?post=37866"},{"taxonomy":"post_tag","embeddable":true,"href":"https:\/\/www.deberes.net\/tesis\/wp-json\/wp\/v2\/tags?post=37866"}],"curies":[{"name":"wp","href":"https:\/\/api.w.org\/{rel}","templated":true}]}}