{"id":37874,"date":"2018-03-09T09:37:11","date_gmt":"2018-03-09T09:37:11","guid":{"rendered":"https:\/\/www.deberes.net\/tesis\/sin-categoria\/funciones-sintacticas-o-funciones-semanticas-aproximacion-funcional-a-los-complementos-verbales-del-espanol\/"},"modified":"2018-03-09T09:37:11","modified_gmt":"2018-03-09T09:37:11","slug":"funciones-sintacticas-o-funciones-semanticas-aproximacion-funcional-a-los-complementos-verbales-del-espanol","status":"publish","type":"post","link":"https:\/\/www.deberes.net\/tesis\/linguistica\/funciones-sintacticas-o-funciones-semanticas-aproximacion-funcional-a-los-complementos-verbales-del-espanol\/","title":{"rendered":"Funciones sintacticas o funciones semanticas. aproximacion funcional a los complementos verbales del espa\u00f1ol."},"content":{"rendered":"<h2>Tesis doctoral de <strong> M. Carmen Garcia Garcia <\/strong><\/h2>\n<p>Esta tesis se compone de dos partes claramente diferenciadas. En la primera parte, cap\u00edtulos 1-3, se establecen las bases te\u00f3ricas del estudio, mediante revisi\u00f3n cr\u00edtica de algunos de los trabajos m\u00e1s representativos del heterog\u00e9neo te\u00f3rico del funcionalismo. En el cap\u00edtulo 1 se forumula la concepci\u00f3n de la lengua que sustenta la interpretaci\u00f3n posterior de los complementos verbales. En el cap\u00edtulo 2 se delimita el \u00e1mbito de la sintaxis y su relaci\u00f3n con la sem\u00e1ntica.  se dedica el cap\u00edtulo 3 al concepto de \u00abfunci\u00f3n\u00bb, cuyos l\u00edmites son definidos tras una revisi\u00f3n cr\u00edtica de las distintas y a veces contradictorias aproximaciones al t\u00e9rmino.  ya en la segunda parte, el cap\u00edtulo 4 se centra en la estructura de funciones sint\u00e1cticas de la oraci\u00f3n. Se concibe como una relaci\u00f3n de solidaridad entre dos funciones, sujeto y predicado, por la que se orienta la perspectiva desde la que se realiza la percepci\u00f3n lingu\u00edstica del \u00abestado de cosas\u00bb formalizado en el esquema argumental de la oraci\u00f3n. En el marco de dicha concepci\u00f3n de la estructura oracional se interpretan las oraciones impersonales y las llamadas \u00abconstrucciones absolutas\u00bb.  en los cap\u00edtulos 5 y 6 se define la estructura funcional sint\u00e1ctica del gsv, funtivo de la funci\u00f3n predicado.  dicha estructura es presentada, en el cap\u00edtulo 5, como un esquema jer\u00e1rquico (n\u00facleo+adyacentes)+ aditamentos, en funci\u00f3n del cual se interpretan, en el cap\u00edtulo 6, las tradicionales funciones complementarias del verbo, cd, ci, suplemento, por ejemplo, como formas de significante de una misma funci\u00f3n sint\u00e1ctica, adyacente, opuestas entre s\u00ed por el contenido relacional sem\u00e1ntico (funci\u00f3n sem\u00e1ntica) expresado en ellas.<\/p>\n<p>&nbsp;<\/p>\n<h3>Datos acad\u00e9micos de la tesis doctoral \u00ab<strong>Funciones sintacticas o funciones semanticas. aproximacion funcional a los complementos verbales del espa\u00f1ol.<\/strong>\u00ab<\/h3>\n<ul>\n<li><strong>T\u00edtulo de la tesis:<\/strong>\u00a0 Funciones sintacticas o funciones semanticas. aproximacion funcional a los complementos verbales del espa\u00f1ol. <\/li>\n<li><strong>Autor:<\/strong>\u00a0 M. Carmen Garcia Garcia <\/li>\n<li><strong>Universidad:<\/strong>\u00a0 Barcelona<\/li>\n<li><strong>Fecha de lectura de la tesis:<\/strong>\u00a0 29\/01\/1998<\/li>\n<\/ul>\n<p>&nbsp;<\/p>\n<h3>Direcci\u00f3n y tribunal<\/h3>\n<ul>\n<li><strong>Director de la tesis<\/strong>\n<ul>\n<li>Emma Martinez Gifre<\/li>\n<\/ul>\n<\/li>\n<li><strong>Tribunal<\/strong>\n<ul>\n<li>Presidente del tribunal: coloma Lleal galceran <\/li>\n<li>Santiago Alcoba rueda (vocal)<\/li>\n<li>valerio Baez sanjose (vocal)<\/li>\n<li>joan Sol\u00e1 cortasa (vocal)<\/li>\n<\/ul>\n<\/li>\n<\/ul>\n<p>&nbsp;<\/p>\n","protected":false},"excerpt":{"rendered":"<p>Tesis doctoral de M. Carmen Garcia Garcia Esta tesis se compone de dos partes claramente diferenciadas. En la primera parte, [&hellip;]<\/p>\n","protected":false},"author":1,"featured_media":0,"comment_status":"open","ping_status":"open","sticky":false,"template":"","format":"standard","meta":{"site-sidebar-layout":"default","site-content-layout":"","ast-site-content-layout":"","site-content-style":"default","site-sidebar-style":"default","ast-global-header-display":"","ast-banner-title-visibility":"","ast-main-header-display":"","ast-hfb-above-header-display":"","ast-hfb-below-header-display":"","ast-hfb-mobile-header-display":"","site-post-title":"","ast-breadcrumbs-content":"","ast-featured-img":"","footer-sml-layout":"","theme-transparent-header-meta":"","adv-header-id-meta":"","stick-header-meta":"","header-above-stick-meta":"","header-main-stick-meta":"","header-below-stick-meta":"","astra-migrate-meta-layouts":"default","ast-page-background-enabled":"default","ast-page-background-meta":{"desktop":{"background-color":"var(--ast-global-color-4)","background-image":"","background-repeat":"repeat","background-position":"center center","background-size":"auto","background-attachment":"scroll","background-type":"","background-media":"","overlay-type":"","overlay-color":"","overlay-gradient":""},"tablet":{"background-color":"","background-image":"","background-repeat":"repeat","background-position":"center center","background-size":"auto","background-attachment":"scroll","background-type":"","background-media":"","overlay-type":"","overlay-color":"","overlay-gradient":""},"mobile":{"background-color":"","background-image":"","background-repeat":"repeat","background-position":"center center","background-size":"auto","background-attachment":"scroll","background-type":"","background-media":"","overlay-type":"","overlay-color":"","overlay-gradient":""}},"ast-content-background-meta":{"desktop":{"background-color":"var(--ast-global-color-5)","background-image":"","background-repeat":"repeat","background-position":"center center","background-size":"auto","background-attachment":"scroll","background-type":"","background-media":"","overlay-type":"","overlay-color":"","overlay-gradient":""},"tablet":{"background-color":"var(--ast-global-color-5)","background-image":"","background-repeat":"repeat","background-position":"center center","background-size":"auto","background-attachment":"scroll","background-type":"","background-media":"","overlay-type":"","overlay-color":"","overlay-gradient":""},"mobile":{"background-color":"var(--ast-global-color-5)","background-image":"","background-repeat":"repeat","background-position":"center center","background-size":"auto","background-attachment":"scroll","background-type":"","background-media":"","overlay-type":"","overlay-color":"","overlay-gradient":""}},"footnotes":""},"categories":[951,59,62,886,409],"tags":[43675,98857,27606,54289,71486,1514],"class_list":["post-37874","post","type-post","status-publish","format-standard","hentry","category-barcelona","category-linguistica","category-linguistica-sincronica","category-semantica","category-sintaxis-y-analisis-sintactico","tag-coloma-lleal-galceran","tag-emma-Martinez-gifre","tag-joan-sola-cortasa","tag-m-carmen-garcia-garcia","tag-santiago-alcoba-rueda","tag-valerio-baez-sanjose"],"_links":{"self":[{"href":"https:\/\/www.deberes.net\/tesis\/wp-json\/wp\/v2\/posts\/37874","targetHints":{"allow":["GET"]}}],"collection":[{"href":"https:\/\/www.deberes.net\/tesis\/wp-json\/wp\/v2\/posts"}],"about":[{"href":"https:\/\/www.deberes.net\/tesis\/wp-json\/wp\/v2\/types\/post"}],"author":[{"embeddable":true,"href":"https:\/\/www.deberes.net\/tesis\/wp-json\/wp\/v2\/users\/1"}],"replies":[{"embeddable":true,"href":"https:\/\/www.deberes.net\/tesis\/wp-json\/wp\/v2\/comments?post=37874"}],"version-history":[{"count":0,"href":"https:\/\/www.deberes.net\/tesis\/wp-json\/wp\/v2\/posts\/37874\/revisions"}],"wp:attachment":[{"href":"https:\/\/www.deberes.net\/tesis\/wp-json\/wp\/v2\/media?parent=37874"}],"wp:term":[{"taxonomy":"category","embeddable":true,"href":"https:\/\/www.deberes.net\/tesis\/wp-json\/wp\/v2\/categories?post=37874"},{"taxonomy":"post_tag","embeddable":true,"href":"https:\/\/www.deberes.net\/tesis\/wp-json\/wp\/v2\/tags?post=37874"}],"curies":[{"name":"wp","href":"https:\/\/api.w.org\/{rel}","templated":true}]}}