{"id":37889,"date":"1998-05-02T00:00:00","date_gmt":"1998-05-02T00:00:00","guid":{"rendered":"https:\/\/www.deberes.net\/tesis\/sin-categoria\/star-formation-and-environment-in-a-sample-of-galaxies-in-compact-group\/"},"modified":"1998-05-02T00:00:00","modified_gmt":"1998-05-02T00:00:00","slug":"star-formation-and-environment-in-a-sample-of-galaxies-in-compact-group","status":"publish","type":"post","link":"https:\/\/www.deberes.net\/tesis\/astronomia-y-astrofisica\/star-formation-and-environment-in-a-sample-of-galaxies-in-compact-group\/","title":{"rendered":"Star formation and environment in a sample of galaxies in compact group."},"content":{"rendered":"<h2>Tesis doctoral de <strong> Jorge Iglesias P\u00e1ramo <\/strong><\/h2>\n<p>Esta tesis representa un gran avance en nuestro conocimiento de la influencia del medioambiente en la evoluci\u00f3n de las galaxias. El estudio se ha realizado midiendo el ritmo de formaci\u00f3n estelar (rfe) de galaxias pertenecientes a grupos compactos.  se ha basado endatos astron\u00f3micos de buena calidad, obtenidos en los observatorios del roque de los muchachos en la palma y en el observatorio hispano-alem\u00e1n de calar alto. El tratamiento de los datos ha sido excelente. Entre los muchos resultados obtenidos se puede destacar como especialmente interesante el hecho de que algunas galaxias espirales han perdido su envuelta de gas neutro durante la evoluci\u00f3n del grupo, disminuyendo de esta forma su rfe, mientras que en las el\u00edpticas y lenticulares este ritmo aumenta, lo cual atribuyen a procesos de acrecci\u00f3n de sat\u00e9lites o gas debido a pasos pr\u00f3ximos de compa\u00f1eras cercanas. Esto soporta la hip\u00f3tesis de que los grupos son realmente agregados densos de galaxias que est\u00e1n f\u00edsicamente asociados.<\/p>\n<p>&nbsp;<\/p>\n<h3>Datos acad\u00e9micos de la tesis doctoral \u00ab<strong>Star formation and environment in a sample of galaxies in compact group.<\/strong>\u00ab<\/h3>\n<ul>\n<li><strong>T\u00edtulo de la tesis:<\/strong>\u00a0 Star formation and environment in a sample of galaxies in compact group. <\/li>\n<li><strong>Autor:<\/strong>\u00a0 Jorge Iglesias P\u00e1ramo <\/li>\n<li><strong>Universidad:<\/strong>\u00a0 La laguna<\/li>\n<li><strong>Fecha de lectura de la tesis:<\/strong>\u00a0 05\/02\/1998<\/li>\n<\/ul>\n<p>&nbsp;<\/p>\n<h3>Direcci\u00f3n y tribunal<\/h3>\n<ul>\n<li><strong>Director de la tesis<\/strong>\n<ul>\n<li>Jos\u00e9 Manuel V\u00edlchez Medina<\/li>\n<\/ul>\n<\/li>\n<li><strong>Tribunal<\/strong>\n<ul>\n<li>Presidente del tribunal: Francisco Sanchez Martinez <\/li>\n<li>enrique Perez jimenez (vocal)<\/li>\n<li>casiana Mu\u00f1oz tu\u00f1\u00f3n (vocal)<\/li>\n<li>\u00e1ngeles i. D\u00edaz beltr\u00e1n (vocal)<\/li>\n<\/ul>\n<\/li>\n<\/ul>\n<p>&nbsp;<\/p>\n","protected":false},"excerpt":{"rendered":"<p>Tesis doctoral de Jorge Iglesias P\u00e1ramo Esta tesis representa un gran avance en nuestro conocimiento de la influencia del medioambiente [&hellip;]<\/p>\n","protected":false},"author":1,"featured_media":0,"comment_status":"open","ping_status":"open","sticky":false,"template":"","format":"standard","meta":{"site-sidebar-layout":"default","site-content-layout":"","ast-site-content-layout":"","site-content-style":"default","site-sidebar-style":"default","ast-global-header-display":"","ast-banner-title-visibility":"","ast-main-header-display":"","ast-hfb-above-header-display":"","ast-hfb-below-header-display":"","ast-hfb-mobile-header-display":"","site-post-title":"","ast-breadcrumbs-content":"","ast-featured-img":"","footer-sml-layout":"","theme-transparent-header-meta":"","adv-header-id-meta":"","stick-header-meta":"","header-above-stick-meta":"","header-main-stick-meta":"","header-below-stick-meta":"","astra-migrate-meta-layouts":"default","ast-page-background-enabled":"default","ast-page-background-meta":{"desktop":{"background-color":"var(--ast-global-color-4)","background-image":"","background-repeat":"repeat","background-position":"center center","background-size":"auto","background-attachment":"scroll","background-type":"","background-media":"","overlay-type":"","overlay-color":"","overlay-gradient":""},"tablet":{"background-color":"","background-image":"","background-repeat":"repeat","background-position":"center center","background-size":"auto","background-attachment":"scroll","background-type":"","background-media":"","overlay-type":"","overlay-color":"","overlay-gradient":""},"mobile":{"background-color":"","background-image":"","background-repeat":"repeat","background-position":"center center","background-size":"auto","background-attachment":"scroll","background-type":"","background-media":"","overlay-type":"","overlay-color":"","overlay-gradient":""}},"ast-content-background-meta":{"desktop":{"background-color":"var(--ast-global-color-5)","background-image":"","background-repeat":"repeat","background-position":"center center","background-size":"auto","background-attachment":"scroll","background-type":"","background-media":"","overlay-type":"","overlay-color":"","overlay-gradient":""},"tablet":{"background-color":"var(--ast-global-color-5)","background-image":"","background-repeat":"repeat","background-position":"center center","background-size":"auto","background-attachment":"scroll","background-type":"","background-media":"","overlay-type":"","overlay-color":"","overlay-gradient":""},"mobile":{"background-color":"var(--ast-global-color-5)","background-image":"","background-repeat":"repeat","background-position":"center center","background-size":"auto","background-attachment":"scroll","background-type":"","background-media":"","overlay-type":"","overlay-color":"","overlay-gradient":""}},"footnotes":""},"categories":[1050,1052,7767,9915,10033],"tags":[10099,82233,10038,7770,98892,10495],"class_list":["post-37889","post","type-post","status-publish","format-standard","hentry","category-astronomia-y-astrofisica","category-cosmologia-y-cosmogonia","category-galaxias","category-la-laguna","category-nebulosas","tag-angeles-i-diaz-beltran","tag-casiana-munoz-tunon","tag-enrique-perez-jimenez","tag-francisco-sanchez-Martinez","tag-jorge-iglesias-paramo","tag-jose-manuel-vilchez-medina"],"_links":{"self":[{"href":"https:\/\/www.deberes.net\/tesis\/wp-json\/wp\/v2\/posts\/37889","targetHints":{"allow":["GET"]}}],"collection":[{"href":"https:\/\/www.deberes.net\/tesis\/wp-json\/wp\/v2\/posts"}],"about":[{"href":"https:\/\/www.deberes.net\/tesis\/wp-json\/wp\/v2\/types\/post"}],"author":[{"embeddable":true,"href":"https:\/\/www.deberes.net\/tesis\/wp-json\/wp\/v2\/users\/1"}],"replies":[{"embeddable":true,"href":"https:\/\/www.deberes.net\/tesis\/wp-json\/wp\/v2\/comments?post=37889"}],"version-history":[{"count":0,"href":"https:\/\/www.deberes.net\/tesis\/wp-json\/wp\/v2\/posts\/37889\/revisions"}],"wp:attachment":[{"href":"https:\/\/www.deberes.net\/tesis\/wp-json\/wp\/v2\/media?parent=37889"}],"wp:term":[{"taxonomy":"category","embeddable":true,"href":"https:\/\/www.deberes.net\/tesis\/wp-json\/wp\/v2\/categories?post=37889"},{"taxonomy":"post_tag","embeddable":true,"href":"https:\/\/www.deberes.net\/tesis\/wp-json\/wp\/v2\/tags?post=37889"}],"curies":[{"name":"wp","href":"https:\/\/api.w.org\/{rel}","templated":true}]}}