{"id":37890,"date":"1998-05-02T00:00:00","date_gmt":"1998-05-02T00:00:00","guid":{"rendered":"https:\/\/www.deberes.net\/tesis\/sin-categoria\/prevalencia-de-la-obesidad-y-factores-asociados-en-la-poblacion-adulta-de-la-comunidad-valenciana\/"},"modified":"1998-05-02T00:00:00","modified_gmt":"1998-05-02T00:00:00","slug":"prevalencia-de-la-obesidad-y-factores-asociados-en-la-poblacion-adulta-de-la-comunidad-valenciana","status":"publish","type":"post","link":"https:\/\/www.deberes.net\/tesis\/ciencias-medicas\/prevalencia-de-la-obesidad-y-factores-asociados-en-la-poblacion-adulta-de-la-comunidad-valenciana\/","title":{"rendered":"PreValencia de la obesidad y factores asociados en la poblacion adulta de la comunidad Valenciana."},"content":{"rendered":"<h2>Tesis doctoral de <strong> Joan Quiles Izquierdo <\/strong><\/h2>\n<p>A trav\u00e9s de un estudio tranversal, sobre una muestra de 1787 adultos Valencianos, se ha estimado una preValencia de obesidad en la comunidad Valenciana de del 17,2%, siendo mayor en las mujerez (17,8%) que en los honbres, y en los grupos de mayor edad. Se ha realizado adem\u00e1s, un estudio de validaci\u00f3n del uso de los datos antropom\u00e9tricos de talla y peso declarados; y el \u00edndice de quetelet derivado de ellos, para su utilizaci\u00f3n como prueba de cribado de obesidad. Concluyendo que utilizando estos datos se produce una infraestimaci\u00f3n de la preValencia de la obesidad real. Por \u00faltimo, se han analizado los factores no diet\u00e9ticos asociados con la presencia de obesidad en los adultos Valencianos. en los hombres, se han encontrado asociaciones positivas con la edad, el estado civil, el consumo de alcohol y las horas de televisi\u00f3n. En las mujeres los factores asociados de forma positiva fuern la edad, el estado civil, televisi\u00f3n, y la paridad. se estim\u00f3 una asociaci\u00f3n inversa para el nivel educativo y las horas de sue\u00f1o.<\/p>\n<p>&nbsp;<\/p>\n<h3>Datos acad\u00e9micos de la tesis doctoral \u00ab<strong>PreValencia de la obesidad y factores asociados en la poblacion adulta de la comunidad Valenciana.<\/strong>\u00ab<\/h3>\n<ul>\n<li><strong>T\u00edtulo de la tesis:<\/strong>\u00a0 PreValencia de la obesidad y factores asociados en la poblacion adulta de la comunidad Valenciana. <\/li>\n<li><strong>Autor:<\/strong>\u00a0 Joan Quiles Izquierdo <\/li>\n<li><strong>Universidad:<\/strong>\u00a0 Miguel hern\u00e1ndez de elche<\/li>\n<li><strong>Fecha de lectura de la tesis:<\/strong>\u00a0 05\/02\/1998<\/li>\n<\/ul>\n<p>&nbsp;<\/p>\n<h3>Direcci\u00f3n y tribunal<\/h3>\n<ul>\n<li><strong>Director de la tesis<\/strong>\n<ul>\n<li>Jes\u00fas Vioque Lopez<\/li>\n<\/ul>\n<\/li>\n<li><strong>Tribunal<\/strong>\n<ul>\n<li>Presidente del tribunal: Francisco Bolumar montrull <\/li>\n<li> Nieto garcia fco. Javier (vocal)<\/li>\n<li>lLuis Serra majem (vocal)<\/li>\n<li>Javier Arenceta batrina (vocal)<\/li>\n<\/ul>\n<\/li>\n<\/ul>\n<p>&nbsp;<\/p>\n","protected":false},"excerpt":{"rendered":"<p>Tesis doctoral de Joan Quiles Izquierdo A trav\u00e9s de un estudio tranversal, sobre una muestra de 1787 adultos Valencianos, se [&hellip;]<\/p>\n","protected":false},"author":1,"featured_media":0,"comment_status":"open","ping_status":"open","sticky":false,"template":"","format":"standard","meta":{"site-sidebar-layout":"default","site-content-layout":"","ast-site-content-layout":"","site-content-style":"default","site-sidebar-style":"default","ast-global-header-display":"","ast-banner-title-visibility":"","ast-main-header-display":"","ast-hfb-above-header-display":"","ast-hfb-below-header-display":"","ast-hfb-mobile-header-display":"","site-post-title":"","ast-breadcrumbs-content":"","ast-featured-img":"","footer-sml-layout":"","theme-transparent-header-meta":"","adv-header-id-meta":"","stick-header-meta":"","header-above-stick-meta":"","header-main-stick-meta":"","header-below-stick-meta":"","astra-migrate-meta-layouts":"default","ast-page-background-enabled":"default","ast-page-background-meta":{"desktop":{"background-color":"var(--ast-global-color-4)","background-image":"","background-repeat":"repeat","background-position":"center center","background-size":"auto","background-attachment":"scroll","background-type":"","background-media":"","overlay-type":"","overlay-color":"","overlay-gradient":""},"tablet":{"background-color":"","background-image":"","background-repeat":"repeat","background-position":"center center","background-size":"auto","background-attachment":"scroll","background-type":"","background-media":"","overlay-type":"","overlay-color":"","overlay-gradient":""},"mobile":{"background-color":"","background-image":"","background-repeat":"repeat","background-position":"center center","background-size":"auto","background-attachment":"scroll","background-type":"","background-media":"","overlay-type":"","overlay-color":"","overlay-gradient":""}},"ast-content-background-meta":{"desktop":{"background-color":"var(--ast-global-color-5)","background-image":"","background-repeat":"repeat","background-position":"center center","background-size":"auto","background-attachment":"scroll","background-type":"","background-media":"","overlay-type":"","overlay-color":"","overlay-gradient":""},"tablet":{"background-color":"var(--ast-global-color-5)","background-image":"","background-repeat":"repeat","background-position":"center center","background-size":"auto","background-attachment":"scroll","background-type":"","background-media":"","overlay-type":"","overlay-color":"","overlay-gradient":""},"mobile":{"background-color":"var(--ast-global-color-5)","background-image":"","background-repeat":"repeat","background-position":"center center","background-size":"auto","background-attachment":"scroll","background-type":"","background-media":"","overlay-type":"","overlay-color":"","overlay-gradient":""}},"footnotes":""},"categories":[922,467,35,9,6975,2931,37169,967],"tags":[11933,98895,68174,98893,10095,98894],"class_list":["post-37890","post","type-post","status-publish","format-standard","hentry","category-antropologia-fisica","category-ciencias-de-la-nutricion","category-ciencias-de-la-vida","category-ciencias-medicas","category-composicion-del-cuerpo","category-enfermedades-de-la-nutricion","category-miguel-hernandez-de-elche","category-salud-publica","tag-francisco-bolumar-montrull","tag-javier-arenceta-batrina","tag-jesus-vioque-lopez","tag-joan-quiles-izquierdo","tag-lluis-serra-majem","tag-nieto-garcia-fco-javier"],"_links":{"self":[{"href":"https:\/\/www.deberes.net\/tesis\/wp-json\/wp\/v2\/posts\/37890","targetHints":{"allow":["GET"]}}],"collection":[{"href":"https:\/\/www.deberes.net\/tesis\/wp-json\/wp\/v2\/posts"}],"about":[{"href":"https:\/\/www.deberes.net\/tesis\/wp-json\/wp\/v2\/types\/post"}],"author":[{"embeddable":true,"href":"https:\/\/www.deberes.net\/tesis\/wp-json\/wp\/v2\/users\/1"}],"replies":[{"embeddable":true,"href":"https:\/\/www.deberes.net\/tesis\/wp-json\/wp\/v2\/comments?post=37890"}],"version-history":[{"count":0,"href":"https:\/\/www.deberes.net\/tesis\/wp-json\/wp\/v2\/posts\/37890\/revisions"}],"wp:attachment":[{"href":"https:\/\/www.deberes.net\/tesis\/wp-json\/wp\/v2\/media?parent=37890"}],"wp:term":[{"taxonomy":"category","embeddable":true,"href":"https:\/\/www.deberes.net\/tesis\/wp-json\/wp\/v2\/categories?post=37890"},{"taxonomy":"post_tag","embeddable":true,"href":"https:\/\/www.deberes.net\/tesis\/wp-json\/wp\/v2\/tags?post=37890"}],"curies":[{"name":"wp","href":"https:\/\/api.w.org\/{rel}","templated":true}]}}