{"id":37898,"date":"1998-09-02T00:00:00","date_gmt":"1998-09-02T00:00:00","guid":{"rendered":"https:\/\/www.deberes.net\/tesis\/sin-categoria\/health-care-interaction-between-public-system-and-private-sector\/"},"modified":"1998-09-02T00:00:00","modified_gmt":"1998-09-02T00:00:00","slug":"health-care-interaction-between-public-system-and-private-sector","status":"publish","type":"post","link":"https:\/\/www.deberes.net\/tesis\/teoria-del-crecimiento-economico\/health-care-interaction-between-public-system-and-private-sector\/","title":{"rendered":"Health care: interaction between public system and private sector"},"content":{"rendered":"<h2>Tesis doctoral de <strong>  Jofre Bonet Mireia Margarita <\/strong><\/h2>\n<p>Esta tesis estudia la interacci\u00f3n entre el sistema p\u00fablico y el sector privado en la provisi\u00f3n de servicios de salud. Consta de una introducci\u00f3n y tres cap\u00edtulos. el primero es te\u00f3rico y utiliza un modelo de diferenciaci\u00f3n vertical de producto donde el bien en cuesti\u00f3n es sanidad. Los consumidores difieren en su nivel de renta y la disposici\u00f3n a pagar de los menos ricos no cubre su coste marginal. la provisi\u00f3n mediante un oligopolio mixto con un agente p\u00fablico que maximiza el bienestar. El sector p\u00fablico proporciona servicios de menor calidad pero asequibles a toda la poblaci\u00f3n y el privado cubre la demanda de calidad alta. el segundo cap\u00edtulo es emp\u00edrico, utiliza la encuesta de presupuestos familiares 90-91 y analiza si incrementar el gasto p\u00fablico en sanidad provoca una expansi\u00f3n de los recursos globales dedicados a bienes de salud. El resultado es afirmativo. El incremento de gasto p\u00fablico en salud tiene un efecto sustituci\u00f3n pero no suficiente para contrarrestar la expansi\u00f3n del gasto.  el tercer cap\u00edtulo es emp\u00edrico y estudia la calidad como anexo de uni\u00f3n entre proveedores p\u00fablico y privados. La base de datos utilizada es la encuesta nacional de salud de 1993 y, complementariamente, la de presupuestos familiares 90-91.<\/p>\n<p>&nbsp;<\/p>\n<h3>Datos acad\u00e9micos de la tesis doctoral \u00ab<strong>Health care: interaction between public system and private sector<\/strong>\u00ab<\/h3>\n<ul>\n<li><strong>T\u00edtulo de la tesis:<\/strong>\u00a0 Health care: interaction between public system and private sector <\/li>\n<li><strong>Autor:<\/strong>\u00a0  Jofre Bonet Mireia Margarita <\/li>\n<li><strong>Universidad:<\/strong>\u00a0 Pompeu fabra<\/li>\n<li><strong>Fecha de lectura de la tesis:<\/strong>\u00a0 09\/02\/1998<\/li>\n<\/ul>\n<p>&nbsp;<\/p>\n<h3>Direcci\u00f3n y tribunal<\/h3>\n<ul>\n<li><strong>Director de la tesis<\/strong>\n<ul>\n<li>Guill\u00e9m L\u00f3pez Casanovas<\/li>\n<\/ul>\n<\/li>\n<li><strong>Tribunal<\/strong>\n<ul>\n<li>Presidente del tribunal: Carles Murillo Fort <\/li>\n<li>Pedro Pita Barros (vocal)<\/li>\n<li>Walter Garc\u00eda-fontes (vocal)<\/li>\n<li>Carlo Scarpa (vocal)<\/li>\n<\/ul>\n<\/li>\n<\/ul>\n<p>&nbsp;<\/p>\n","protected":false},"excerpt":{"rendered":"<p>Tesis doctoral de Jofre Bonet Mireia Margarita Esta tesis estudia la interacci\u00f3n entre el sistema p\u00fablico y el sector privado [&hellip;]<\/p>\n","protected":false},"author":1,"featured_media":0,"comment_status":"open","ping_status":"open","sticky":false,"template":"","format":"standard","meta":{"site-sidebar-layout":"default","site-content-layout":"","ast-site-content-layout":"","site-content-style":"default","site-sidebar-style":"default","ast-global-header-display":"","ast-banner-title-visibility":"","ast-main-header-display":"","ast-hfb-above-header-display":"","ast-hfb-below-header-display":"","ast-hfb-mobile-header-display":"","site-post-title":"","ast-breadcrumbs-content":"","ast-featured-img":"","footer-sml-layout":"","theme-transparent-header-meta":"","adv-header-id-meta":"","stick-header-meta":"","header-above-stick-meta":"","header-main-stick-meta":"","header-below-stick-meta":"","astra-migrate-meta-layouts":"default","ast-page-background-enabled":"default","ast-page-background-meta":{"desktop":{"background-color":"var(--ast-global-color-4)","background-image":"","background-repeat":"repeat","background-position":"center center","background-size":"auto","background-attachment":"scroll","background-type":"","background-media":"","overlay-type":"","overlay-color":"","overlay-gradient":""},"tablet":{"background-color":"","background-image":"","background-repeat":"repeat","background-position":"center center","background-size":"auto","background-attachment":"scroll","background-type":"","background-media":"","overlay-type":"","overlay-color":"","overlay-gradient":""},"mobile":{"background-color":"","background-image":"","background-repeat":"repeat","background-position":"center center","background-size":"auto","background-attachment":"scroll","background-type":"","background-media":"","overlay-type":"","overlay-color":"","overlay-gradient":""}},"ast-content-background-meta":{"desktop":{"background-color":"var(--ast-global-color-5)","background-image":"","background-repeat":"repeat","background-position":"center center","background-size":"auto","background-attachment":"scroll","background-type":"","background-media":"","overlay-type":"","overlay-color":"","overlay-gradient":""},"tablet":{"background-color":"var(--ast-global-color-5)","background-image":"","background-repeat":"repeat","background-position":"center center","background-size":"auto","background-attachment":"scroll","background-type":"","background-media":"","overlay-type":"","overlay-color":"","overlay-gradient":""},"mobile":{"background-color":"var(--ast-global-color-5)","background-image":"","background-repeat":"repeat","background-position":"center center","background-size":"auto","background-attachment":"scroll","background-type":"","background-media":"","overlay-type":"","overlay-color":"","overlay-gradient":""}},"footnotes":""},"categories":[18712,890],"tags":[29132,98910,29435,98909,37003,60106],"class_list":["post-37898","post","type-post","status-publish","format-standard","hentry","category-pompeu-fabra","category-teoria-del-crecimiento-economico","tag-carles-murillo-fort","tag-carlo-scarpa","tag-guillem-lopez-casanovas","tag-jofre-bonet-mireia-margarita","tag-pedro-pita-barros","tag-walter-garcia-fontes"],"_links":{"self":[{"href":"https:\/\/www.deberes.net\/tesis\/wp-json\/wp\/v2\/posts\/37898","targetHints":{"allow":["GET"]}}],"collection":[{"href":"https:\/\/www.deberes.net\/tesis\/wp-json\/wp\/v2\/posts"}],"about":[{"href":"https:\/\/www.deberes.net\/tesis\/wp-json\/wp\/v2\/types\/post"}],"author":[{"embeddable":true,"href":"https:\/\/www.deberes.net\/tesis\/wp-json\/wp\/v2\/users\/1"}],"replies":[{"embeddable":true,"href":"https:\/\/www.deberes.net\/tesis\/wp-json\/wp\/v2\/comments?post=37898"}],"version-history":[{"count":0,"href":"https:\/\/www.deberes.net\/tesis\/wp-json\/wp\/v2\/posts\/37898\/revisions"}],"wp:attachment":[{"href":"https:\/\/www.deberes.net\/tesis\/wp-json\/wp\/v2\/media?parent=37898"}],"wp:term":[{"taxonomy":"category","embeddable":true,"href":"https:\/\/www.deberes.net\/tesis\/wp-json\/wp\/v2\/categories?post=37898"},{"taxonomy":"post_tag","embeddable":true,"href":"https:\/\/www.deberes.net\/tesis\/wp-json\/wp\/v2\/tags?post=37898"}],"curies":[{"name":"wp","href":"https:\/\/api.w.org\/{rel}","templated":true}]}}