{"id":37901,"date":"1998-11-02T00:00:00","date_gmt":"1998-11-02T00:00:00","guid":{"rendered":"https:\/\/www.deberes.net\/tesis\/sin-categoria\/el-regimen-jura%c2%addico-de-los-contratos-de-prestamos-y-credito-excluidos-de-la-ley-de-contratos-de-la-administraciones-publicas-art-3-1-k\/"},"modified":"1998-11-02T00:00:00","modified_gmt":"1998-11-02T00:00:00","slug":"el-regimen-jura%c2%addico-de-los-contratos-de-prestamos-y-credito-excluidos-de-la-ley-de-contratos-de-la-administraciones-publicas-art-3-1-k","status":"publish","type":"post","link":"https:\/\/www.deberes.net\/tesis\/ciencias-juridicas-y-derecho\/el-regimen-jura%c2%addico-de-los-contratos-de-prestamos-y-credito-excluidos-de-la-ley-de-contratos-de-la-administraciones-publicas-art-3-1-k\/","title":{"rendered":"El r\u00e9gimen jur\u00eddico de los contratos de pr\u00e9stamos y cr\u00e9dito excluidos de la ley de contratos de la administraciones p\u00fablicas (art: 3.1 k)"},"content":{"rendered":"<h2>Tesis doctoral de <strong> Francisco Pleite Guadamillas <\/strong><\/h2>\n<p>Se analizan los problemas que se generan en relaci\u00f3n con los contratos de pr\u00e9tamo y cr\u00e9dito de las administraciones p\u00fablicas y la regulaci\u00f3n de los mismos en funci\u00f3n del inter\u00e9s p\u00fablico existente en dicho contrato.  se analiza la finalidad que se persigue con la deuda p\u00fablica general y m\u00e1s en concreto con esta modalidad de deuda p\u00fablica. Se estudia la normativa comunitaria sobre contrataci\u00f3n p\u00fablica. Se examinan los elementos subjetivos y objetivos del contrato. Se realiza un examen del procedimiento necesario para la formalizaci\u00f3n de contratos de cr\u00e9dito y pr\u00e9stamo.<\/p>\n<p>&nbsp;<\/p>\n<h3>Datos acad\u00e9micos de la tesis doctoral \u00ab<strong>El r\u00e9gimen jur\u00eddico de los contratos de pr\u00e9stamos y cr\u00e9dito excluidos de la ley de contratos de la administraciones p\u00fablicas (art: 3.1 k)<\/strong>\u00ab<\/h3>\n<ul>\n<li><strong>T\u00edtulo de la tesis:<\/strong>\u00a0 El r\u00e9gimen jur\u00eddico de los contratos de pr\u00e9stamos y cr\u00e9dito excluidos de la ley de contratos de la administraciones p\u00fablicas (art: 3.1 k) <\/li>\n<li><strong>Autor:<\/strong>\u00a0 Francisco Pleite Guadamillas <\/li>\n<li><strong>Universidad:<\/strong>\u00a0 Carlos III de Madrid<\/li>\n<li><strong>Fecha de lectura de la tesis:<\/strong>\u00a0 11\/02\/1998<\/li>\n<\/ul>\n<p>&nbsp;<\/p>\n<h3>Direcci\u00f3n y tribunal<\/h3>\n<ul>\n<li><strong>Director de la tesis<\/strong>\n<ul>\n<li>Agust\u00edn De As\u00eds Roig<\/li>\n<\/ul>\n<\/li>\n<li><strong>Tribunal<\/strong>\n<ul>\n<li>Presidente del tribunal: tom\u00e1s De la quadra-salcedo fern\u00e1ndez del castillo <\/li>\n<li>lu\u00eds ignacio Ortega \u00e1lvarez (vocal)<\/li>\n<li>Jos\u00e9 Luis Pi\u00f1ar ma\u00f1as (vocal)<\/li>\n<li> Beltr\u00e1n de felipe Miguel (vocal)<\/li>\n<\/ul>\n<\/li>\n<\/ul>\n<p>&nbsp;<\/p>\n","protected":false},"excerpt":{"rendered":"<p>Tesis doctoral de Francisco Pleite Guadamillas Se analizan los problemas que se generan en relaci\u00f3n con los contratos de pr\u00e9tamo [&hellip;]<\/p>\n","protected":false},"author":1,"featured_media":0,"comment_status":"open","ping_status":"open","sticky":false,"template":"","format":"standard","meta":{"site-sidebar-layout":"default","site-content-layout":"","ast-site-content-layout":"","site-content-style":"default","site-sidebar-style":"default","ast-global-header-display":"","ast-banner-title-visibility":"","ast-main-header-display":"","ast-hfb-above-header-display":"","ast-hfb-below-header-display":"","ast-hfb-mobile-header-display":"","site-post-title":"","ast-breadcrumbs-content":"","ast-featured-img":"","footer-sml-layout":"","theme-transparent-header-meta":"","adv-header-id-meta":"","stick-header-meta":"","header-above-stick-meta":"","header-main-stick-meta":"","header-below-stick-meta":"","astra-migrate-meta-layouts":"default","ast-page-background-enabled":"default","ast-page-background-meta":{"desktop":{"background-color":"var(--ast-global-color-4)","background-image":"","background-repeat":"repeat","background-position":"center center","background-size":"auto","background-attachment":"scroll","background-type":"","background-media":"","overlay-type":"","overlay-color":"","overlay-gradient":""},"tablet":{"background-color":"","background-image":"","background-repeat":"repeat","background-position":"center center","background-size":"auto","background-attachment":"scroll","background-type":"","background-media":"","overlay-type":"","overlay-color":"","overlay-gradient":""},"mobile":{"background-color":"","background-image":"","background-repeat":"repeat","background-position":"center center","background-size":"auto","background-attachment":"scroll","background-type":"","background-media":"","overlay-type":"","overlay-color":"","overlay-gradient":""}},"ast-content-background-meta":{"desktop":{"background-color":"var(--ast-global-color-5)","background-image":"","background-repeat":"repeat","background-position":"center center","background-size":"auto","background-attachment":"scroll","background-type":"","background-media":"","overlay-type":"","overlay-color":"","overlay-gradient":""},"tablet":{"background-color":"var(--ast-global-color-5)","background-image":"","background-repeat":"repeat","background-position":"center center","background-size":"auto","background-attachment":"scroll","background-type":"","background-media":"","overlay-type":"","overlay-color":"","overlay-gradient":""},"mobile":{"background-color":"var(--ast-global-color-5)","background-image":"","background-repeat":"repeat","background-position":"center center","background-size":"auto","background-attachment":"scroll","background-type":"","background-media":"","overlay-type":"","overlay-color":"","overlay-gradient":""}},"footnotes":""},"categories":[18550,612,1442,979],"tags":[22662,37575,98914,6455,6454,37574],"class_list":["post-37901","post","type-post","status-publish","format-standard","hentry","category-carlos-iii-de-madrid","category-ciencias-juridicas-y-derecho","category-derecho-administrativo","category-derecho-y-legislacion-nacionales","tag-agustin-de-asis-roig","tag-beltran-de-felipe-miguel","tag-francisco-pleite-guadamillas","tag-jose-luis-pinar-manas","tag-luis-ignacio-ortega-alvarez","tag-tomas-de-la-quadra-salcedo-fernandez-del-castillo"],"_links":{"self":[{"href":"https:\/\/www.deberes.net\/tesis\/wp-json\/wp\/v2\/posts\/37901","targetHints":{"allow":["GET"]}}],"collection":[{"href":"https:\/\/www.deberes.net\/tesis\/wp-json\/wp\/v2\/posts"}],"about":[{"href":"https:\/\/www.deberes.net\/tesis\/wp-json\/wp\/v2\/types\/post"}],"author":[{"embeddable":true,"href":"https:\/\/www.deberes.net\/tesis\/wp-json\/wp\/v2\/users\/1"}],"replies":[{"embeddable":true,"href":"https:\/\/www.deberes.net\/tesis\/wp-json\/wp\/v2\/comments?post=37901"}],"version-history":[{"count":0,"href":"https:\/\/www.deberes.net\/tesis\/wp-json\/wp\/v2\/posts\/37901\/revisions"}],"wp:attachment":[{"href":"https:\/\/www.deberes.net\/tesis\/wp-json\/wp\/v2\/media?parent=37901"}],"wp:term":[{"taxonomy":"category","embeddable":true,"href":"https:\/\/www.deberes.net\/tesis\/wp-json\/wp\/v2\/categories?post=37901"},{"taxonomy":"post_tag","embeddable":true,"href":"https:\/\/www.deberes.net\/tesis\/wp-json\/wp\/v2\/tags?post=37901"}],"curies":[{"name":"wp","href":"https:\/\/api.w.org\/{rel}","templated":true}]}}