{"id":37908,"date":"2018-03-09T09:37:14","date_gmt":"2018-03-09T09:37:14","guid":{"rendered":"https:\/\/www.deberes.net\/tesis\/sin-categoria\/estudio-sobre-la-prevalencia-de-sintomas-respiratorios-relacionados-con-el-asma-bronquial-en-escolares-de-cadiz-relaciones-con-la-alergia-y-factores-ambientales\/"},"modified":"2018-03-09T09:37:14","modified_gmt":"2018-03-09T09:37:14","slug":"estudio-sobre-la-prevalencia-de-sintomas-respiratorios-relacionados-con-el-asma-bronquial-en-escolares-de-cadiz-relaciones-con-la-alergia-y-factores-ambientales","status":"publish","type":"post","link":"https:\/\/www.deberes.net\/tesis\/ciencias-medicas\/estudio-sobre-la-prevalencia-de-sintomas-respiratorios-relacionados-con-el-asma-bronquial-en-escolares-de-cadiz-relaciones-con-la-alergia-y-factores-ambientales\/","title":{"rendered":"Estudio sobre la preValencia de sintomas respiratorios relacionados con el asma bronquial en escolares de cadiz: relaciones con la alergia y factores ambientales."},"content":{"rendered":"<h2>Tesis doctoral de <strong> Juan  Manuel Iglesias Ramirez <\/strong><\/h2>\n<p>Diferentes observaciones epidemiol\u00f3gicas nos indican un incremento progresivo de preValencia de asma en los \u00faltimos a\u00f1os y un posible aumento de la gravedad de la enfermedad asm\u00e1tica. Esto unido a que la pr\u00e1ctica cl\u00ednica nos sugiere que en nuestra ciudad esta enfermedad es muy frecuente, nos motiv\u00f3 a realizar un estudio cuyos objetivos fueron los siguientes:  1.- Conocer la preValencia de s\u00edntomas respiratorios en la poblaci\u00f3n escolar de c\u00e1diz en ni\u00f1os con edades entre los 8 y 16 a\u00f1os, correspondientes a 2, 5 y 8 de e.G.B.  2.- Describir las variables demogr\u00e1ficas edad, sexo, tiempo de residencia y nivel socioecon\u00f3mico de la poblaci\u00f3n escolar de c\u00e1diz con s\u00edntomas respiratorios.  3.- Valorar los posibles factores de riesgo que participan en la frecuencia de s\u00edntomas respiratorios en nuestra poblaci\u00f3n.  el tama\u00f1o de la muestra para un nivel de confianza del 99,9% se estim\u00f3 en 2.556 alumnos. La muestra se sobreestim\u00f3 hasta 3.749 para compensar las posibles p\u00e9rdidas. Estos alumnos estaban distribuidos entre 19 de los 40 colegios, elegidos al azar, con alumnos en 2, 5 y 8 de e.G.B.  a los 3.749 alumnos componentes de la muestra se les reparti\u00f3 un cuestionario basado en el propuesto por la iualtd (international uni\u00f3n againts tuberculosis and lung diseases) sobre s\u00edntomas bronquiales, al que se le a\u00f1adieron una serie de cuestiones sobre factores medioambientales y de riesgo.  el nivel de participaci\u00f3n en la encuesta fue de un 85%, lo que corresponde a 3.201 alumnos.  definimos como grupo sintom\u00e1tico a los sujetos que respond\u00edan positivamente a alguna de las siguientes preguntas:  en los pasados doce meses su hijo\/a ha tenido pitidos en el pecho o crisis de asfixia?.  en los pasados doce meses ha presentado alg\u00fan ataque de pitidos o de asfixia que le haya despertado por la noche?.  en los pasados doce meses, su hijo ha tomado alg\u00fan medicamento para aliviar los pitidos o la asfixia?.  la prev<\/p>\n<p>&nbsp;<\/p>\n<h3>Datos acad\u00e9micos de la tesis doctoral \u00ab<strong>Estudio sobre la preValencia de sintomas respiratorios relacionados con el asma bronquial en escolares de cadiz: relaciones con la alergia y factores ambientales.<\/strong>\u00ab<\/h3>\n<ul>\n<li><strong>T\u00edtulo de la tesis:<\/strong>\u00a0 Estudio sobre la preValencia de sintomas respiratorios relacionados con el asma bronquial en escolares de cadiz: relaciones con la alergia y factores ambientales. <\/li>\n<li><strong>Autor:<\/strong>\u00a0 Juan  Manuel Iglesias Ramirez <\/li>\n<li><strong>Universidad:<\/strong>\u00a0 C\u00e1diz<\/li>\n<li><strong>Fecha de lectura de la tesis:<\/strong>\u00a0 13\/02\/1998<\/li>\n<\/ul>\n<p>&nbsp;<\/p>\n<h3>Direcci\u00f3n y tribunal<\/h3>\n<ul>\n<li><strong>Director de la tesis<\/strong>\n<ul>\n<li>Adriano Lopez Sanchez<\/li>\n<\/ul>\n<\/li>\n<li><strong>Tribunal<\/strong>\n<ul>\n<li>Presidente del tribunal: eduardo Zamora madaria <\/li>\n<li>Antonio Lorenzo pe\u00f1uelas (vocal)<\/li>\n<li>Fernando Fuentes otero (vocal)<\/li>\n<li>Jos\u00e9 m. Antona  gomez (vocal)<\/li>\n<\/ul>\n<\/li>\n<\/ul>\n<p>&nbsp;<\/p>\n","protected":false},"excerpt":{"rendered":"<p>Tesis doctoral de Juan Manuel Iglesias Ramirez Diferentes observaciones epidemiol\u00f3gicas nos indican un incremento progresivo de preValencia de asma en [&hellip;]<\/p>\n","protected":false},"author":1,"featured_media":0,"comment_status":"open","ping_status":"open","sticky":false,"template":"","format":"standard","meta":{"site-sidebar-layout":"default","site-content-layout":"","ast-site-content-layout":"","site-content-style":"default","site-sidebar-style":"default","ast-global-header-display":"","ast-banner-title-visibility":"","ast-main-header-display":"","ast-hfb-above-header-display":"","ast-hfb-below-header-display":"","ast-hfb-mobile-header-display":"","site-post-title":"","ast-breadcrumbs-content":"","ast-featured-img":"","footer-sml-layout":"","theme-transparent-header-meta":"","adv-header-id-meta":"","stick-header-meta":"","header-above-stick-meta":"","header-main-stick-meta":"","header-below-stick-meta":"","astra-migrate-meta-layouts":"default","ast-page-background-enabled":"default","ast-page-background-meta":{"desktop":{"background-color":"var(--ast-global-color-4)","background-image":"","background-repeat":"repeat","background-position":"center center","background-size":"auto","background-attachment":"scroll","background-type":"","background-media":"","overlay-type":"","overlay-color":"","overlay-gradient":""},"tablet":{"background-color":"","background-image":"","background-repeat":"repeat","background-position":"center center","background-size":"auto","background-attachment":"scroll","background-type":"","background-media":"","overlay-type":"","overlay-color":"","overlay-gradient":""},"mobile":{"background-color":"","background-image":"","background-repeat":"repeat","background-position":"center center","background-size":"auto","background-attachment":"scroll","background-type":"","background-media":"","overlay-type":"","overlay-color":"","overlay-gradient":""}},"ast-content-background-meta":{"desktop":{"background-color":"var(--ast-global-color-5)","background-image":"","background-repeat":"repeat","background-position":"center center","background-size":"auto","background-attachment":"scroll","background-type":"","background-media":"","overlay-type":"","overlay-color":"","overlay-gradient":""},"tablet":{"background-color":"var(--ast-global-color-5)","background-image":"","background-repeat":"repeat","background-position":"center center","background-size":"auto","background-attachment":"scroll","background-type":"","background-media":"","overlay-type":"","overlay-color":"","overlay-gradient":""},"mobile":{"background-color":"var(--ast-global-color-5)","background-image":"","background-repeat":"repeat","background-position":"center center","background-size":"auto","background-attachment":"scroll","background-type":"","background-media":"","overlay-type":"","overlay-color":"","overlay-gradient":""}},"footnotes":""},"categories":[1957,1506,9,139,156],"tags":[20506,1615,1662,11123,23802,98925],"class_list":["post-37908","post","type-post","status-publish","format-standard","hentry","category-alergias","category-cadiz","category-ciencias-medicas","category-medicina-interna","category-patologia","tag-adriano-lopez-sanchez","tag-antonio-lorenzo-penuelas","tag-eduardo-zamora-madaria","tag-fernando-fuentes-otero","tag-jose-m-antona-gomez","tag-juan-manuel-iglesias-ramirez"],"_links":{"self":[{"href":"https:\/\/www.deberes.net\/tesis\/wp-json\/wp\/v2\/posts\/37908","targetHints":{"allow":["GET"]}}],"collection":[{"href":"https:\/\/www.deberes.net\/tesis\/wp-json\/wp\/v2\/posts"}],"about":[{"href":"https:\/\/www.deberes.net\/tesis\/wp-json\/wp\/v2\/types\/post"}],"author":[{"embeddable":true,"href":"https:\/\/www.deberes.net\/tesis\/wp-json\/wp\/v2\/users\/1"}],"replies":[{"embeddable":true,"href":"https:\/\/www.deberes.net\/tesis\/wp-json\/wp\/v2\/comments?post=37908"}],"version-history":[{"count":0,"href":"https:\/\/www.deberes.net\/tesis\/wp-json\/wp\/v2\/posts\/37908\/revisions"}],"wp:attachment":[{"href":"https:\/\/www.deberes.net\/tesis\/wp-json\/wp\/v2\/media?parent=37908"}],"wp:term":[{"taxonomy":"category","embeddable":true,"href":"https:\/\/www.deberes.net\/tesis\/wp-json\/wp\/v2\/categories?post=37908"},{"taxonomy":"post_tag","embeddable":true,"href":"https:\/\/www.deberes.net\/tesis\/wp-json\/wp\/v2\/tags?post=37908"}],"curies":[{"name":"wp","href":"https:\/\/api.w.org\/{rel}","templated":true}]}}