{"id":38010,"date":"2018-03-09T09:37:23","date_gmt":"2018-03-09T09:37:23","guid":{"rendered":"https:\/\/www.deberes.net\/tesis\/sin-categoria\/las-estructuras-atributivas-en-la-lengua-de-los-espirituales-espanoles-del-siglo-xvi\/"},"modified":"2018-03-09T09:37:23","modified_gmt":"2018-03-09T09:37:23","slug":"las-estructuras-atributivas-en-la-lengua-de-los-espirituales-espanoles-del-siglo-xvi","status":"publish","type":"post","link":"https:\/\/www.deberes.net\/tesis\/linguistica\/las-estructuras-atributivas-en-la-lengua-de-los-espirituales-espanoles-del-siglo-xvi\/","title":{"rendered":"Las estructuras atributivas en la lengua de los espirituales espa\u00f1oles del siglo xvi"},"content":{"rendered":"<h2>Tesis doctoral de <strong> Salvador L\u00f3pez Quero <\/strong><\/h2>\n<p>La tesis se divide en dos partes. En la primera se incluyen los siguientes cap\u00edtulos: predicci\u00f3n y atribuci\u00f3n. La funci\u00f3n atributo. Atributos de sujeto con ser, estar y parecer; y atributos de sujeto con otros verbos. En la segunda se hace un estudio ling\u00ed\u00bc\u00edstico de las estructuras atributivas de sujeto. Desarrollado en dos grandes apartados: una descripci\u00f3n gramatical de las distintas estructuras, por lo que se delimitan previamente los paradigmas que configuran la relaci\u00f3n atributiva. En cuanto al orden de los elementos y aspectos de sem\u00e1ntica contextual o pragm\u00e1tica. Es decir, se realiza un estudio del lenguaje &#8212; en una situaci\u00f3n &#8212; concreta, estableciendo &#8212; de significaci\u00f3n entre atributo y sujeto este estudio se enfrenta, por tanto al problema de los &#8212;  &#8212; por lo que se estudia el valor de los t\u00e9rminos &#8212; se aplican a dios o a otro tipo de sujeto.<\/p>\n<p>&nbsp;<\/p>\n<h3>Datos acad\u00e9micos de la tesis doctoral \u00ab<strong>Las estructuras atributivas en la lengua de los espirituales espa\u00f1oles del siglo xvi<\/strong>\u00ab<\/h3>\n<ul>\n<li><strong>T\u00edtulo de la tesis:<\/strong>\u00a0 Las estructuras atributivas en la lengua de los espirituales espa\u00f1oles del siglo xvi <\/li>\n<li><strong>Autor:<\/strong>\u00a0 Salvador L\u00f3pez Quero <\/li>\n<li><strong>Universidad:<\/strong>\u00a0 C\u00f3rdoba<\/li>\n<li><strong>Fecha de lectura de la tesis:<\/strong>\u00a0 27\/03\/1998<\/li>\n<\/ul>\n<p>&nbsp;<\/p>\n<h3>Direcci\u00f3n y tribunal<\/h3>\n<ul>\n<li><strong>Director de la tesis<\/strong>\n<ul>\n<li>Feliciano Delgado Leon<\/li>\n<\/ul>\n<\/li>\n<li><strong>Tribunal<\/strong>\n<ul>\n<li>Presidente del tribunal: Luisa Calero Mar\u00eda <\/li>\n<li>ricardo Mairal us\u00f3n (vocal)<\/li>\n<li>angel Urdan fern\u00e1ndez (vocal)<\/li>\n<li>Jos\u00e9 Andr\u00e9s De molina  redondo (vocal)<\/li>\n<\/ul>\n<\/li>\n<\/ul>\n<p>&nbsp;<\/p>\n","protected":false},"excerpt":{"rendered":"<p>Tesis doctoral de Salvador L\u00f3pez Quero La tesis se divide en dos partes. En la primera se incluyen los siguientes [&hellip;]<\/p>\n","protected":false},"author":1,"featured_media":0,"comment_status":"open","ping_status":"open","sticky":false,"template":"","format":"standard","meta":{"site-sidebar-layout":"default","site-content-layout":"","ast-site-content-layout":"","site-content-style":"default","site-sidebar-style":"default","ast-global-header-display":"","ast-banner-title-visibility":"","ast-main-header-display":"","ast-hfb-above-header-display":"","ast-hfb-below-header-display":"","ast-hfb-mobile-header-display":"","site-post-title":"","ast-breadcrumbs-content":"","ast-featured-img":"","footer-sml-layout":"","theme-transparent-header-meta":"","adv-header-id-meta":"","stick-header-meta":"","header-above-stick-meta":"","header-main-stick-meta":"","header-below-stick-meta":"","astra-migrate-meta-layouts":"default","ast-page-background-enabled":"default","ast-page-background-meta":{"desktop":{"background-color":"var(--ast-global-color-4)","background-image":"","background-repeat":"repeat","background-position":"center center","background-size":"auto","background-attachment":"scroll","background-type":"","background-media":"","overlay-type":"","overlay-color":"","overlay-gradient":""},"tablet":{"background-color":"","background-image":"","background-repeat":"repeat","background-position":"center center","background-size":"auto","background-attachment":"scroll","background-type":"","background-media":"","overlay-type":"","overlay-color":"","overlay-gradient":""},"mobile":{"background-color":"","background-image":"","background-repeat":"repeat","background-position":"center center","background-size":"auto","background-attachment":"scroll","background-type":"","background-media":"","overlay-type":"","overlay-color":"","overlay-gradient":""}},"ast-content-background-meta":{"desktop":{"background-color":"var(--ast-global-color-5)","background-image":"","background-repeat":"repeat","background-position":"center center","background-size":"auto","background-attachment":"scroll","background-type":"","background-media":"","overlay-type":"","overlay-color":"","overlay-gradient":""},"tablet":{"background-color":"var(--ast-global-color-5)","background-image":"","background-repeat":"repeat","background-position":"center center","background-size":"auto","background-attachment":"scroll","background-type":"","background-media":"","overlay-type":"","overlay-color":"","overlay-gradient":""},"mobile":{"background-color":"var(--ast-global-color-5)","background-image":"","background-repeat":"repeat","background-position":"center center","background-size":"auto","background-attachment":"scroll","background-type":"","background-media":"","overlay-type":"","overlay-color":"","overlay-gradient":""}},"footnotes":""},"categories":[973,636,59,60,3016],"tags":[99110,2102,99111,99109,2308,78472],"class_list":["post-38010","post","type-post","status-publish","format-standard","hentry","category-cordoba","category-lengua-y-literatura","category-linguistica","category-linguistica-aplicada","category-teoria-linguistica","tag-angel-urdan-fernandez","tag-feliciano-delgado-leon","tag-jose-andres-de-molina-redondo","tag-luisa-calero-maria","tag-ricardo-mairal-uson","tag-salvador-lopez-quero"],"_links":{"self":[{"href":"https:\/\/www.deberes.net\/tesis\/wp-json\/wp\/v2\/posts\/38010","targetHints":{"allow":["GET"]}}],"collection":[{"href":"https:\/\/www.deberes.net\/tesis\/wp-json\/wp\/v2\/posts"}],"about":[{"href":"https:\/\/www.deberes.net\/tesis\/wp-json\/wp\/v2\/types\/post"}],"author":[{"embeddable":true,"href":"https:\/\/www.deberes.net\/tesis\/wp-json\/wp\/v2\/users\/1"}],"replies":[{"embeddable":true,"href":"https:\/\/www.deberes.net\/tesis\/wp-json\/wp\/v2\/comments?post=38010"}],"version-history":[{"count":0,"href":"https:\/\/www.deberes.net\/tesis\/wp-json\/wp\/v2\/posts\/38010\/revisions"}],"wp:attachment":[{"href":"https:\/\/www.deberes.net\/tesis\/wp-json\/wp\/v2\/media?parent=38010"}],"wp:term":[{"taxonomy":"category","embeddable":true,"href":"https:\/\/www.deberes.net\/tesis\/wp-json\/wp\/v2\/categories?post=38010"},{"taxonomy":"post_tag","embeddable":true,"href":"https:\/\/www.deberes.net\/tesis\/wp-json\/wp\/v2\/tags?post=38010"}],"curies":[{"name":"wp","href":"https:\/\/api.w.org\/{rel}","templated":true}]}}