{"id":38032,"date":"1998-01-04T00:00:00","date_gmt":"1998-01-04T00:00:00","guid":{"rendered":"https:\/\/www.deberes.net\/tesis\/sin-categoria\/el-internamiento-residencial-como-recurso-de-proteccion-a-la-infancia-en-la-comunidad-de-madrid\/"},"modified":"1998-01-04T00:00:00","modified_gmt":"1998-01-04T00:00:00","slug":"el-internamiento-residencial-como-recurso-de-proteccion-a-la-infancia-en-la-comunidad-de-madrid","status":"publish","type":"post","link":"https:\/\/www.deberes.net\/tesis\/sociologia\/el-internamiento-residencial-como-recurso-de-proteccion-a-la-infancia-en-la-comunidad-de-madrid\/","title":{"rendered":"El internamiento residencial como recurso de proteccion a la infancia en la comunidad de Madrid."},"content":{"rendered":"<h2>Tesis doctoral de <strong> Antonio Ferrandis Torres <\/strong><\/h2>\n<p>Desde los a\u00f1os cuarenta, las instituciones residenciales dedicadas a atender a la infancia en situaci\u00f3n de desamparo han sido seriamente cuestionadas como un recurso adecuado para favorecer el desarrollo y la educaci\u00f3n de los ni\u00f1os. La legislaci\u00f3n internacional y nacional ha avanzado notablemente en cuanto al reconocimiento de los derechos del ni\u00f1o y su protecci\u00f3n cuando se encuentra en situaci\u00f3n de riesgo. En este trabajo se revisan la investigaci\u00f3n y el debate producidos en torno a las instituciones residenciales y otras alternativas para la protecci\u00f3n de la infancia, as\u00ed como el marco jur\u00eddico que ordena su funcionamiento, con objeto de identificar su funci\u00f3n, posibilidades y limitaciones en el momento actual. Un estudio descriptivo y longitudinal de las medidas de protecci\u00f3n de los 1.018 ni\u00f1os que en octubre de 1994 se encontraban internos en las residencias p\u00fablicas del instituto madrile\u00f1o del menor y la familia de la comunidad de Madrid permite contrastar la puesta en pr\u00e1ctica de los principios te\u00f3ricos y legales que presiden el sistema de protecci\u00f3n a la infancia. a la luz de todo ello, se concluyen ciertos requisitos para la pertinencia del internamiento residencial, relacionados con su inclusi\u00f3n dentro de una red de servicios, con la existencia de un proceso de intervenci\u00f3n planificada y con las caracter\u00edsticas de la atenci\u00f3n que se presta.<\/p>\n<p>&nbsp;<\/p>\n<h3>Datos acad\u00e9micos de la tesis doctoral \u00ab<strong>El internamiento residencial como recurso de proteccion a la infancia en la comunidad de Madrid.<\/strong>\u00ab<\/h3>\n<ul>\n<li><strong>T\u00edtulo de la tesis:<\/strong>\u00a0 El internamiento residencial como recurso de proteccion a la infancia en la comunidad de Madrid. <\/li>\n<li><strong>Autor:<\/strong>\u00a0 Antonio Ferrandis Torres <\/li>\n<li><strong>Universidad:<\/strong>\u00a0 Pontificia comillas<\/li>\n<li><strong>Fecha de lectura de la tesis:<\/strong>\u00a0 01\/04\/1998<\/li>\n<\/ul>\n<p>&nbsp;<\/p>\n<h3>Direcci\u00f3n y tribunal<\/h3>\n<ul>\n<li><strong>Director de la tesis<\/strong>\n<ul>\n<li>Mar\u00eda  Carmen Labrador Herr\u00e1iz<\/li>\n<\/ul>\n<\/li>\n<li><strong>Tribunal<\/strong>\n<ul>\n<li>Presidente del tribunal: Jos\u00e9 Mar\u00eda Quintana cabanas <\/li>\n<li>Jos\u00e9 Merino fernandez (vocal)<\/li>\n<li>florentino Sanz fernandez (vocal)<\/li>\n<li>pedro Morales vallejo (vocal)<\/li>\n<\/ul>\n<\/li>\n<\/ul>\n<p>&nbsp;<\/p>\n","protected":false},"excerpt":{"rendered":"<p>Tesis doctoral de Antonio Ferrandis Torres Desde los a\u00f1os cuarenta, las instituciones residenciales dedicadas a atender a la infancia en [&hellip;]<\/p>\n","protected":false},"author":1,"featured_media":0,"comment_status":"open","ping_status":"open","sticky":false,"template":"","format":"standard","meta":{"site-sidebar-layout":"default","site-content-layout":"","ast-site-content-layout":"","site-content-style":"default","site-sidebar-style":"default","ast-global-header-display":"","ast-banner-title-visibility":"","ast-main-header-display":"","ast-hfb-above-header-display":"","ast-hfb-below-header-display":"","ast-hfb-mobile-header-display":"","site-post-title":"","ast-breadcrumbs-content":"","ast-featured-img":"","footer-sml-layout":"","theme-transparent-header-meta":"","adv-header-id-meta":"","stick-header-meta":"","header-above-stick-meta":"","header-main-stick-meta":"","header-below-stick-meta":"","astra-migrate-meta-layouts":"default","ast-page-background-enabled":"default","ast-page-background-meta":{"desktop":{"background-color":"var(--ast-global-color-4)","background-image":"","background-repeat":"repeat","background-position":"center center","background-size":"auto","background-attachment":"scroll","background-type":"","background-media":"","overlay-type":"","overlay-color":"","overlay-gradient":""},"tablet":{"background-color":"","background-image":"","background-repeat":"repeat","background-position":"center center","background-size":"auto","background-attachment":"scroll","background-type":"","background-media":"","overlay-type":"","overlay-color":"","overlay-gradient":""},"mobile":{"background-color":"","background-image":"","background-repeat":"repeat","background-position":"center center","background-size":"auto","background-attachment":"scroll","background-type":"","background-media":"","overlay-type":"","overlay-color":"","overlay-gradient":""}},"ast-content-background-meta":{"desktop":{"background-color":"var(--ast-global-color-5)","background-image":"","background-repeat":"repeat","background-position":"center center","background-size":"auto","background-attachment":"scroll","background-type":"","background-media":"","overlay-type":"","overlay-color":"","overlay-gradient":""},"tablet":{"background-color":"var(--ast-global-color-5)","background-image":"","background-repeat":"repeat","background-position":"center center","background-size":"auto","background-attachment":"scroll","background-type":"","background-media":"","overlay-type":"","overlay-color":"","overlay-gradient":""},"mobile":{"background-color":"var(--ast-global-color-5)","background-image":"","background-repeat":"repeat","background-position":"center center","background-size":"auto","background-attachment":"scroll","background-type":"","background-media":"","overlay-type":"","overlay-color":"","overlay-gradient":""}},"footnotes":""},"categories":[3537,6025,6024,18397,1295,324,269],"tags":[99146,7698,1500,90687,7695,18431],"class_list":["post-38032","post","type-post","status-publish","format-standard","hentry","category-conflicto-social-y-adaptacion","category-estudio-psicologico-de-cuestiones-sociales","category-fenomenos-de-grupos-minoritarios","category-pontificia-comillas","category-problemas-y-conflictos-sociales","category-psicologia","category-sociologia","tag-antonio-ferrandis-torres","tag-florentino-sanz-fernandez","tag-jose-maria-quintana-cabanas","tag-jose-merino-fernandez","tag-maria-carmen-labrador-herraiz","tag-pedro-morales-vallejo"],"_links":{"self":[{"href":"https:\/\/www.deberes.net\/tesis\/wp-json\/wp\/v2\/posts\/38032","targetHints":{"allow":["GET"]}}],"collection":[{"href":"https:\/\/www.deberes.net\/tesis\/wp-json\/wp\/v2\/posts"}],"about":[{"href":"https:\/\/www.deberes.net\/tesis\/wp-json\/wp\/v2\/types\/post"}],"author":[{"embeddable":true,"href":"https:\/\/www.deberes.net\/tesis\/wp-json\/wp\/v2\/users\/1"}],"replies":[{"embeddable":true,"href":"https:\/\/www.deberes.net\/tesis\/wp-json\/wp\/v2\/comments?post=38032"}],"version-history":[{"count":0,"href":"https:\/\/www.deberes.net\/tesis\/wp-json\/wp\/v2\/posts\/38032\/revisions"}],"wp:attachment":[{"href":"https:\/\/www.deberes.net\/tesis\/wp-json\/wp\/v2\/media?parent=38032"}],"wp:term":[{"taxonomy":"category","embeddable":true,"href":"https:\/\/www.deberes.net\/tesis\/wp-json\/wp\/v2\/categories?post=38032"},{"taxonomy":"post_tag","embeddable":true,"href":"https:\/\/www.deberes.net\/tesis\/wp-json\/wp\/v2\/tags?post=38032"}],"curies":[{"name":"wp","href":"https:\/\/api.w.org\/{rel}","templated":true}]}}