{"id":38040,"date":"1998-03-04T00:00:00","date_gmt":"1998-03-04T00:00:00","guid":{"rendered":"https:\/\/www.deberes.net\/tesis\/sin-categoria\/la-pteridoflora-de-catalunya-i-andorra-estudis-taxonomics-i-biogeografics\/"},"modified":"1998-03-04T00:00:00","modified_gmt":"1998-03-04T00:00:00","slug":"la-pteridoflora-de-catalunya-i-andorra-estudis-taxonomics-i-biogeografics","status":"publish","type":"post","link":"https:\/\/www.deberes.net\/tesis\/ciencias-de-la-vida\/la-pteridoflora-de-catalunya-i-andorra-estudis-taxonomics-i-biogeografics\/","title":{"rendered":"La pteridoflora de catalunya i andorra. estudis taxonomics i biogeografics."},"content":{"rendered":"<h2>Tesis doctoral de <strong> Lloren\u00c1\u00a7 Saez Go\u00f1alons <\/strong><\/h2>\n<p>Esta tesis es una revisi\u00f3n cr\u00edtica de los pterid\u00f3fitos de catalu\u00f1a y andorra, tomando en consideraci\u00f3n toda la bibliograf\u00eda preexistente y el material de herbario, e incorporando numerosos datos propios, fruto de numerosas campa\u00f1as de campo.  entre los resultados, destaca en primer lugar el cat\u00e1logo completo y comentado de 110 taxones, incluyendo al menos una cita concreta para cada cuadr\u00edcula utm de 10 x 10 km en cada taxon. Dicho cat\u00e1logo contiene tambi\u00e9n los mapas correspondientes a la distribuci\u00f3n geogr\u00e1fica de cata taxon, seg\u00fan cuadr\u00edculas utm de 10 x 10 km, y unos gr\u00e1ficos tipo histograma que reflejan la distribuci\u00f3n altitudinal (ya publicado: acta bot. Barc. 44: 39-167).  como aspectos m\u00e1s particulares, incluye el estudio taxon\u00f3mico del complejo de asplenium trichomanes en el \u00e1rea considerada, de otras especies de asplenium y tambi\u00e9n del grupo de dryopteris pallida, estudios que se basan en el an\u00e1lisis de los caracteres morfol\u00f3gicos, palinol\u00f3gicos, fitodermol\u00f3gicos y citogen\u00e9ticos (nova hedwigia, 57: 437-443; nova hedwigia, 64: 267-277; etc.).<\/p>\n<p>&nbsp;<\/p>\n<h3>Datos acad\u00e9micos de la tesis doctoral \u00ab<strong>La pteridoflora de catalunya i andorra. estudis taxonomics i biogeografics.<\/strong>\u00ab<\/h3>\n<ul>\n<li><strong>T\u00edtulo de la tesis:<\/strong>\u00a0 La pteridoflora de catalunya i andorra. estudis taxonomics i biogeografics. <\/li>\n<li><strong>Autor:<\/strong>\u00a0 Lloren\u00c1\u00a7 Saez Go\u00f1alons <\/li>\n<li><strong>Universidad:<\/strong>\u00a0 Barcelona<\/li>\n<li><strong>Fecha de lectura de la tesis:<\/strong>\u00a0 03\/04\/1998<\/li>\n<\/ul>\n<p>&nbsp;<\/p>\n<h3>Direcci\u00f3n y tribunal<\/h3>\n<ul>\n<li><strong>Director de la tesis<\/strong>\n<ul>\n<li>Jose Vigo Bonada<\/li>\n<\/ul>\n<\/li>\n<li><strong>Tribunal<\/strong>\n<ul>\n<li>Presidente del tribunal: juli\u00ed\u00a0n Molero briones <\/li>\n<li>gonzalo Mateo sanz (vocal)<\/li>\n<li>carles Benedi gonz\u00e1lez (vocal)<\/li>\n<li>Jaime G\u00ed\u00bcemes heras (vocal)<\/li>\n<\/ul>\n<\/li>\n<\/ul>\n<p>&nbsp;<\/p>\n","protected":false},"excerpt":{"rendered":"<p>Tesis doctoral de Lloren\u00c1\u00a7 Saez Go\u00f1alons Esta tesis es una revisi\u00f3n cr\u00edtica de los pterid\u00f3fitos de catalu\u00f1a y andorra, tomando [&hellip;]<\/p>\n","protected":false},"author":1,"featured_media":0,"comment_status":"open","ping_status":"open","sticky":false,"template":"","format":"standard","meta":{"site-sidebar-layout":"default","site-content-layout":"","ast-site-content-layout":"","site-content-style":"default","site-sidebar-style":"default","ast-global-header-display":"","ast-banner-title-visibility":"","ast-main-header-display":"","ast-hfb-above-header-display":"","ast-hfb-below-header-display":"","ast-hfb-mobile-header-display":"","site-post-title":"","ast-breadcrumbs-content":"","ast-featured-img":"","footer-sml-layout":"","theme-transparent-header-meta":"","adv-header-id-meta":"","stick-header-meta":"","header-above-stick-meta":"","header-main-stick-meta":"","header-below-stick-meta":"","astra-migrate-meta-layouts":"default","ast-page-background-enabled":"default","ast-page-background-meta":{"desktop":{"background-color":"var(--ast-global-color-4)","background-image":"","background-repeat":"repeat","background-position":"center center","background-size":"auto","background-attachment":"scroll","background-type":"","background-media":"","overlay-type":"","overlay-color":"","overlay-gradient":""},"tablet":{"background-color":"","background-image":"","background-repeat":"repeat","background-position":"center center","background-size":"auto","background-attachment":"scroll","background-type":"","background-media":"","overlay-type":"","overlay-color":"","overlay-gradient":""},"mobile":{"background-color":"","background-image":"","background-repeat":"repeat","background-position":"center center","background-size":"auto","background-attachment":"scroll","background-type":"","background-media":"","overlay-type":"","overlay-color":"","overlay-gradient":""}},"ast-content-background-meta":{"desktop":{"background-color":"var(--ast-global-color-5)","background-image":"","background-repeat":"repeat","background-position":"center center","background-size":"auto","background-attachment":"scroll","background-type":"","background-media":"","overlay-type":"","overlay-color":"","overlay-gradient":""},"tablet":{"background-color":"var(--ast-global-color-5)","background-image":"","background-repeat":"repeat","background-position":"center center","background-size":"auto","background-attachment":"scroll","background-type":"","background-media":"","overlay-type":"","overlay-color":"","overlay-gradient":""},"mobile":{"background-color":"var(--ast-global-color-5)","background-image":"","background-repeat":"repeat","background-position":"center center","background-size":"auto","background-attachment":"scroll","background-type":"","background-media":"","overlay-type":"","overlay-color":"","overlay-gradient":""}},"footnotes":""},"categories":[951,972,35,57225,5240],"tags":[99155,27007,76857,20042,5245,99154],"class_list":["post-38040","post","type-post","status-publish","format-standard","hentry","category-barcelona","category-botanica","category-ciencias-de-la-vida","category-pteridologia","category-taxonomia-vegetal","tag-carles-benedi-gonzalez","tag-gonzalo-mateo-sanz","tag-jaime-giemes-heras","tag-jose-vigo-bonada","tag-julii-n-molero-briones","tag-llorena-saez-gonalons"],"_links":{"self":[{"href":"https:\/\/www.deberes.net\/tesis\/wp-json\/wp\/v2\/posts\/38040","targetHints":{"allow":["GET"]}}],"collection":[{"href":"https:\/\/www.deberes.net\/tesis\/wp-json\/wp\/v2\/posts"}],"about":[{"href":"https:\/\/www.deberes.net\/tesis\/wp-json\/wp\/v2\/types\/post"}],"author":[{"embeddable":true,"href":"https:\/\/www.deberes.net\/tesis\/wp-json\/wp\/v2\/users\/1"}],"replies":[{"embeddable":true,"href":"https:\/\/www.deberes.net\/tesis\/wp-json\/wp\/v2\/comments?post=38040"}],"version-history":[{"count":0,"href":"https:\/\/www.deberes.net\/tesis\/wp-json\/wp\/v2\/posts\/38040\/revisions"}],"wp:attachment":[{"href":"https:\/\/www.deberes.net\/tesis\/wp-json\/wp\/v2\/media?parent=38040"}],"wp:term":[{"taxonomy":"category","embeddable":true,"href":"https:\/\/www.deberes.net\/tesis\/wp-json\/wp\/v2\/categories?post=38040"},{"taxonomy":"post_tag","embeddable":true,"href":"https:\/\/www.deberes.net\/tesis\/wp-json\/wp\/v2\/tags?post=38040"}],"curies":[{"name":"wp","href":"https:\/\/api.w.org\/{rel}","templated":true}]}}