{"id":38112,"date":"2018-03-09T09:37:31","date_gmt":"2018-03-09T09:37:31","guid":{"rendered":"https:\/\/www.deberes.net\/tesis\/sin-categoria\/mapa-sinoptico-de-flujos-transversales-en-las-capas-altas-de-la-zona-de-conveccion-solar\/"},"modified":"2018-03-09T09:37:31","modified_gmt":"2018-03-09T09:37:31","slug":"mapa-sinoptico-de-flujos-transversales-en-las-capas-altas-de-la-zona-de-conveccion-solar","status":"publish","type":"post","link":"https:\/\/www.deberes.net\/tesis\/astronomia-y-astrofisica\/mapa-sinoptico-de-flujos-transversales-en-las-capas-altas-de-la-zona-de-conveccion-solar\/","title":{"rendered":"Mapa sinoptico de flujos transversales en las capas altas de la zona de conveccion solar."},"content":{"rendered":"<h2>Tesis doctoral de <strong>  Gonzalez Hernandez Irene Eufemia <\/strong><\/h2>\n<p>El conocimiento de la distribuci\u00f3n y evoluci\u00f3n de los campos de velocidades a gran escala en la zona de convecci\u00f3n solar es una de las claves para la comprensi\u00f3n tanto de los mecanismos de transporte energ\u00e9tico, que en esta zona son principalmente convectivos, como de los fen\u00f3menos magn\u00e9ticos all\u00ed presentes: actividad, dinamo solar, etc.  en este trabajo se obtiene la componente vertical del campo de velocidades desde la fotosfera hasta, aproximadamente, capas de un 5% m\u00e1s profundas. Esto se consigue indirectamente, por medio de la t\u00e9cnica denominada de diagramas de anillo, que es una rama de la heliosismolog\u00eda local y est\u00e1 basada en el desplazamiento de frecuencias que sufren los modos propios de oscilaci\u00f3n del sol debido al campo de velocidades.  en primer lugar se considera un estudio que muestra la validez de dicha t\u00e9cnica. Un an\u00e1lisis detallado de los resultados del trabajo permite determinar con gran precisi\u00f3n los campos de velocidades horizontales dominantes, esto es, la curva de rotaci\u00f3n diferencial y los flujos de corrientes meridionales.<\/p>\n<p>&nbsp;<\/p>\n<h3>Datos acad\u00e9micos de la tesis doctoral \u00ab<strong>Mapa sinoptico de flujos transversales en las capas altas de la zona de conveccion solar.<\/strong>\u00ab<\/h3>\n<ul>\n<li><strong>T\u00edtulo de la tesis:<\/strong>\u00a0 Mapa sinoptico de flujos transversales en las capas altas de la zona de conveccion solar. <\/li>\n<li><strong>Autor:<\/strong>\u00a0  Gonzalez Hernandez Irene Eufemia <\/li>\n<li><strong>Universidad:<\/strong>\u00a0 La laguna<\/li>\n<li><strong>Fecha de lectura de la tesis:<\/strong>\u00a0 30\/04\/1998<\/li>\n<\/ul>\n<p>&nbsp;<\/p>\n<h3>Direcci\u00f3n y tribunal<\/h3>\n<ul>\n<li><strong>Director de la tesis<\/strong>\n<ul>\n<li>Jes\u00fas Patron Recio<\/li>\n<\/ul>\n<\/li>\n<li><strong>Tribunal<\/strong>\n<ul>\n<li>Presidente del tribunal: teodoro Roca cortes <\/li>\n<li>Fernando Moreno insertis (vocal)<\/li>\n<li> Jimenez mancebo Antonio  j. (vocal)<\/li>\n<li>ram\u00f3n Oliver herrero (vocal)<\/li>\n<\/ul>\n<\/li>\n<\/ul>\n<p>&nbsp;<\/p>\n","protected":false},"excerpt":{"rendered":"<p>Tesis doctoral de Gonzalez Hernandez Irene Eufemia El conocimiento de la distribuci\u00f3n y evoluci\u00f3n de los campos de velocidades a [&hellip;]<\/p>\n","protected":false},"author":1,"featured_media":0,"comment_status":"open","ping_status":"open","sticky":false,"template":"","format":"standard","meta":{"site-sidebar-layout":"default","site-content-layout":"","ast-site-content-layout":"","site-content-style":"default","site-sidebar-style":"default","ast-global-header-display":"","ast-banner-title-visibility":"","ast-main-header-display":"","ast-hfb-above-header-display":"","ast-hfb-below-header-display":"","ast-hfb-mobile-header-display":"","site-post-title":"","ast-breadcrumbs-content":"","ast-featured-img":"","footer-sml-layout":"","theme-transparent-header-meta":"","adv-header-id-meta":"","stick-header-meta":"","header-above-stick-meta":"","header-main-stick-meta":"","header-below-stick-meta":"","astra-migrate-meta-layouts":"default","ast-page-background-enabled":"default","ast-page-background-meta":{"desktop":{"background-color":"var(--ast-global-color-4)","background-image":"","background-repeat":"repeat","background-position":"center center","background-size":"auto","background-attachment":"scroll","background-type":"","background-media":"","overlay-type":"","overlay-color":"","overlay-gradient":""},"tablet":{"background-color":"","background-image":"","background-repeat":"repeat","background-position":"center center","background-size":"auto","background-attachment":"scroll","background-type":"","background-media":"","overlay-type":"","overlay-color":"","overlay-gradient":""},"mobile":{"background-color":"","background-image":"","background-repeat":"repeat","background-position":"center center","background-size":"auto","background-attachment":"scroll","background-type":"","background-media":"","overlay-type":"","overlay-color":"","overlay-gradient":""}},"ast-content-background-meta":{"desktop":{"background-color":"var(--ast-global-color-5)","background-image":"","background-repeat":"repeat","background-position":"center center","background-size":"auto","background-attachment":"scroll","background-type":"","background-media":"","overlay-type":"","overlay-color":"","overlay-gradient":""},"tablet":{"background-color":"var(--ast-global-color-5)","background-image":"","background-repeat":"repeat","background-position":"center center","background-size":"auto","background-attachment":"scroll","background-type":"","background-media":"","overlay-type":"","overlay-color":"","overlay-gradient":""},"mobile":{"background-color":"var(--ast-global-color-5)","background-image":"","background-repeat":"repeat","background-position":"center center","background-size":"auto","background-attachment":"scroll","background-type":"","background-media":"","overlay-type":"","overlay-color":"","overlay-gradient":""}},"footnotes":""},"categories":[1050,10260,10066,9915,10067],"tags":[10071,99283,10344,99284,99285,10175],"class_list":["post-38112","post","type-post","status-publish","format-standard","hentry","category-astronomia-y-astrofisica","category-el-sol","category-fisica-solar","category-la-laguna","category-sistema-solar","tag-fernando-moreno-insertis","tag-gonzalez-hernandez-irene-eufemia","tag-jesus-patron-recio","tag-jimenez-mancebo-antonio-j","tag-ramon-oliver-herrero","tag-teodoro-roca-cortes"],"_links":{"self":[{"href":"https:\/\/www.deberes.net\/tesis\/wp-json\/wp\/v2\/posts\/38112","targetHints":{"allow":["GET"]}}],"collection":[{"href":"https:\/\/www.deberes.net\/tesis\/wp-json\/wp\/v2\/posts"}],"about":[{"href":"https:\/\/www.deberes.net\/tesis\/wp-json\/wp\/v2\/types\/post"}],"author":[{"embeddable":true,"href":"https:\/\/www.deberes.net\/tesis\/wp-json\/wp\/v2\/users\/1"}],"replies":[{"embeddable":true,"href":"https:\/\/www.deberes.net\/tesis\/wp-json\/wp\/v2\/comments?post=38112"}],"version-history":[{"count":0,"href":"https:\/\/www.deberes.net\/tesis\/wp-json\/wp\/v2\/posts\/38112\/revisions"}],"wp:attachment":[{"href":"https:\/\/www.deberes.net\/tesis\/wp-json\/wp\/v2\/media?parent=38112"}],"wp:term":[{"taxonomy":"category","embeddable":true,"href":"https:\/\/www.deberes.net\/tesis\/wp-json\/wp\/v2\/categories?post=38112"},{"taxonomy":"post_tag","embeddable":true,"href":"https:\/\/www.deberes.net\/tesis\/wp-json\/wp\/v2\/tags?post=38112"}],"curies":[{"name":"wp","href":"https:\/\/api.w.org\/{rel}","templated":true}]}}