{"id":38125,"date":"1998-06-05T00:00:00","date_gmt":"1998-06-05T00:00:00","guid":{"rendered":"https:\/\/www.deberes.net\/tesis\/sin-categoria\/escolarizacion-de-alumnado-gitano-diseno-y-alternativas-de-un-programa-de-intervencion\/"},"modified":"1998-06-05T00:00:00","modified_gmt":"1998-06-05T00:00:00","slug":"escolarizacion-de-alumnado-gitano-diseno-y-alternativas-de-un-programa-de-intervencion","status":"publish","type":"post","link":"https:\/\/www.deberes.net\/tesis\/ciencia-politica\/escolarizacion-de-alumnado-gitano-diseno-y-alternativas-de-un-programa-de-intervencion\/","title":{"rendered":"Escolarizacion de alumnado gitano: dise\u00f1o y alternativas de un programa de intervencion."},"content":{"rendered":"<h2>Tesis doctoral de <strong> Angel Lozano Bello <\/strong><\/h2>\n<p>Esta investigaci\u00f3n se centra en el estudio de la poblaci\u00f3n gitana del asentamiento de san diego (sevilla) con el objetivo de plantear un programa de intervenci\u00f3n dirigido a paliar la problem\u00e1tica que impide que el proceso de escolarizaci\u00f3n de la poblaci\u00f3n infantil gitana se desarrolle de manera normalizada. La iniciativa surge de la inquietud en torno al fracaso escolar que padece el colectivo infantil que retrasa y dificulta el proceso escolar. Para ello hemos repasado la historia de la poblaci\u00f3n gitana con idea de adquirir datos que permitan realizar una intervenci\u00f3n educativa m\u00e1s detallada y centrada en la realidad: la realidad del barrio, su conformaci\u00f3n personal y social y la identidad de sus habitantes nos aportan datos para conocer la realidad m\u00e1s cercana.  desde el punto de vista educativo, hemos analizado la realidad escolar y los grandes problemas que rodean al colectivo infantil dentro y fuera de la escuela. Y todo ello a trav\u00e9s del discurso de todos los agentes que intervienen en el proceso. Desde este panorama, y una vez conocidos todos los problemas, planteamos un programa de intervenci\u00f3n desde una perspectiva realista que trate de dar respuesta a los grandes inconvenientes: el absentismo escolar, el inter\u00e9s por la escuela y la puesta en marcha de los materiales curriculares dise\u00f1ados a tal efecto.<\/p>\n<p>&nbsp;<\/p>\n<h3>Datos acad\u00e9micos de la tesis doctoral \u00ab<strong>Escolarizacion de alumnado gitano: dise\u00f1o y alternativas de un programa de intervencion.<\/strong>\u00ab<\/h3>\n<ul>\n<li><strong>T\u00edtulo de la tesis:<\/strong>\u00a0 Escolarizacion de alumnado gitano: dise\u00f1o y alternativas de un programa de intervencion. <\/li>\n<li><strong>Autor:<\/strong>\u00a0 Angel Lozano Bello <\/li>\n<li><strong>Universidad:<\/strong>\u00a0 Granada<\/li>\n<li><strong>Fecha de lectura de la tesis:<\/strong>\u00a0 06\/05\/1998<\/li>\n<\/ul>\n<p>&nbsp;<\/p>\n<h3>Direcci\u00f3n y tribunal<\/h3>\n<ul>\n<li><strong>Director de la tesis<\/strong>\n<ul>\n<li>Francisco Javier Garc\u00eda Casta\u00f1o<\/li>\n<\/ul>\n<\/li>\n<li><strong>Tribunal<\/strong>\n<ul>\n<li>Presidente del tribunal: Jos\u00e9 Antonio Gonz\u00e1lez alcantud <\/li>\n<li>Juan  Jos\u00e9 Bueno aguilar (vocal)<\/li>\n<li>jordi Garreta bochana (vocal)<\/li>\n<li>lourdes belen Espejo villar (vocal)<\/li>\n<\/ul>\n<\/li>\n<\/ul>\n<p>&nbsp;<\/p>\n","protected":false},"excerpt":{"rendered":"<p>Tesis doctoral de Angel Lozano Bello Esta investigaci\u00f3n se centra en el estudio de la poblaci\u00f3n gitana del asentamiento de [&hellip;]<\/p>\n","protected":false},"author":1,"featured_media":0,"comment_status":"open","ping_status":"open","sticky":false,"template":"","format":"standard","meta":{"site-sidebar-layout":"default","site-content-layout":"","ast-site-content-layout":"","site-content-style":"default","site-sidebar-style":"default","ast-global-header-display":"","ast-banner-title-visibility":"","ast-main-header-display":"","ast-hfb-above-header-display":"","ast-hfb-below-header-display":"","ast-hfb-mobile-header-display":"","site-post-title":"","ast-breadcrumbs-content":"","ast-featured-img":"","footer-sml-layout":"","theme-transparent-header-meta":"","adv-header-id-meta":"","stick-header-meta":"","header-above-stick-meta":"","header-main-stick-meta":"","header-below-stick-meta":"","astra-migrate-meta-layouts":"default","ast-page-background-enabled":"default","ast-page-background-meta":{"desktop":{"background-color":"var(--ast-global-color-4)","background-image":"","background-repeat":"repeat","background-position":"center center","background-size":"auto","background-attachment":"scroll","background-type":"","background-media":"","overlay-type":"","overlay-color":"","overlay-gradient":""},"tablet":{"background-color":"","background-image":"","background-repeat":"repeat","background-position":"center center","background-size":"auto","background-attachment":"scroll","background-type":"","background-media":"","overlay-type":"","overlay-color":"","overlay-gradient":""},"mobile":{"background-color":"","background-image":"","background-repeat":"repeat","background-position":"center center","background-size":"auto","background-attachment":"scroll","background-type":"","background-media":"","overlay-type":"","overlay-color":"","overlay-gradient":""}},"ast-content-background-meta":{"desktop":{"background-color":"var(--ast-global-color-5)","background-image":"","background-repeat":"repeat","background-position":"center center","background-size":"auto","background-attachment":"scroll","background-type":"","background-media":"","overlay-type":"","overlay-color":"","overlay-gradient":""},"tablet":{"background-color":"var(--ast-global-color-5)","background-image":"","background-repeat":"repeat","background-position":"center center","background-size":"auto","background-attachment":"scroll","background-type":"","background-media":"","overlay-type":"","overlay-color":"","overlay-gradient":""},"mobile":{"background-color":"var(--ast-global-color-5)","background-image":"","background-repeat":"repeat","background-position":"center center","background-size":"auto","background-attachment":"scroll","background-type":"","background-media":"","overlay-type":"","overlay-color":"","overlay-gradient":""}},"footnotes":""},"categories":[838,31934,1141,1341],"tags":[99304,68254,99305,3997,54723,25717],"class_list":["post-38125","post","type-post","status-publish","format-standard","hentry","category-ciencia-politica","category-minorias","category-pedagogia","category-teoria-y-metodos-educativos","tag-angel-lozano-bello","tag-francisco-javier-garcia-castano","tag-jordi-garreta-bochana","tag-jose-antonio-gonzalez-alcantud","tag-juan-jose-bueno-aguilar","tag-lourdes-belen-espejo-villar"],"_links":{"self":[{"href":"https:\/\/www.deberes.net\/tesis\/wp-json\/wp\/v2\/posts\/38125","targetHints":{"allow":["GET"]}}],"collection":[{"href":"https:\/\/www.deberes.net\/tesis\/wp-json\/wp\/v2\/posts"}],"about":[{"href":"https:\/\/www.deberes.net\/tesis\/wp-json\/wp\/v2\/types\/post"}],"author":[{"embeddable":true,"href":"https:\/\/www.deberes.net\/tesis\/wp-json\/wp\/v2\/users\/1"}],"replies":[{"embeddable":true,"href":"https:\/\/www.deberes.net\/tesis\/wp-json\/wp\/v2\/comments?post=38125"}],"version-history":[{"count":0,"href":"https:\/\/www.deberes.net\/tesis\/wp-json\/wp\/v2\/posts\/38125\/revisions"}],"wp:attachment":[{"href":"https:\/\/www.deberes.net\/tesis\/wp-json\/wp\/v2\/media?parent=38125"}],"wp:term":[{"taxonomy":"category","embeddable":true,"href":"https:\/\/www.deberes.net\/tesis\/wp-json\/wp\/v2\/categories?post=38125"},{"taxonomy":"post_tag","embeddable":true,"href":"https:\/\/www.deberes.net\/tesis\/wp-json\/wp\/v2\/tags?post=38125"}],"curies":[{"name":"wp","href":"https:\/\/api.w.org\/{rel}","templated":true}]}}