{"id":38145,"date":"2018-03-09T09:37:35","date_gmt":"2018-03-09T09:37:35","guid":{"rendered":"https:\/\/www.deberes.net\/tesis\/sin-categoria\/medios-de-comunicacion-de-masas-y-opinion-publica\/"},"modified":"2018-03-09T09:37:35","modified_gmt":"2018-03-09T09:37:35","slug":"medios-de-comunicacion-de-masas-y-opinion-publica","status":"publish","type":"post","link":"https:\/\/www.deberes.net\/tesis\/sociologia\/medios-de-comunicacion-de-masas-y-opinion-publica\/","title":{"rendered":"Medios de comunicacion de masas y opinion publica."},"content":{"rendered":"<h2>Tesis doctoral de <strong> Clemente Penalva Verd\u00fa <\/strong><\/h2>\n<p>Esta tesis doctoral se enmarca en el campo de investigaci\u00f3n sobre medios de comunicaci\u00f3n de masas y opini\u00f3n p\u00fablica. Trata sobre un medio concreto-la prensa- y sobre una tem\u00e1tica o contenido espec\u00edfica: las noticias internacionales. Los objetivos que persigue esta investigaci\u00f3n son, por un lado, mostrar el mapa mundial que los medios m\u00e1s leidos de la provincia de alicante elaboran en sus noticias internacionales y, por otro, se\u00f1alar qu\u00e9 factores inciden en la selecci\u00f3n de tem\u00e1ticas y acontecimientos de las diferentes regiones del mundo.  a trav\u00e9s de una muestra de aproximadamente 1.450 noticias recogidas durante los a\u00f1os 1992 y 1993, se analiza el contenido de las mismas a partir de las variables: pa\u00eds, zona, sujeto de la noticia, fuente de la noticia, superficie y tem\u00e1tica. Los resultados muestran una excepcional concentraci\u00f3n de inter\u00e9s en pocos paises: los m\u00e1s desarrollados y, de estos, aquellos que mantienen una posici\u00f3n central en el sistema mundial.<\/p>\n<p>&nbsp;<\/p>\n<h3>Datos acad\u00e9micos de la tesis doctoral \u00ab<strong>Medios de comunicacion de masas y opinion publica.<\/strong>\u00ab<\/h3>\n<ul>\n<li><strong>T\u00edtulo de la tesis:<\/strong>\u00a0 Medios de comunicacion de masas y opinion publica. <\/li>\n<li><strong>Autor:<\/strong>\u00a0 Clemente Penalva Verd\u00fa <\/li>\n<li><strong>Universidad:<\/strong>\u00a0 Alicante<\/li>\n<li><strong>Fecha de lectura de la tesis:<\/strong>\u00a0 15\/05\/1998<\/li>\n<\/ul>\n<p>&nbsp;<\/p>\n<h3>Direcci\u00f3n y tribunal<\/h3>\n<ul>\n<li><strong>Director de la tesis<\/strong>\n<ul>\n<li>Jos\u00e9 Mar\u00eda Tortosa Blasco<\/li>\n<\/ul>\n<\/li>\n<li><strong>Tribunal<\/strong>\n<ul>\n<li>Presidente del tribunal: josep Pic\u00f3 l\u00f3pez <\/li>\n<li>Antonio Alaminos chica (vocal)<\/li>\n<li>felix Ortega gutierrez (vocal)<\/li>\n<li>Emilio Feliu garcia (vocal)<\/li>\n<\/ul>\n<\/li>\n<\/ul>\n<p>&nbsp;<\/p>\n","protected":false},"excerpt":{"rendered":"<p>Tesis doctoral de Clemente Penalva Verd\u00fa Esta tesis doctoral se enmarca en el campo de investigaci\u00f3n sobre medios de comunicaci\u00f3n [&hellip;]<\/p>\n","protected":false},"author":1,"featured_media":0,"comment_status":"open","ping_status":"open","sticky":false,"template":"","format":"standard","meta":{"site-sidebar-layout":"default","site-content-layout":"","ast-site-content-layout":"","site-content-style":"default","site-sidebar-style":"default","ast-global-header-display":"","ast-banner-title-visibility":"","ast-main-header-display":"","ast-hfb-above-header-display":"","ast-hfb-below-header-display":"","ast-hfb-mobile-header-display":"","site-post-title":"","ast-breadcrumbs-content":"","ast-featured-img":"","footer-sml-layout":"","theme-transparent-header-meta":"","adv-header-id-meta":"","stick-header-meta":"","header-above-stick-meta":"","header-main-stick-meta":"","header-below-stick-meta":"","astra-migrate-meta-layouts":"default","ast-page-background-enabled":"default","ast-page-background-meta":{"desktop":{"background-color":"var(--ast-global-color-4)","background-image":"","background-repeat":"repeat","background-position":"center center","background-size":"auto","background-attachment":"scroll","background-type":"","background-media":"","overlay-type":"","overlay-color":"","overlay-gradient":""},"tablet":{"background-color":"","background-image":"","background-repeat":"repeat","background-position":"center center","background-size":"auto","background-attachment":"scroll","background-type":"","background-media":"","overlay-type":"","overlay-color":"","overlay-gradient":""},"mobile":{"background-color":"","background-image":"","background-repeat":"repeat","background-position":"center center","background-size":"auto","background-attachment":"scroll","background-type":"","background-media":"","overlay-type":"","overlay-color":"","overlay-gradient":""}},"ast-content-background-meta":{"desktop":{"background-color":"var(--ast-global-color-5)","background-image":"","background-repeat":"repeat","background-position":"center center","background-size":"auto","background-attachment":"scroll","background-type":"","background-media":"","overlay-type":"","overlay-color":"","overlay-gradient":""},"tablet":{"background-color":"var(--ast-global-color-5)","background-image":"","background-repeat":"repeat","background-position":"center center","background-size":"auto","background-attachment":"scroll","background-type":"","background-media":"","overlay-type":"","overlay-color":"","overlay-gradient":""},"mobile":{"background-color":"var(--ast-global-color-5)","background-image":"","background-repeat":"repeat","background-position":"center center","background-size":"auto","background-attachment":"scroll","background-type":"","background-media":"","overlay-type":"","overlay-color":"","overlay-gradient":""}},"footnotes":""},"categories":[19166,838,4840,269,13715],"tags":[4701,99336,54213,24156,24026,86848],"class_list":["post-38145","post","type-post","status-publish","format-standard","hentry","category-alicante","category-ciencia-politica","category-opinion-publica","category-sociologia","category-sociologia-de-los-medios-de-comunicacion-de-masas","tag-antonio-alaminos-chica","tag-clemente-penalva-verdu","tag-emilio-feliu-garcia","tag-felix-ortega-gutierrez","tag-jose-maria-tortosa-blasco","tag-josep-pico-lopez"],"_links":{"self":[{"href":"https:\/\/www.deberes.net\/tesis\/wp-json\/wp\/v2\/posts\/38145","targetHints":{"allow":["GET"]}}],"collection":[{"href":"https:\/\/www.deberes.net\/tesis\/wp-json\/wp\/v2\/posts"}],"about":[{"href":"https:\/\/www.deberes.net\/tesis\/wp-json\/wp\/v2\/types\/post"}],"author":[{"embeddable":true,"href":"https:\/\/www.deberes.net\/tesis\/wp-json\/wp\/v2\/users\/1"}],"replies":[{"embeddable":true,"href":"https:\/\/www.deberes.net\/tesis\/wp-json\/wp\/v2\/comments?post=38145"}],"version-history":[{"count":0,"href":"https:\/\/www.deberes.net\/tesis\/wp-json\/wp\/v2\/posts\/38145\/revisions"}],"wp:attachment":[{"href":"https:\/\/www.deberes.net\/tesis\/wp-json\/wp\/v2\/media?parent=38145"}],"wp:term":[{"taxonomy":"category","embeddable":true,"href":"https:\/\/www.deberes.net\/tesis\/wp-json\/wp\/v2\/categories?post=38145"},{"taxonomy":"post_tag","embeddable":true,"href":"https:\/\/www.deberes.net\/tesis\/wp-json\/wp\/v2\/tags?post=38145"}],"curies":[{"name":"wp","href":"https:\/\/api.w.org\/{rel}","templated":true}]}}