{"id":38162,"date":"2018-03-09T09:37:37","date_gmt":"2018-03-09T09:37:37","guid":{"rendered":"https:\/\/www.deberes.net\/tesis\/sin-categoria\/crisis-del-franquismo-y-construccion-de-la-autonomia-murciana\/"},"modified":"2018-03-09T09:37:37","modified_gmt":"2018-03-09T09:37:37","slug":"crisis-del-franquismo-y-construccion-de-la-autonomia-murciana","status":"publish","type":"post","link":"https:\/\/www.deberes.net\/tesis\/historia\/crisis-del-franquismo-y-construccion-de-la-autonomia-murciana\/","title":{"rendered":"Crisis del franquismo y construccion de la autonomia murciana."},"content":{"rendered":"<h2>Tesis doctoral de <strong> Gloria Bayona Fernandez <\/strong><\/h2>\n<p>En el an\u00e1lisis interpretativo se ha extra\u00eddo las siguientes conclusiones:  1) existencia de movilizaciones y conflictividades a partir de la d\u00e9cada de los a\u00f1os 60 excepcionalmente de car\u00e1cter pol\u00edtico pero abundantemente social y de orden p\u00fablico, si bien en sus actuaciones no tuvieron una trascendencia nacional, puso de manifiesto profundas grietas entre el poder pol\u00edtico y las fuerzas econ\u00f3micas y sociales.  2) progresivo divorcio que se establece entre las mayor\u00edas y las minor\u00edas resistentes convencionalmente englobadas en el unificador concepto establecido de \u00aboposici\u00f3n al r\u00e9gimen\u00bb.  3) respecto a los elementos contenedores de la conflictividad-oposici\u00f3n pol\u00edtica se encuentran las \u00e9lites e instituciones como bloque de poder en tres diferentes manifestaciones (correlaci\u00f3n existente entre el proyecto pol\u00edtico y los comportamientos o respuestas que di\u00f3 la sociedad civil en la variable conflicto-consenso).<\/p>\n<p>&nbsp;<\/p>\n<h3>Datos acad\u00e9micos de la tesis doctoral \u00ab<strong>Crisis del franquismo y construccion de la autonomia murciana.<\/strong>\u00ab<\/h3>\n<ul>\n<li><strong>T\u00edtulo de la tesis:<\/strong>\u00a0 Crisis del franquismo y construccion de la autonomia murciana. <\/li>\n<li><strong>Autor:<\/strong>\u00a0 Gloria Bayona Fernandez <\/li>\n<li><strong>Universidad:<\/strong>\u00a0 Alicante<\/li>\n<li><strong>Fecha de lectura de la tesis:<\/strong>\u00a0 21\/05\/1998<\/li>\n<\/ul>\n<p>&nbsp;<\/p>\n<h3>Direcci\u00f3n y tribunal<\/h3>\n<ul>\n<li><strong>Director de la tesis<\/strong>\n<ul>\n<li>Jos\u00e9 Antonio Lopez Pina<\/li>\n<\/ul>\n<\/li>\n<li><strong>Tribunal<\/strong>\n<ul>\n<li>Presidente del tribunal: benjamin Oltra martin de los santos <\/li>\n<li>Jos\u00e9 Asensi sabater (vocal)<\/li>\n<li>Carlos Alba tercedor (vocal)<\/li>\n<li>josep antoni Rodr\u00edguez d\u00edaz (vocal)<\/li>\n<\/ul>\n<\/li>\n<\/ul>\n<p>&nbsp;<\/p>\n","protected":false},"excerpt":{"rendered":"<p>Tesis doctoral de Gloria Bayona Fernandez En el an\u00e1lisis interpretativo se ha extra\u00eddo las siguientes conclusiones: 1) existencia de movilizaciones [&hellip;]<\/p>\n","protected":false},"author":1,"featured_media":0,"comment_status":"open","ping_status":"open","sticky":false,"template":"","format":"standard","meta":{"site-sidebar-layout":"default","site-content-layout":"","ast-site-content-layout":"","site-content-style":"default","site-sidebar-style":"default","ast-global-header-display":"","ast-banner-title-visibility":"","ast-main-header-display":"","ast-hfb-above-header-display":"","ast-hfb-below-header-display":"","ast-hfb-mobile-header-display":"","site-post-title":"","ast-breadcrumbs-content":"","ast-featured-img":"","footer-sml-layout":"","theme-transparent-header-meta":"","adv-header-id-meta":"","stick-header-meta":"","header-above-stick-meta":"","header-main-stick-meta":"","header-below-stick-meta":"","astra-migrate-meta-layouts":"default","ast-page-background-enabled":"default","ast-page-background-meta":{"desktop":{"background-color":"var(--ast-global-color-4)","background-image":"","background-repeat":"repeat","background-position":"center center","background-size":"auto","background-attachment":"scroll","background-type":"","background-media":"","overlay-type":"","overlay-color":"","overlay-gradient":""},"tablet":{"background-color":"","background-image":"","background-repeat":"repeat","background-position":"center center","background-size":"auto","background-attachment":"scroll","background-type":"","background-media":"","overlay-type":"","overlay-color":"","overlay-gradient":""},"mobile":{"background-color":"","background-image":"","background-repeat":"repeat","background-position":"center center","background-size":"auto","background-attachment":"scroll","background-type":"","background-media":"","overlay-type":"","overlay-color":"","overlay-gradient":""}},"ast-content-background-meta":{"desktop":{"background-color":"var(--ast-global-color-5)","background-image":"","background-repeat":"repeat","background-position":"center center","background-size":"auto","background-attachment":"scroll","background-type":"","background-media":"","overlay-type":"","overlay-color":"","overlay-gradient":""},"tablet":{"background-color":"var(--ast-global-color-5)","background-image":"","background-repeat":"repeat","background-position":"center center","background-size":"auto","background-attachment":"scroll","background-type":"","background-media":"","overlay-type":"","overlay-color":"","overlay-gradient":""},"mobile":{"background-color":"var(--ast-global-color-5)","background-image":"","background-repeat":"repeat","background-position":"center center","background-size":"auto","background-attachment":"scroll","background-type":"","background-media":"","overlay-type":"","overlay-color":"","overlay-gradient":""}},"footnotes":""},"categories":[19166,104,222,269,959],"tags":[19373,7718,99366,99367,12980,90948],"class_list":["post-38162","post","type-post","status-publish","format-standard","hentry","category-alicante","category-historia","category-historias-especializadas","category-sociologia","category-sociologia-historica","tag-benjamin-oltra-martin-de-los-santos","tag-carlos-alba-tercedor","tag-gloria-bayona-fernandez","tag-jose-antonio-lopez-pina","tag-jose-asensi-sabater","tag-josep-antoni-rodriguez-diaz"],"_links":{"self":[{"href":"https:\/\/www.deberes.net\/tesis\/wp-json\/wp\/v2\/posts\/38162","targetHints":{"allow":["GET"]}}],"collection":[{"href":"https:\/\/www.deberes.net\/tesis\/wp-json\/wp\/v2\/posts"}],"about":[{"href":"https:\/\/www.deberes.net\/tesis\/wp-json\/wp\/v2\/types\/post"}],"author":[{"embeddable":true,"href":"https:\/\/www.deberes.net\/tesis\/wp-json\/wp\/v2\/users\/1"}],"replies":[{"embeddable":true,"href":"https:\/\/www.deberes.net\/tesis\/wp-json\/wp\/v2\/comments?post=38162"}],"version-history":[{"count":0,"href":"https:\/\/www.deberes.net\/tesis\/wp-json\/wp\/v2\/posts\/38162\/revisions"}],"wp:attachment":[{"href":"https:\/\/www.deberes.net\/tesis\/wp-json\/wp\/v2\/media?parent=38162"}],"wp:term":[{"taxonomy":"category","embeddable":true,"href":"https:\/\/www.deberes.net\/tesis\/wp-json\/wp\/v2\/categories?post=38162"},{"taxonomy":"post_tag","embeddable":true,"href":"https:\/\/www.deberes.net\/tesis\/wp-json\/wp\/v2\/tags?post=38162"}],"curies":[{"name":"wp","href":"https:\/\/api.w.org\/{rel}","templated":true}]}}