{"id":38171,"date":"2018-03-09T09:37:37","date_gmt":"2018-03-09T09:37:37","guid":{"rendered":"https:\/\/www.deberes.net\/tesis\/sin-categoria\/las-transformaciones-integral-y-discreta-de-legendre\/"},"modified":"2018-03-09T09:37:37","modified_gmt":"2018-03-09T09:37:37","slug":"las-transformaciones-integral-y-discreta-de-legendre","status":"publish","type":"post","link":"https:\/\/www.deberes.net\/tesis\/matematicas\/las-transformaciones-integral-y-discreta-de-legendre\/","title":{"rendered":"Las transformaciones integral y discreta de legendre."},"content":{"rendered":"<h2>Tesis doctoral de <strong> Gaspar Miquel Morales <\/strong><\/h2>\n<p>En esta memoria se investigan las transformaciones integral y discreta de legendre, la primera en espacios de distribuciones y la segunda en diferentes espacios de sucesiones y sus duales. El trabajo se encuentra dividido en dos cap\u00edtulos, cada uno de los cuales consta de dos partes. En la parte primera del cap\u00edtulo i se estudia la transformaci\u00f3n finita de legendre en el espacio fr\u00e9chet de funciones l(-1,1) y su dual. El m\u00e9todo empleado en el estudio distribucional es el del nucleo. Se prueba una f\u00f3rmula de inversi\u00f3n para la transformaci\u00f3n en este marco y se estudian los operadores de traslaci\u00f3n y de convoluci\u00f3n. En la segunda parte la transformaci\u00f3n de legendre integral es estudiada sobre los espacios de zemanian a(-1,1) y su dual. El cap\u00edtulo ii se dedica al estudio de la transformaci\u00f3n discreta de legendre en diferentes espacios de sucesiones. Esta transformaci\u00f3n es investigada sobre sucesiones de decrecimiento exponencial y de crecimiento r\u00e1pido y sus respectivos duales. asimismo se analizan la traslaci\u00f3n y la convoluci\u00f3n asociada a la transformaci\u00f3n sobre estos espacios. al final de cada parte se presentan diferentes aplicaciones de la teor\u00eda desarrollada.<\/p>\n<p>&nbsp;<\/p>\n<h3>Datos acad\u00e9micos de la tesis doctoral \u00ab<strong>Las transformaciones integral y discreta de legendre.<\/strong>\u00ab<\/h3>\n<ul>\n<li><strong>T\u00edtulo de la tesis:<\/strong>\u00a0 Las transformaciones integral y discreta de legendre. <\/li>\n<li><strong>Autor:<\/strong>\u00a0 Gaspar Miquel Morales <\/li>\n<li><strong>Universidad:<\/strong>\u00a0 La laguna<\/li>\n<li><strong>Fecha de lectura de la tesis:<\/strong>\u00a0 25\/05\/1998<\/li>\n<\/ul>\n<p>&nbsp;<\/p>\n<h3>Direcci\u00f3n y tribunal<\/h3>\n<ul>\n<li><strong>Director de la tesis<\/strong>\n<ul>\n<li> Mend\u00e9z P\u00e9rez Jos\u00e9 Manuel<\/li>\n<\/ul>\n<\/li>\n<li><strong>Tribunal<\/strong>\n<ul>\n<li>Presidente del tribunal: nacere Hayek calil <\/li>\n<li>pedro Jimenez guerra (vocal)<\/li>\n<li> Castillo abanades florencio del (vocal)<\/li>\n<li>gabriel Winter althaus (vocal)<\/li>\n<\/ul>\n<\/li>\n<\/ul>\n<p>&nbsp;<\/p>\n","protected":false},"excerpt":{"rendered":"<p>Tesis doctoral de Gaspar Miquel Morales En esta memoria se investigan las transformaciones integral y discreta de legendre, la primera [&hellip;]<\/p>\n","protected":false},"author":1,"featured_media":0,"comment_status":"open","ping_status":"open","sticky":false,"template":"","format":"standard","meta":{"site-sidebar-layout":"default","site-content-layout":"","ast-site-content-layout":"","site-content-style":"default","site-sidebar-style":"default","ast-global-header-display":"","ast-banner-title-visibility":"","ast-main-header-display":"","ast-hfb-above-header-display":"","ast-hfb-below-header-display":"","ast-hfb-mobile-header-display":"","site-post-title":"","ast-breadcrumbs-content":"","ast-featured-img":"","footer-sml-layout":"","theme-transparent-header-meta":"","adv-header-id-meta":"","stick-header-meta":"","header-above-stick-meta":"","header-main-stick-meta":"","header-below-stick-meta":"","astra-migrate-meta-layouts":"default","ast-page-background-enabled":"default","ast-page-background-meta":{"desktop":{"background-color":"var(--ast-global-color-4)","background-image":"","background-repeat":"repeat","background-position":"center center","background-size":"auto","background-attachment":"scroll","background-type":"","background-media":"","overlay-type":"","overlay-color":"","overlay-gradient":""},"tablet":{"background-color":"","background-image":"","background-repeat":"repeat","background-position":"center center","background-size":"auto","background-attachment":"scroll","background-type":"","background-media":"","overlay-type":"","overlay-color":"","overlay-gradient":""},"mobile":{"background-color":"","background-image":"","background-repeat":"repeat","background-position":"center center","background-size":"auto","background-attachment":"scroll","background-type":"","background-media":"","overlay-type":"","overlay-color":"","overlay-gradient":""}},"ast-content-background-meta":{"desktop":{"background-color":"var(--ast-global-color-5)","background-image":"","background-repeat":"repeat","background-position":"center center","background-size":"auto","background-attachment":"scroll","background-type":"","background-media":"","overlay-type":"","overlay-color":"","overlay-gradient":""},"tablet":{"background-color":"var(--ast-global-color-5)","background-image":"","background-repeat":"repeat","background-position":"center center","background-size":"auto","background-attachment":"scroll","background-type":"","background-media":"","overlay-type":"","overlay-color":"","overlay-gradient":""},"mobile":{"background-color":"var(--ast-global-color-5)","background-image":"","background-repeat":"repeat","background-position":"center center","background-size":"auto","background-attachment":"scroll","background-type":"","background-media":"","overlay-type":"","overlay-color":"","overlay-gradient":""}},"footnotes":""},"categories":[3183,9915,126,41797],"tags":[99384,3303,99383,10212,10208,3388],"class_list":["post-38171","post","type-post","status-publish","format-standard","hentry","category-analisis-y-analisis-funcional","category-la-laguna","category-matematicas","category-transformadas-integrales","tag-castillo-abanades-florencio-del","tag-gabriel-winter-althaus","tag-gaspar-miquel-morales","tag-mendez-perez-jose-manuel","tag-nacere-hayek-calil","tag-pedro-jimenez-guerra"],"_links":{"self":[{"href":"https:\/\/www.deberes.net\/tesis\/wp-json\/wp\/v2\/posts\/38171","targetHints":{"allow":["GET"]}}],"collection":[{"href":"https:\/\/www.deberes.net\/tesis\/wp-json\/wp\/v2\/posts"}],"about":[{"href":"https:\/\/www.deberes.net\/tesis\/wp-json\/wp\/v2\/types\/post"}],"author":[{"embeddable":true,"href":"https:\/\/www.deberes.net\/tesis\/wp-json\/wp\/v2\/users\/1"}],"replies":[{"embeddable":true,"href":"https:\/\/www.deberes.net\/tesis\/wp-json\/wp\/v2\/comments?post=38171"}],"version-history":[{"count":0,"href":"https:\/\/www.deberes.net\/tesis\/wp-json\/wp\/v2\/posts\/38171\/revisions"}],"wp:attachment":[{"href":"https:\/\/www.deberes.net\/tesis\/wp-json\/wp\/v2\/media?parent=38171"}],"wp:term":[{"taxonomy":"category","embeddable":true,"href":"https:\/\/www.deberes.net\/tesis\/wp-json\/wp\/v2\/categories?post=38171"},{"taxonomy":"post_tag","embeddable":true,"href":"https:\/\/www.deberes.net\/tesis\/wp-json\/wp\/v2\/tags?post=38171"}],"curies":[{"name":"wp","href":"https:\/\/api.w.org\/{rel}","templated":true}]}}