{"id":38192,"date":"2018-03-09T09:37:39","date_gmt":"2018-03-09T09:37:39","guid":{"rendered":"https:\/\/www.deberes.net\/tesis\/sin-categoria\/la-objecion-de-conciencia-sanitaria\/"},"modified":"2018-03-09T09:37:39","modified_gmt":"2018-03-09T09:37:39","slug":"la-objecion-de-conciencia-sanitaria","status":"publish","type":"post","link":"https:\/\/www.deberes.net\/tesis\/ciencias-juridicas-y-derecho\/la-objecion-de-conciencia-sanitaria\/","title":{"rendered":"La objecion de conciencia sanitaria."},"content":{"rendered":"<h2>Tesis doctoral de <strong>  Sieira Mucientes Sara Lucia <\/strong><\/h2>\n<p>Este trabajo de investigaci\u00f3n aborda el estudio constitucional de la objeci\u00f3n de conciencia en el ambito sanitario partiendo de su naturaleza jur\u00eddica de derecho fundamental en la relaci\u00f3n profesional laboral, estatutaria y funcionarial, con especial menci\u00f3n de la objeci\u00f3n de conciencia al aborto. Aporta una perspectiva comparada de estados unidos e italia especialmente. Sin perjuicio de ofrecer una panor\u00e1mica del estado de la cuesti\u00f3n en un n\u00famero significativo de ordenamientos de los cinco continentes. Incorpora un estudio sobre la posici\u00f3n penal-constitucional del aborto en nuestro sistema. Analiza la naturaleza del lazo jer\u00e1rquico en la relaci\u00f3n profesional sanitaria en el ambito p\u00fablico y privado considerando la insoslayable perspectiva deontol\u00f3gica m\u00e9dica. Analiza los limites de la objeci\u00f3n de conciencia al aborto con una metodolog\u00eda del contenido esencial a caballo entre las concepciones absoluta y relativa. propone una via sumaria y preferente de protecci\u00f3n con aligeraci\u00f3n de la carga de la prueba en favor del objetor tanto ante el orden contencioso administrativo como ante el social.<\/p>\n<p>&nbsp;<\/p>\n<h3>Datos acad\u00e9micos de la tesis doctoral \u00ab<strong>La objecion de conciencia sanitaria.<\/strong>\u00ab<\/h3>\n<ul>\n<li><strong>T\u00edtulo de la tesis:<\/strong>\u00a0 La objecion de conciencia sanitaria. <\/li>\n<li><strong>Autor:<\/strong>\u00a0  Sieira Mucientes Sara Lucia <\/li>\n<li><strong>Universidad:<\/strong>\u00a0 Pontificia comillas<\/li>\n<li><strong>Fecha de lectura de la tesis:<\/strong>\u00a0 29\/05\/1998<\/li>\n<\/ul>\n<p>&nbsp;<\/p>\n<h3>Direcci\u00f3n y tribunal<\/h3>\n<ul>\n<li><strong>Director de la tesis<\/strong>\n<ul>\n<li> Rodr\u00edguez Aisa M\u00aa Luisa<\/li>\n<\/ul>\n<\/li>\n<li><strong>Tribunal<\/strong>\n<ul>\n<li>Presidente del tribunal: rafael Navarro valls <\/li>\n<li>Javier Martinez torron (vocal)<\/li>\n<li>Francisco Fern\u00e1ndez segado (vocal)<\/li>\n<li>Jos\u00e9 Mar\u00eda D\u00edaz moreno (vocal)<\/li>\n<\/ul>\n<\/li>\n<\/ul>\n<p>&nbsp;<\/p>\n","protected":false},"excerpt":{"rendered":"<p>Tesis doctoral de Sieira Mucientes Sara Lucia Este trabajo de investigaci\u00f3n aborda el estudio constitucional de la objeci\u00f3n de conciencia [&hellip;]<\/p>\n","protected":false},"author":1,"featured_media":0,"comment_status":"open","ping_status":"open","sticky":false,"template":"","format":"standard","meta":{"site-sidebar-layout":"default","site-content-layout":"","ast-site-content-layout":"","site-content-style":"default","site-sidebar-style":"default","ast-global-header-display":"","ast-banner-title-visibility":"","ast-main-header-display":"","ast-hfb-above-header-display":"","ast-hfb-below-header-display":"","ast-hfb-mobile-header-display":"","site-post-title":"","ast-breadcrumbs-content":"","ast-featured-img":"","footer-sml-layout":"","theme-transparent-header-meta":"","adv-header-id-meta":"","stick-header-meta":"","header-above-stick-meta":"","header-main-stick-meta":"","header-below-stick-meta":"","astra-migrate-meta-layouts":"default","ast-page-background-enabled":"default","ast-page-background-meta":{"desktop":{"background-color":"var(--ast-global-color-4)","background-image":"","background-repeat":"repeat","background-position":"center center","background-size":"auto","background-attachment":"scroll","background-type":"","background-media":"","overlay-type":"","overlay-color":"","overlay-gradient":""},"tablet":{"background-color":"","background-image":"","background-repeat":"repeat","background-position":"center center","background-size":"auto","background-attachment":"scroll","background-type":"","background-media":"","overlay-type":"","overlay-color":"","overlay-gradient":""},"mobile":{"background-color":"","background-image":"","background-repeat":"repeat","background-position":"center center","background-size":"auto","background-attachment":"scroll","background-type":"","background-media":"","overlay-type":"","overlay-color":"","overlay-gradient":""}},"ast-content-background-meta":{"desktop":{"background-color":"var(--ast-global-color-5)","background-image":"","background-repeat":"repeat","background-position":"center center","background-size":"auto","background-attachment":"scroll","background-type":"","background-media":"","overlay-type":"","overlay-color":"","overlay-gradient":""},"tablet":{"background-color":"var(--ast-global-color-5)","background-image":"","background-repeat":"repeat","background-position":"center center","background-size":"auto","background-attachment":"scroll","background-type":"","background-media":"","overlay-type":"","overlay-color":"","overlay-gradient":""},"mobile":{"background-color":"var(--ast-global-color-5)","background-image":"","background-repeat":"repeat","background-position":"center center","background-size":"auto","background-attachment":"scroll","background-type":"","background-media":"","overlay-type":"","overlay-color":"","overlay-gradient":""}},"footnotes":""},"categories":[612,4927,1450,979,18397,3193],"tags":[24409,37837,32430,18107,89615,99418],"class_list":["post-38192","post","type-post","status-publish","format-standard","hentry","category-ciencias-juridicas-y-derecho","category-derecho-comparado","category-derecho-constitucional","category-derecho-y-legislacion-nacionales","category-pontificia-comillas","category-teoria-y-metodos-generales-del-derecho","tag-francisco-fernandez-segado","tag-javier-Martinez-torron","tag-jose-maria-diaz-moreno","tag-rafael-navarro-valls","tag-rodriguez-aisa-ma-luisa","tag-sieira-mucientes-sara-lucia"],"_links":{"self":[{"href":"https:\/\/www.deberes.net\/tesis\/wp-json\/wp\/v2\/posts\/38192","targetHints":{"allow":["GET"]}}],"collection":[{"href":"https:\/\/www.deberes.net\/tesis\/wp-json\/wp\/v2\/posts"}],"about":[{"href":"https:\/\/www.deberes.net\/tesis\/wp-json\/wp\/v2\/types\/post"}],"author":[{"embeddable":true,"href":"https:\/\/www.deberes.net\/tesis\/wp-json\/wp\/v2\/users\/1"}],"replies":[{"embeddable":true,"href":"https:\/\/www.deberes.net\/tesis\/wp-json\/wp\/v2\/comments?post=38192"}],"version-history":[{"count":0,"href":"https:\/\/www.deberes.net\/tesis\/wp-json\/wp\/v2\/posts\/38192\/revisions"}],"wp:attachment":[{"href":"https:\/\/www.deberes.net\/tesis\/wp-json\/wp\/v2\/media?parent=38192"}],"wp:term":[{"taxonomy":"category","embeddable":true,"href":"https:\/\/www.deberes.net\/tesis\/wp-json\/wp\/v2\/categories?post=38192"},{"taxonomy":"post_tag","embeddable":true,"href":"https:\/\/www.deberes.net\/tesis\/wp-json\/wp\/v2\/tags?post=38192"}],"curies":[{"name":"wp","href":"https:\/\/api.w.org\/{rel}","templated":true}]}}