{"id":38196,"date":"1998-01-06T00:00:00","date_gmt":"1998-01-06T00:00:00","guid":{"rendered":"https:\/\/www.deberes.net\/tesis\/sin-categoria\/organizacion-del-deporte-extraescolar-en-los-centros-docentes-de-barcelona-y-su-cinturon-diseno-de-un-modelo\/"},"modified":"1998-01-06T00:00:00","modified_gmt":"1998-01-06T00:00:00","slug":"organizacion-del-deporte-extraescolar-en-los-centros-docentes-de-barcelona-y-su-cinturon-diseno-de-un-modelo","status":"publish","type":"post","link":"https:\/\/www.deberes.net\/tesis\/barcelona\/organizacion-del-deporte-extraescolar-en-los-centros-docentes-de-barcelona-y-su-cinturon-diseno-de-un-modelo\/","title":{"rendered":"Organizacion del deporte extraescolar en los centros docentes de barcelona y su cinturon. dise\u00f1o de un modelo."},"content":{"rendered":"<h2>Tesis doctoral de <strong> Jes\u00fas Gonz\u00e1lez Carballude <\/strong><\/h2>\n<p>Este trabajo pretende acercarse a los problemas que rodean el deporte extra escolar de competici\u00f3n que se realiza en centros escolares. Se intenta demostrar que si se crea una estructura dirigida por un profesional que reuna las condiciones adecuadas, y se adaptan las normas actuales a otras con orientaciones m\u00e1s educativas, se puede conseguir un deporte extraescolar de calidad y sin los aspectos negativos que tiene en estos momentos.  se realiza el estudio te\u00f3rico de todos los puntos que tienen relaci\u00f3n con el deporte escolar y un trabajo emp\u00edrico para corroborar las afirmaciones de la hip\u00f3tesis. Los resultados confirman la necesidad de introducir t\u00e9cnicos cualificados y la conveniencia de un ente espec\u00edfico para organizar este tipo de actividades que se preocupe de adecuar las normas a las necesidades del ni\u00f1o.  se incluye la propuesta de un modelo de estructura que puede ser utilizado por los centros.<\/p>\n<p>&nbsp;<\/p>\n<h3>Datos acad\u00e9micos de la tesis doctoral \u00ab<strong>Organizacion del deporte extraescolar en los centros docentes de barcelona y su cinturon. dise\u00f1o de un modelo.<\/strong>\u00ab<\/h3>\n<ul>\n<li><strong>T\u00edtulo de la tesis:<\/strong>\u00a0 Organizacion del deporte extraescolar en los centros docentes de barcelona y su cinturon. dise\u00f1o de un modelo. <\/li>\n<li><strong>Autor:<\/strong>\u00a0 Jes\u00fas Gonz\u00e1lez Carballude <\/li>\n<li><strong>Universidad:<\/strong>\u00a0 Barcelona<\/li>\n<li><strong>Fecha de lectura de la tesis:<\/strong>\u00a0 01\/06\/1998<\/li>\n<\/ul>\n<p>&nbsp;<\/p>\n<h3>Direcci\u00f3n y tribunal<\/h3>\n<ul>\n<li><strong>Director de la tesis<\/strong>\n<ul>\n<li>LLuis Tori Raventos<\/li>\n<\/ul>\n<\/li>\n<li><strong>Tribunal<\/strong>\n<ul>\n<li>Presidente del tribunal: antoni Petrus rotger <\/li>\n<li>saturnino Gimeno mart\u00edn (vocal)<\/li>\n<li>francesc Solanellas donato (vocal)<\/li>\n<li>pere Lavega burgu\u00e9s (vocal)<\/li>\n<\/ul>\n<\/li>\n<\/ul>\n<p>&nbsp;<\/p>\n","protected":false},"excerpt":{"rendered":"<p>Tesis doctoral de Jes\u00fas Gonz\u00e1lez Carballude Este trabajo pretende acercarse a los problemas que rodean el deporte extra escolar de [&hellip;]<\/p>\n","protected":false},"author":1,"featured_media":0,"comment_status":"open","ping_status":"open","sticky":false,"template":"","format":"standard","meta":{"site-sidebar-layout":"default","site-content-layout":"","ast-site-content-layout":"","site-content-style":"default","site-sidebar-style":"default","ast-global-header-display":"","ast-banner-title-visibility":"","ast-main-header-display":"","ast-hfb-above-header-display":"","ast-hfb-below-header-display":"","ast-hfb-mobile-header-display":"","site-post-title":"","ast-breadcrumbs-content":"","ast-featured-img":"","footer-sml-layout":"","theme-transparent-header-meta":"","adv-header-id-meta":"","stick-header-meta":"","header-above-stick-meta":"","header-main-stick-meta":"","header-below-stick-meta":"","astra-migrate-meta-layouts":"default","ast-page-background-enabled":"default","ast-page-background-meta":{"desktop":{"background-color":"var(--ast-global-color-4)","background-image":"","background-repeat":"repeat","background-position":"center center","background-size":"auto","background-attachment":"scroll","background-type":"","background-media":"","overlay-type":"","overlay-color":"","overlay-gradient":""},"tablet":{"background-color":"","background-image":"","background-repeat":"repeat","background-position":"center center","background-size":"auto","background-attachment":"scroll","background-type":"","background-media":"","overlay-type":"","overlay-color":"","overlay-gradient":""},"mobile":{"background-color":"","background-image":"","background-repeat":"repeat","background-position":"center center","background-size":"auto","background-attachment":"scroll","background-type":"","background-media":"","overlay-type":"","overlay-color":"","overlay-gradient":""}},"ast-content-background-meta":{"desktop":{"background-color":"var(--ast-global-color-5)","background-image":"","background-repeat":"repeat","background-position":"center center","background-size":"auto","background-attachment":"scroll","background-type":"","background-media":"","overlay-type":"","overlay-color":"","overlay-gradient":""},"tablet":{"background-color":"var(--ast-global-color-5)","background-image":"","background-repeat":"repeat","background-position":"center center","background-size":"auto","background-attachment":"scroll","background-type":"","background-media":"","overlay-type":"","overlay-color":"","overlay-gradient":""},"mobile":{"background-color":"var(--ast-global-color-5)","background-image":"","background-repeat":"repeat","background-position":"center center","background-size":"auto","background-attachment":"scroll","background-type":"","background-media":"","overlay-type":"","overlay-color":"","overlay-gradient":""}},"footnotes":""},"categories":[951,1184,1141],"tags":[1290,20409,99424,99425,52151,52639],"class_list":["post-38196","post","type-post","status-publish","format-standard","hentry","category-barcelona","category-organizacion-y-planificacion-de-la-educacion","category-pedagogia","tag-antoni-petrus-rotger","tag-francesc-solanellas-donato","tag-jesus-gonzalez-carballude","tag-lluis-tori-raventos","tag-pere-lavega-burgues","tag-saturnino-gimeno-martin"],"_links":{"self":[{"href":"https:\/\/www.deberes.net\/tesis\/wp-json\/wp\/v2\/posts\/38196","targetHints":{"allow":["GET"]}}],"collection":[{"href":"https:\/\/www.deberes.net\/tesis\/wp-json\/wp\/v2\/posts"}],"about":[{"href":"https:\/\/www.deberes.net\/tesis\/wp-json\/wp\/v2\/types\/post"}],"author":[{"embeddable":true,"href":"https:\/\/www.deberes.net\/tesis\/wp-json\/wp\/v2\/users\/1"}],"replies":[{"embeddable":true,"href":"https:\/\/www.deberes.net\/tesis\/wp-json\/wp\/v2\/comments?post=38196"}],"version-history":[{"count":0,"href":"https:\/\/www.deberes.net\/tesis\/wp-json\/wp\/v2\/posts\/38196\/revisions"}],"wp:attachment":[{"href":"https:\/\/www.deberes.net\/tesis\/wp-json\/wp\/v2\/media?parent=38196"}],"wp:term":[{"taxonomy":"category","embeddable":true,"href":"https:\/\/www.deberes.net\/tesis\/wp-json\/wp\/v2\/categories?post=38196"},{"taxonomy":"post_tag","embeddable":true,"href":"https:\/\/www.deberes.net\/tesis\/wp-json\/wp\/v2\/tags?post=38196"}],"curies":[{"name":"wp","href":"https:\/\/api.w.org\/{rel}","templated":true}]}}