{"id":38200,"date":"1998-02-06T00:00:00","date_gmt":"1998-02-06T00:00:00","guid":{"rendered":"https:\/\/www.deberes.net\/tesis\/sin-categoria\/labour-markets-training-and-competitiveness-theoretical-and-empirical-aspects\/"},"modified":"1998-02-06T00:00:00","modified_gmt":"1998-02-06T00:00:00","slug":"labour-markets-training-and-competitiveness-theoretical-and-empirical-aspects","status":"publish","type":"post","link":"https:\/\/www.deberes.net\/tesis\/teoria-economica\/labour-markets-training-and-competitiveness-theoretical-and-empirical-aspects\/","title":{"rendered":"Labour markets, training and competitiveness: theoretical and empirical aspects"},"content":{"rendered":"<h2>Tesis doctoral de <strong> Marion Jansen <\/strong><\/h2>\n<p>La tesis consiste en tres partes que se distinguen entre ellas en las t\u00e9cnicas usadas. La primera parte describe la relaci\u00f3n de un empleo, la inversi\u00f3n en formaci\u00f3n profesional del trabajador y el nivel de desempleo en la econom\u00eda, usando un modelo de mercado laboral con fricciones de emparejamiento (\u00abmatching frictions\u00bb). Demuestro que en el caso de formaci\u00f3n de tipo general los agentes no  invierten lo suficiente. Aumentar el coste de despido alargar\u00e1 la duraci\u00f3n del empleo, creando as\u00ed m\u00e1s incentivos para invertir en el trabajador. Pero a\u00fan as\u00ed el nivel \u00f3ptimo de formaci\u00f3n ser\u00e1 raramente obtenido. la segunda parte de la tesis presenta un an\u00e1lisis emp\u00edrico del impacto que tienen la formaci\u00f3n profesional y las inversiones en investigaci\u00f3n sobre la calidad de las exportaciones de un pa\u00eds. Esta parte de \u00e9mphasis a la selecci\u00f3n y construcci\u00f3n de las variables usadas en las regresiones econom\u00e9tricas. Entre otras cosas propongo un nuevo m\u00e9todo para medir la \u00abcompetitividad en calidad\u00bb de un pa\u00eds. Usando datos para 20 pa\u00edses de la oced concluyo que ambos factores, la formaci\u00f3n profesional y la investigaci\u00f3n a nivel nacional, influyen de manera positiva y significativa la competitividad en calidad de un pa\u00eds. la relaci\u00f3n entre el comercio internacional y el nivel de desempleo es el tema de un trabajo realizado en cooperaci\u00f3n con a. Turrini. En esta tercera parte de mi tesis incorporamos un mercado laboral con fricciones de emparejamiento dentro de un mdoelo de comercio internacional. Demostramos que el paso de autarqu\u00eda a comercio internacional puede aumentar el nivel de desempleo en un pa\u00eds y proporcionamos condiciones necesarias y suficientes para que esto suceda.<\/p>\n<p>&nbsp;<\/p>\n<h3>Datos acad\u00e9micos de la tesis doctoral \u00ab<strong>Labour markets, training and competitiveness: theoretical and empirical aspects<\/strong>\u00ab<\/h3>\n<ul>\n<li><strong>T\u00edtulo de la tesis:<\/strong>\u00a0 Labour markets, training and competitiveness: theoretical and empirical aspects <\/li>\n<li><strong>Autor:<\/strong>\u00a0 Marion Jansen <\/li>\n<li><strong>Universidad:<\/strong>\u00a0 Pompeu fabra<\/li>\n<li><strong>Fecha de lectura de la tesis:<\/strong>\u00a0 02\/06\/1998<\/li>\n<\/ul>\n<p>&nbsp;<\/p>\n<h3>Direcci\u00f3n y tribunal<\/h3>\n<ul>\n<li><strong>Director de la tesis<\/strong>\n<ul>\n<li>Fabrizio Zilibotti<\/li>\n<\/ul>\n<\/li>\n<li><strong>Tribunal<\/strong>\n<ul>\n<li>Presidente del tribunal: jordi Caballe vilella <\/li>\n<li>amaia Iza padilla (vocal)<\/li>\n<li>daron Acemoglu (vocal)<\/li>\n<li>gilles jacques Bruno saint-paul (vocal)<\/li>\n<\/ul>\n<\/li>\n<\/ul>\n<p>&nbsp;<\/p>\n","protected":false},"excerpt":{"rendered":"<p>Tesis doctoral de Marion Jansen La tesis consiste en tres partes que se distinguen entre ellas en las t\u00e9cnicas usadas. [&hellip;]<\/p>\n","protected":false},"author":1,"featured_media":0,"comment_status":"open","ping_status":"open","sticky":false,"template":"","format":"standard","meta":{"site-sidebar-layout":"default","site-content-layout":"","ast-site-content-layout":"","site-content-style":"default","site-sidebar-style":"default","ast-global-header-display":"","ast-banner-title-visibility":"","ast-main-header-display":"","ast-hfb-above-header-display":"","ast-hfb-below-header-display":"","ast-hfb-mobile-header-display":"","site-post-title":"","ast-breadcrumbs-content":"","ast-featured-img":"","footer-sml-layout":"","theme-transparent-header-meta":"","adv-header-id-meta":"","stick-header-meta":"","header-above-stick-meta":"","header-main-stick-meta":"","header-below-stick-meta":"","astra-migrate-meta-layouts":"default","ast-page-background-enabled":"default","ast-page-background-meta":{"desktop":{"background-color":"var(--ast-global-color-4)","background-image":"","background-repeat":"repeat","background-position":"center center","background-size":"auto","background-attachment":"scroll","background-type":"","background-media":"","overlay-type":"","overlay-color":"","overlay-gradient":""},"tablet":{"background-color":"","background-image":"","background-repeat":"repeat","background-position":"center center","background-size":"auto","background-attachment":"scroll","background-type":"","background-media":"","overlay-type":"","overlay-color":"","overlay-gradient":""},"mobile":{"background-color":"","background-image":"","background-repeat":"repeat","background-position":"center center","background-size":"auto","background-attachment":"scroll","background-type":"","background-media":"","overlay-type":"","overlay-color":"","overlay-gradient":""}},"ast-content-background-meta":{"desktop":{"background-color":"var(--ast-global-color-5)","background-image":"","background-repeat":"repeat","background-position":"center center","background-size":"auto","background-attachment":"scroll","background-type":"","background-media":"","overlay-type":"","overlay-color":"","overlay-gradient":""},"tablet":{"background-color":"var(--ast-global-color-5)","background-image":"","background-repeat":"repeat","background-position":"center center","background-size":"auto","background-attachment":"scroll","background-type":"","background-media":"","overlay-type":"","overlay-color":"","overlay-gradient":""},"mobile":{"background-color":"var(--ast-global-color-5)","background-image":"","background-repeat":"repeat","background-position":"center center","background-size":"auto","background-attachment":"scroll","background-type":"","background-media":"","overlay-type":"","overlay-color":"","overlay-gradient":""}},"footnotes":""},"categories":[18712,737],"tags":[54543,86704,99431,99432,13876,99430],"class_list":["post-38200","post","type-post","status-publish","format-standard","hentry","category-pompeu-fabra","category-teoria-economica","tag-amaia-iza-padilla","tag-daron-acemoglu","tag-fabrizio-zilibotti","tag-gilles-jacques-bruno-saint-paul","tag-jordi-caballe-vilella","tag-marion-jansen"],"_links":{"self":[{"href":"https:\/\/www.deberes.net\/tesis\/wp-json\/wp\/v2\/posts\/38200","targetHints":{"allow":["GET"]}}],"collection":[{"href":"https:\/\/www.deberes.net\/tesis\/wp-json\/wp\/v2\/posts"}],"about":[{"href":"https:\/\/www.deberes.net\/tesis\/wp-json\/wp\/v2\/types\/post"}],"author":[{"embeddable":true,"href":"https:\/\/www.deberes.net\/tesis\/wp-json\/wp\/v2\/users\/1"}],"replies":[{"embeddable":true,"href":"https:\/\/www.deberes.net\/tesis\/wp-json\/wp\/v2\/comments?post=38200"}],"version-history":[{"count":0,"href":"https:\/\/www.deberes.net\/tesis\/wp-json\/wp\/v2\/posts\/38200\/revisions"}],"wp:attachment":[{"href":"https:\/\/www.deberes.net\/tesis\/wp-json\/wp\/v2\/media?parent=38200"}],"wp:term":[{"taxonomy":"category","embeddable":true,"href":"https:\/\/www.deberes.net\/tesis\/wp-json\/wp\/v2\/categories?post=38200"},{"taxonomy":"post_tag","embeddable":true,"href":"https:\/\/www.deberes.net\/tesis\/wp-json\/wp\/v2\/tags?post=38200"}],"curies":[{"name":"wp","href":"https:\/\/api.w.org\/{rel}","templated":true}]}}