{"id":38204,"date":"1998-04-06T00:00:00","date_gmt":"1998-04-06T00:00:00","guid":{"rendered":"https:\/\/www.deberes.net\/tesis\/sin-categoria\/analisis-de-la-interaccion-educativa-en-el-aula-de-educacion-infantil-desde-la-perspectiva-sociohistorico-cultural\/"},"modified":"1998-04-06T00:00:00","modified_gmt":"1998-04-06T00:00:00","slug":"analisis-de-la-interaccion-educativa-en-el-aula-de-educacion-infantil-desde-la-perspectiva-sociohistorico-cultural","status":"publish","type":"post","link":"https:\/\/www.deberes.net\/tesis\/cordoba\/analisis-de-la-interaccion-educativa-en-el-aula-de-educacion-infantil-desde-la-perspectiva-sociohistorico-cultural\/","title":{"rendered":"An\u00e1lisis de la interacci\u00f3n educativa en el aula de educaci\u00f3n infantil desde la perspectiva sociohist\u00f3rico-cultural"},"content":{"rendered":"<h2>Tesis doctoral de <strong> Jos\u00e9 Luis Prieto Laina <\/strong><\/h2>\n<p>Desde el marco te\u00f3rico de la perspectiva sociohist\u00f3rico-cultural se estudia la din\u00e1mica de interacci\u00f3n entre las educadoras y los ni\u00f1os y las ni\u00f1as en un aula de dos a\u00f1os a trav\u00e9s de los conceptos clave de acci\u00f3n mediada, zona de desarrollo pr\u00f3ximo, andamiaje, intersubjetividad y discurso. el objeto principal de la investigaci\u00f3n consiste en el an\u00e1lisis del sistema de andamiaje y participaci\u00f3n guiada en los escenarios educativos de asamblea y actividad central y en los episodios correspondientes a pasar lista, canciones, cuentos, psicomotricidad y pl\u00e1stica. Para este prop\u00f3sito se utiliza una metodolog\u00eda observacional y una aproximaci\u00f3n etnogr\u00e1fica, combinando el an\u00e1lisis cualitativo y el cuantitativo entre los que destaca la utilizaci\u00f3n del an\u00e1lisis secuencial. La conclusi\u00f3n m\u00e1s significativa plantea que la acci\u00f3n educativa est\u00e1 mediada por los discursos educativos y soportada conjuntamente por los participantes a trav\u00e9s de sistemas espec\u00edficos de andamiaje y participaci\u00f3n guiada asociados al tipo de discurso.<\/p>\n<p>&nbsp;<\/p>\n<h3>Datos acad\u00e9micos de la tesis doctoral \u00ab<strong>An\u00e1lisis de la interacci\u00f3n educativa en el aula de educaci\u00f3n infantil desde la perspectiva sociohist\u00f3rico-cultural<\/strong>\u00ab<\/h3>\n<ul>\n<li><strong>T\u00edtulo de la tesis:<\/strong>\u00a0 An\u00e1lisis de la interacci\u00f3n educativa en el aula de educaci\u00f3n infantil desde la perspectiva sociohist\u00f3rico-cultural <\/li>\n<li><strong>Autor:<\/strong>\u00a0 Jos\u00e9 Luis Prieto Laina <\/li>\n<li><strong>Universidad:<\/strong>\u00a0 C\u00f3rdoba<\/li>\n<li><strong>Fecha de lectura de la tesis:<\/strong>\u00a0 04\/06\/1998<\/li>\n<\/ul>\n<p>&nbsp;<\/p>\n<h3>Direcci\u00f3n y tribunal<\/h3>\n<ul>\n<li><strong>Director de la tesis<\/strong>\n<ul>\n<li>Pilar Lacasa Diaz<\/li>\n<\/ul>\n<\/li>\n<li><strong>Tribunal<\/strong>\n<ul>\n<li>Presidente del tribunal: anna Freixas farre <\/li>\n<li>pilar Herranz ibarra (vocal)<\/li>\n<li>Antonio Maldonado rico (vocal)<\/li>\n<li>eduardo Martin  sala (vocal)<\/li>\n<\/ul>\n<\/li>\n<\/ul>\n<p>&nbsp;<\/p>\n","protected":false},"excerpt":{"rendered":"<p>Tesis doctoral de Jos\u00e9 Luis Prieto Laina Desde el marco te\u00f3rico de la perspectiva sociohist\u00f3rico-cultural se estudia la din\u00e1mica de [&hellip;]<\/p>\n","protected":false},"author":1,"featured_media":0,"comment_status":"open","ping_status":"open","sticky":false,"template":"","format":"standard","meta":{"site-sidebar-layout":"default","site-content-layout":"","ast-site-content-layout":"","site-content-style":"default","site-sidebar-style":"default","ast-global-header-display":"","ast-banner-title-visibility":"","ast-main-header-display":"","ast-hfb-above-header-display":"","ast-hfb-below-header-display":"","ast-hfb-mobile-header-display":"","site-post-title":"","ast-breadcrumbs-content":"","ast-featured-img":"","footer-sml-layout":"","theme-transparent-header-meta":"","adv-header-id-meta":"","stick-header-meta":"","header-above-stick-meta":"","header-main-stick-meta":"","header-below-stick-meta":"","astra-migrate-meta-layouts":"default","ast-page-background-enabled":"default","ast-page-background-meta":{"desktop":{"background-color":"var(--ast-global-color-4)","background-image":"","background-repeat":"repeat","background-position":"center center","background-size":"auto","background-attachment":"scroll","background-type":"","background-media":"","overlay-type":"","overlay-color":"","overlay-gradient":""},"tablet":{"background-color":"","background-image":"","background-repeat":"repeat","background-position":"center center","background-size":"auto","background-attachment":"scroll","background-type":"","background-media":"","overlay-type":"","overlay-color":"","overlay-gradient":""},"mobile":{"background-color":"","background-image":"","background-repeat":"repeat","background-position":"center center","background-size":"auto","background-attachment":"scroll","background-type":"","background-media":"","overlay-type":"","overlay-color":"","overlay-gradient":""}},"ast-content-background-meta":{"desktop":{"background-color":"var(--ast-global-color-5)","background-image":"","background-repeat":"repeat","background-position":"center center","background-size":"auto","background-attachment":"scroll","background-type":"","background-media":"","overlay-type":"","overlay-color":"","overlay-gradient":""},"tablet":{"background-color":"var(--ast-global-color-5)","background-image":"","background-repeat":"repeat","background-position":"center center","background-size":"auto","background-attachment":"scroll","background-type":"","background-media":"","overlay-type":"","overlay-color":"","overlay-gradient":""},"mobile":{"background-color":"var(--ast-global-color-5)","background-image":"","background-repeat":"repeat","background-position":"center center","background-size":"auto","background-attachment":"scroll","background-type":"","background-media":"","overlay-type":"","overlay-color":"","overlay-gradient":""}},"footnotes":""},"categories":[973,1141,1341,11958],"tags":[52494,26153,99439,99437,99438,25988],"class_list":["post-38204","post","type-post","status-publish","format-standard","hentry","category-cordoba","category-pedagogia","category-teoria-y-metodos-educativos","category-teorias-educativas","tag-anna-freixas-farre","tag-antonio-maldonado-rico","tag-eduardo-martin-sala","tag-jose-luis-prieto-laina","tag-pilar-herranz-ibarra","tag-pilar-lacasa-diaz"],"_links":{"self":[{"href":"https:\/\/www.deberes.net\/tesis\/wp-json\/wp\/v2\/posts\/38204","targetHints":{"allow":["GET"]}}],"collection":[{"href":"https:\/\/www.deberes.net\/tesis\/wp-json\/wp\/v2\/posts"}],"about":[{"href":"https:\/\/www.deberes.net\/tesis\/wp-json\/wp\/v2\/types\/post"}],"author":[{"embeddable":true,"href":"https:\/\/www.deberes.net\/tesis\/wp-json\/wp\/v2\/users\/1"}],"replies":[{"embeddable":true,"href":"https:\/\/www.deberes.net\/tesis\/wp-json\/wp\/v2\/comments?post=38204"}],"version-history":[{"count":0,"href":"https:\/\/www.deberes.net\/tesis\/wp-json\/wp\/v2\/posts\/38204\/revisions"}],"wp:attachment":[{"href":"https:\/\/www.deberes.net\/tesis\/wp-json\/wp\/v2\/media?parent=38204"}],"wp:term":[{"taxonomy":"category","embeddable":true,"href":"https:\/\/www.deberes.net\/tesis\/wp-json\/wp\/v2\/categories?post=38204"},{"taxonomy":"post_tag","embeddable":true,"href":"https:\/\/www.deberes.net\/tesis\/wp-json\/wp\/v2\/tags?post=38204"}],"curies":[{"name":"wp","href":"https:\/\/api.w.org\/{rel}","templated":true}]}}