{"id":38228,"date":"1998-09-06T00:00:00","date_gmt":"1998-09-06T00:00:00","guid":{"rendered":"https:\/\/www.deberes.net\/tesis\/sin-categoria\/el-pensament-de-raimon-panikkar-una-filosofia-de-la-interdependencia\/"},"modified":"1998-09-06T00:00:00","modified_gmt":"1998-09-06T00:00:00","slug":"el-pensament-de-raimon-panikkar-una-filosofia-de-la-interdependencia","status":"publish","type":"post","link":"https:\/\/www.deberes.net\/tesis\/filosofia\/el-pensament-de-raimon-panikkar-una-filosofia-de-la-interdependencia\/","title":{"rendered":"El pensament de raimon panikkar. una filosofia de la interdependencia."},"content":{"rendered":"<h2>Tesis doctoral de <strong> Jordi Pigem Perez <\/strong><\/h2>\n<p>Se busca el n\u00facleo a partir del cual surge el conjunto del pensamiento filos\u00f3fico de raimon panikkar (barcelona, 1918), autor de una ingente obra en seis idiomas, a partir de cuatro tradiciones culturales y con un enfoque radicalmente interdisciplinario. Dicho n\u00facleo se revela en una noci\u00f3n que no se deja clasificar un\u00edvocamente, y a la que designo con dos conceptos que expresan diferentes \u00e1ngulos de ella: interdependencia (nada hay que pueda concebirse aislado del resto de la realidad) y no-dualidad (superaci\u00f3n de los dualismos sujeto-objeto, teor\u00eda -praxis, yo-mundo, etc.). Distintos aspectos de este n\u00facleo aparecen en otras nociones empleadas por panikkar: \u00abontonom\u00eda\u00bb, relatividad radical, trinidad radical, intuici\u00f3n cosmote\u00e1ndrica, advaita y pluralismo radical, cada una de las cuales es analizada detalladamente. Se consideran, adem\u00e1s, nociones afines en los textos de nietzsche y nagarjuna (india, s. Ii\/iii); y a partir de la posici\u00f3n obtenida con el estudio de dichos autores se clarifican diversos aspectos del pensamiento de panikkar.<\/p>\n<p>&nbsp;<\/p>\n<h3>Datos acad\u00e9micos de la tesis doctoral \u00ab<strong>El pensament de raimon panikkar. una filosofia de la interdependencia.<\/strong>\u00ab<\/h3>\n<ul>\n<li><strong>T\u00edtulo de la tesis:<\/strong>\u00a0 El pensament de raimon panikkar. una filosofia de la interdependencia. <\/li>\n<li><strong>Autor:<\/strong>\u00a0 Jordi Pigem Perez <\/li>\n<li><strong>Universidad:<\/strong>\u00a0 Barcelona<\/li>\n<li><strong>Fecha de lectura de la tesis:<\/strong>\u00a0 09\/06\/1998<\/li>\n<\/ul>\n<p>&nbsp;<\/p>\n<h3>Direcci\u00f3n y tribunal<\/h3>\n<ul>\n<li><strong>Director de la tesis<\/strong>\n<ul>\n<li>Amador Vega Esquerra<\/li>\n<\/ul>\n<\/li>\n<li><strong>Tribunal<\/strong>\n<ul>\n<li>Presidente del tribunal: Miguel Morey farr\u00e9 <\/li>\n<li>ignasi Boada sanmart\u00edn (vocal)<\/li>\n<li>francesc Torradeflot freixes (vocal)<\/li>\n<li>francesc Torralba rosell\u00f3 (vocal)<\/li>\n<\/ul>\n<\/li>\n<\/ul>\n<p>&nbsp;<\/p>\n","protected":false},"excerpt":{"rendered":"<p>Tesis doctoral de Jordi Pigem Perez Se busca el n\u00facleo a partir del cual surge el conjunto del pensamiento filos\u00f3fico [&hellip;]<\/p>\n","protected":false},"author":1,"featured_media":0,"comment_status":"open","ping_status":"open","sticky":false,"template":"","format":"standard","meta":{"site-sidebar-layout":"default","site-content-layout":"","ast-site-content-layout":"","site-content-style":"default","site-sidebar-style":"default","ast-global-header-display":"","ast-banner-title-visibility":"","ast-main-header-display":"","ast-hfb-above-header-display":"","ast-hfb-below-header-display":"","ast-hfb-mobile-header-display":"","site-post-title":"","ast-breadcrumbs-content":"","ast-featured-img":"","footer-sml-layout":"","theme-transparent-header-meta":"","adv-header-id-meta":"","stick-header-meta":"","header-above-stick-meta":"","header-main-stick-meta":"","header-below-stick-meta":"","astra-migrate-meta-layouts":"default","ast-page-background-enabled":"default","ast-page-background-meta":{"desktop":{"background-color":"var(--ast-global-color-4)","background-image":"","background-repeat":"repeat","background-position":"center center","background-size":"auto","background-attachment":"scroll","background-type":"","background-media":"","overlay-type":"","overlay-color":"","overlay-gradient":""},"tablet":{"background-color":"","background-image":"","background-repeat":"repeat","background-position":"center center","background-size":"auto","background-attachment":"scroll","background-type":"","background-media":"","overlay-type":"","overlay-color":"","overlay-gradient":""},"mobile":{"background-color":"","background-image":"","background-repeat":"repeat","background-position":"center center","background-size":"auto","background-attachment":"scroll","background-type":"","background-media":"","overlay-type":"","overlay-color":"","overlay-gradient":""}},"ast-content-background-meta":{"desktop":{"background-color":"var(--ast-global-color-5)","background-image":"","background-repeat":"repeat","background-position":"center center","background-size":"auto","background-attachment":"scroll","background-type":"","background-media":"","overlay-type":"","overlay-color":"","overlay-gradient":""},"tablet":{"background-color":"var(--ast-global-color-5)","background-image":"","background-repeat":"repeat","background-position":"center center","background-size":"auto","background-attachment":"scroll","background-type":"","background-media":"","overlay-type":"","overlay-color":"","overlay-gradient":""},"mobile":{"background-color":"var(--ast-global-color-5)","background-image":"","background-repeat":"repeat","background-position":"center center","background-size":"auto","background-attachment":"scroll","background-type":"","background-media":"","overlay-type":"","overlay-color":"","overlay-gradient":""}},"footnotes":""},"categories":[951,165,8535,990],"tags":[36447,99486,87549,99485,99484,8506],"class_list":["post-38228","post","type-post","status-publish","format-standard","hentry","category-barcelona","category-filosofia","category-filosofia-actual","category-sistemas-filosoficos","tag-amador-vega-esquerra","tag-francesc-torradeflot-freixes","tag-francesc-torralba-rosello","tag-ignasi-boada-sanmartin","tag-jordi-pigem-perez","tag-miguel-morey-farre"],"_links":{"self":[{"href":"https:\/\/www.deberes.net\/tesis\/wp-json\/wp\/v2\/posts\/38228","targetHints":{"allow":["GET"]}}],"collection":[{"href":"https:\/\/www.deberes.net\/tesis\/wp-json\/wp\/v2\/posts"}],"about":[{"href":"https:\/\/www.deberes.net\/tesis\/wp-json\/wp\/v2\/types\/post"}],"author":[{"embeddable":true,"href":"https:\/\/www.deberes.net\/tesis\/wp-json\/wp\/v2\/users\/1"}],"replies":[{"embeddable":true,"href":"https:\/\/www.deberes.net\/tesis\/wp-json\/wp\/v2\/comments?post=38228"}],"version-history":[{"count":0,"href":"https:\/\/www.deberes.net\/tesis\/wp-json\/wp\/v2\/posts\/38228\/revisions"}],"wp:attachment":[{"href":"https:\/\/www.deberes.net\/tesis\/wp-json\/wp\/v2\/media?parent=38228"}],"wp:term":[{"taxonomy":"category","embeddable":true,"href":"https:\/\/www.deberes.net\/tesis\/wp-json\/wp\/v2\/categories?post=38228"},{"taxonomy":"post_tag","embeddable":true,"href":"https:\/\/www.deberes.net\/tesis\/wp-json\/wp\/v2\/tags?post=38228"}],"curies":[{"name":"wp","href":"https:\/\/api.w.org\/{rel}","templated":true}]}}