{"id":38246,"date":"1998-12-06T00:00:00","date_gmt":"1998-12-06T00:00:00","guid":{"rendered":"https:\/\/www.deberes.net\/tesis\/sin-categoria\/la-extremadura-cristiana-1142-1350-poblamiento-poder-y-sociedad\/"},"modified":"1998-12-06T00:00:00","modified_gmt":"1998-12-06T00:00:00","slug":"la-extremadura-cristiana-1142-1350-poblamiento-poder-y-sociedad","status":"publish","type":"post","link":"https:\/\/www.deberes.net\/tesis\/historia\/la-extremadura-cristiana-1142-1350-poblamiento-poder-y-sociedad\/","title":{"rendered":"La extremadura cristiana (1142-1350). poblamiento, poder y sociedad."},"content":{"rendered":"<h2>Tesis doctoral de <strong> Juan  Luis De La Monta\u00f1a Conchi\u00f1a <\/strong><\/h2>\n<p>An\u00e1lisis de las estructuras hist\u00f3ricas de la actual extremadura entre los siglos xii y xiv. Se aborda el estudio de la ocupaci\u00f3n del espacio y de la estructura de poblamiento, de la economia agropecuaria de la transierra extreme\u00f1a y de los mecanismos de articulaci\u00f3n del poder y de la sociedad en los siglos xii-xiv.  se da una especial relevancia a la implantaci\u00f3n del sistema feudal en tierras de la actual extremadura a trav\u00e9s de los procesos poblacionales.<\/p>\n<p>&nbsp;<\/p>\n<h3>Datos acad\u00e9micos de la tesis doctoral \u00ab<strong>La extremadura cristiana (1142-1350). poblamiento, poder y sociedad.<\/strong>\u00ab<\/h3>\n<ul>\n<li><strong>T\u00edtulo de la tesis:<\/strong>\u00a0 La extremadura cristiana (1142-1350). poblamiento, poder y sociedad. <\/li>\n<li><strong>Autor:<\/strong>\u00a0 Juan  Luis De La Monta\u00f1a Conchi\u00f1a <\/li>\n<li><strong>Universidad:<\/strong>\u00a0 Extremadura<\/li>\n<li><strong>Fecha de lectura de la tesis:<\/strong>\u00a0 12\/06\/1998<\/li>\n<\/ul>\n<p>&nbsp;<\/p>\n<h3>Direcci\u00f3n y tribunal<\/h3>\n<ul>\n<li><strong>Director de la tesis<\/strong>\n<ul>\n<li>Juli\u00e1n Clemente Ramos<\/li>\n<\/ul>\n<\/li>\n<li><strong>Tribunal<\/strong>\n<ul>\n<li>Presidente del tribunal: bonifacio Palacios martin <\/li>\n<li>ricardo Izquierdo benito (vocal)<\/li>\n<li>Jos\u00e9 Luis Peralta y sosa (vocal)<\/li>\n<li>alfonso Franco silva (vocal)<\/li>\n<\/ul>\n<\/li>\n<\/ul>\n<p>&nbsp;<\/p>\n","protected":false},"excerpt":{"rendered":"<p>Tesis doctoral de Juan Luis De La Monta\u00f1a Conchi\u00f1a An\u00e1lisis de las estructuras hist\u00f3ricas de la actual extremadura entre los [&hellip;]<\/p>\n","protected":false},"author":1,"featured_media":0,"comment_status":"open","ping_status":"open","sticky":false,"template":"","format":"standard","meta":{"site-sidebar-layout":"default","site-content-layout":"","ast-site-content-layout":"","site-content-style":"default","site-sidebar-style":"default","ast-global-header-display":"","ast-banner-title-visibility":"","ast-main-header-display":"","ast-hfb-above-header-display":"","ast-hfb-below-header-display":"","ast-hfb-mobile-header-display":"","site-post-title":"","ast-breadcrumbs-content":"","ast-featured-img":"","footer-sml-layout":"","theme-transparent-header-meta":"","adv-header-id-meta":"","stick-header-meta":"","header-above-stick-meta":"","header-main-stick-meta":"","header-below-stick-meta":"","astra-migrate-meta-layouts":"default","ast-page-background-enabled":"default","ast-page-background-meta":{"desktop":{"background-color":"var(--ast-global-color-4)","background-image":"","background-repeat":"repeat","background-position":"center center","background-size":"auto","background-attachment":"scroll","background-type":"","background-media":"","overlay-type":"","overlay-color":"","overlay-gradient":""},"tablet":{"background-color":"","background-image":"","background-repeat":"repeat","background-position":"center center","background-size":"auto","background-attachment":"scroll","background-type":"","background-media":"","overlay-type":"","overlay-color":"","overlay-gradient":""},"mobile":{"background-color":"","background-image":"","background-repeat":"repeat","background-position":"center center","background-size":"auto","background-attachment":"scroll","background-type":"","background-media":"","overlay-type":"","overlay-color":"","overlay-gradient":""}},"ast-content-background-meta":{"desktop":{"background-color":"var(--ast-global-color-5)","background-image":"","background-repeat":"repeat","background-position":"center center","background-size":"auto","background-attachment":"scroll","background-type":"","background-media":"","overlay-type":"","overlay-color":"","overlay-gradient":""},"tablet":{"background-color":"var(--ast-global-color-5)","background-image":"","background-repeat":"repeat","background-position":"center center","background-size":"auto","background-attachment":"scroll","background-type":"","background-media":"","overlay-type":"","overlay-color":"","overlay-gradient":""},"mobile":{"background-color":"var(--ast-global-color-5)","background-image":"","background-repeat":"repeat","background-position":"center center","background-size":"auto","background-attachment":"scroll","background-type":"","background-media":"","overlay-type":"","overlay-color":"","overlay-gradient":""}},"footnotes":""},"categories":[949,104,119,220],"tags":[1749,92522,99516,99515,68330,30784],"class_list":["post-38246","post","type-post","status-publish","format-standard","hentry","category-extremadura","category-historia","category-historia-medieval","category-historia-por-epocas","tag-alfonso-franco-silva","tag-bonifacio-palacios-martin","tag-jose-luis-peralta-y-sosa","tag-juan-luis-de-la-montana-conchina","tag-julian-clemente-ramos","tag-ricardo-izquierdo-benito"],"_links":{"self":[{"href":"https:\/\/www.deberes.net\/tesis\/wp-json\/wp\/v2\/posts\/38246","targetHints":{"allow":["GET"]}}],"collection":[{"href":"https:\/\/www.deberes.net\/tesis\/wp-json\/wp\/v2\/posts"}],"about":[{"href":"https:\/\/www.deberes.net\/tesis\/wp-json\/wp\/v2\/types\/post"}],"author":[{"embeddable":true,"href":"https:\/\/www.deberes.net\/tesis\/wp-json\/wp\/v2\/users\/1"}],"replies":[{"embeddable":true,"href":"https:\/\/www.deberes.net\/tesis\/wp-json\/wp\/v2\/comments?post=38246"}],"version-history":[{"count":0,"href":"https:\/\/www.deberes.net\/tesis\/wp-json\/wp\/v2\/posts\/38246\/revisions"}],"wp:attachment":[{"href":"https:\/\/www.deberes.net\/tesis\/wp-json\/wp\/v2\/media?parent=38246"}],"wp:term":[{"taxonomy":"category","embeddable":true,"href":"https:\/\/www.deberes.net\/tesis\/wp-json\/wp\/v2\/categories?post=38246"},{"taxonomy":"post_tag","embeddable":true,"href":"https:\/\/www.deberes.net\/tesis\/wp-json\/wp\/v2\/tags?post=38246"}],"curies":[{"name":"wp","href":"https:\/\/api.w.org\/{rel}","templated":true}]}}